{"id":2254,"date":"2025-10-24T19:25:17","date_gmt":"2025-10-24T17:25:17","guid":{"rendered":"https:\/\/agora.xtec.cat\/escmus-santpedor\/?p=2254"},"modified":"2025-10-24T19:26:36","modified_gmt":"2025-10-24T17:26:36","slug":"aula-de-musica-per-nadons","status":"publish","type":"post","link":"https:\/\/agora.xtec.cat\/escmus-santpedor\/general\/aula-de-musica-per-nadons\/","title":{"rendered":"AULA DE M\u00daSICA PER NADONS"},"content":{"rendered":"<p>A les sessions de m\u00fasica per nadons caminants ens aproximem a la m\u00fasica i les seves qualitats a l&#8217;hora que gaudim plegats. La m\u00fasica ens ajuda a refor\u00e7ar el vincle entre els membres de la fam\u00edlia mentre els nadons s&#8217;impregnen d&#8217;aquesta. Ens divertim, ens emocionem i aprenem tots junts!<\/p>\n\n\t\t<style type=\"text\/css\">\n\t\t\t#gallery-1 {\n\t\t\t\tmargin: auto;\n\t\t\t}\n\t\t\t#gallery-1 .gallery-item {\n\t\t\t\tfloat: left;\n\t\t\t\tmargin-top: 10px;\n\t\t\t\ttext-align: center;\n\t\t\t\twidth: 50%;\n\t\t\t}\n\t\t\t#gallery-1 img {\n\t\t\t\tborder: 2px solid #cfcfcf;\n\t\t\t}\n\t\t\t#gallery-1 .gallery-caption {\n\t\t\t\tmargin-left: 0;\n\t\t\t}\n\t\t\t\/* see gallery_shortcode() in wp-includes\/media.php *\/\n\t\t<\/style>\n\t\t<div id='gallery-1' class='gallery galleryid-2254 gallery-columns-2 gallery-size-medium'><dl class='gallery-item'>\n\t\t\t<dt class='gallery-icon landscape'>\n\t\t\t\t<a href='https:\/\/agora.xtec.cat\/escmus-santpedor\/general\/aula-de-musica-per-nadons\/attachment\/img-20251022-wa0003\/'><img loading=\"lazy\" decoding=\"async\" width=\"300\" height=\"300\" src=\"https:\/\/agora.xtec.cat\/escmus-santpedor\/wp-content\/uploads\/usu569\/2025\/10\/IMG-20251022-WA0003-300x300.jpg\" class=\"attachment-medium size-medium\" alt=\"\" srcset=\"https:\/\/agora.xtec.cat\/escmus-santpedor\/wp-content\/uploads\/usu569\/2025\/10\/IMG-20251022-WA0003-300x300.jpg 300w, https:\/\/agora.xtec.cat\/escmus-santpedor\/wp-content\/uploads\/usu569\/2025\/10\/IMG-20251022-WA0003-1024x1024.jpg 1024w, https:\/\/agora.xtec.cat\/escmus-santpedor\/wp-content\/uploads\/usu569\/2025\/10\/IMG-20251022-WA0003-150x150.jpg 150w, https:\/\/agora.xtec.cat\/escmus-santpedor\/wp-content\/uploads\/usu569\/2025\/10\/IMG-20251022-WA0003-768x768.jpg 768w, https:\/\/agora.xtec.cat\/escmus-santpedor\/wp-content\/uploads\/usu569\/2025\/10\/IMG-20251022-WA0003.jpg 1080w\" sizes=\"auto, (max-width: 300px) 100vw, 300px\" \/><\/a>\n\t\t\t<\/dt><\/dl><dl class='gallery-item'>\n\t\t\t<dt class='gallery-icon landscape'>\n\t\t\t\t<a href='https:\/\/agora.xtec.cat\/escmus-santpedor\/general\/aula-de-musica-per-nadons\/attachment\/img-20251022-wa0002\/'><img loading=\"lazy\" decoding=\"async\" width=\"300\" height=\"300\" src=\"https:\/\/agora.xtec.cat\/escmus-santpedor\/wp-content\/uploads\/usu569\/2025\/10\/IMG-20251022-WA0002-300x300.jpg\" class=\"attachment-medium size-medium\" alt=\"\" srcset=\"https:\/\/agora.xtec.cat\/escmus-santpedor\/wp-content\/uploads\/usu569\/2025\/10\/IMG-20251022-WA0002-300x300.jpg 300w, https:\/\/agora.xtec.cat\/escmus-santpedor\/wp-content\/uploads\/usu569\/2025\/10\/IMG-20251022-WA0002-1024x1024.jpg 1024w, https:\/\/agora.xtec.cat\/escmus-santpedor\/wp-content\/uploads\/usu569\/2025\/10\/IMG-20251022-WA0002-150x150.jpg 150w, https:\/\/agora.xtec.cat\/escmus-santpedor\/wp-content\/uploads\/usu569\/2025\/10\/IMG-20251022-WA0002-768x768.jpg 768w, https:\/\/agora.xtec.cat\/escmus-santpedor\/wp-content\/uploads\/usu569\/2025\/10\/IMG-20251022-WA0002.jpg 1080w\" sizes=\"auto, (max-width: 300px) 100vw, 300px\" \/><\/a>\n\t\t\t<\/dt><\/dl><br style=\"clear: both\" \/>\n\t\t<\/div>\n\n","protected":false},"excerpt":{"rendered":"<p>A les sessions de m\u00fasica per nadons caminants ens aproximem a la m\u00fasica i les seves qualitats a l&#8217;hora que gaudim plegats. La m\u00fasica ens ajuda a refor\u00e7ar el vincle entre els membres de la fam\u00edlia mentre els nadons s&#8217;impregnen d&#8217;aquesta. Ens divertim, ens emocionem&hellip;  <a href=\"https:\/\/agora.xtec.cat\/escmus-santpedor\/general\/aula-de-musica-per-nadons\/\" title=\"Read AULA DE M\u00daSICA PER NADONS\">Llegeix m\u00e9s\u00bb<\/a><\/p>\n","protected":false},"author":1,"featured_media":0,"comment_status":"open","ping_status":"open","sticky":false,"template":"","format":"standard","meta":{"_bbp_topic_count":0,"_bbp_reply_count":0,"_bbp_total_topic_count":0,"_bbp_total_reply_count":0,"_bbp_voice_count":0,"_bbp_anonymous_reply_count":0,"_bbp_topic_count_hidden":0,"_bbp_reply_count_hidden":0,"_bbp_forum_subforum_count":0,"footnotes":""},"categories":[1,91,4],"tags":[],"class_list":["post-2254","post","type-post","status-publish","format-standard","hentry","category-general","category-nadons","category-portada"],"post_mailing_queue_ids":[],"_links":{"self":[{"href":"https:\/\/agora.xtec.cat\/escmus-santpedor\/wp-json\/wp\/v2\/posts\/2254","targetHints":{"allow":["GET"]}}],"collection":[{"href":"https:\/\/agora.xtec.cat\/escmus-santpedor\/wp-json\/wp\/v2\/posts"}],"about":[{"href":"https:\/\/agora.xtec.cat\/escmus-santpedor\/wp-json\/wp\/v2\/types\/post"}],"author":[{"embeddable":true,"href":"https:\/\/agora.xtec.cat\/escmus-santpedor\/wp-json\/wp\/v2\/users\/1"}],"replies":[{"embeddable":true,"href":"https:\/\/agora.xtec.cat\/escmus-santpedor\/wp-json\/wp\/v2\/comments?post=2254"}],"version-history":[{"count":2,"href":"https:\/\/agora.xtec.cat\/escmus-santpedor\/wp-json\/wp\/v2\/posts\/2254\/revisions"}],"predecessor-version":[{"id":2258,"href":"https:\/\/agora.xtec.cat\/escmus-santpedor\/wp-json\/wp\/v2\/posts\/2254\/revisions\/2258"}],"wp:attachment":[{"href":"https:\/\/agora.xtec.cat\/escmus-santpedor\/wp-json\/wp\/v2\/media?parent=2254"}],"wp:term":[{"taxonomy":"category","embeddable":true,"href":"https:\/\/agora.xtec.cat\/escmus-santpedor\/wp-json\/wp\/v2\/categories?post=2254"},{"taxonomy":"post_tag","embeddable":true,"href":"https:\/\/agora.xtec.cat\/escmus-santpedor\/wp-json\/wp\/v2\/tags?post=2254"}],"curies":[{"name":"wp","href":"https:\/\/api.w.org\/{rel}","templated":true}]}}