{"id":1957,"date":"2024-04-23T19:34:10","date_gmt":"2024-04-23T17:34:10","guid":{"rendered":"https:\/\/agora.xtec.cat\/escmus-santpedor\/?p=1957"},"modified":"2024-04-23T19:34:10","modified_gmt":"2024-04-23T17:34:10","slug":"concert-residencia-sant-francesc","status":"publish","type":"post","link":"https:\/\/agora.xtec.cat\/escmus-santpedor\/general\/concert-residencia-sant-francesc\/","title":{"rendered":"CONCERT RESID\u00c8NCIA SANT FRANCESC"},"content":{"rendered":"<p>Aquest dilluns vam anar a la Resid\u00e8ncia de Sant Francesc a oferir una estona de m\u00fasica. Gr\u00e0cies per l&#8217;acollida!<\/p>\n\n\t\t<style type=\"text\/css\">\n\t\t\t#gallery-1 {\n\t\t\t\tmargin: auto;\n\t\t\t}\n\t\t\t#gallery-1 .gallery-item {\n\t\t\t\tfloat: left;\n\t\t\t\tmargin-top: 10px;\n\t\t\t\ttext-align: center;\n\t\t\t\twidth: 33%;\n\t\t\t}\n\t\t\t#gallery-1 img {\n\t\t\t\tborder: 2px solid #cfcfcf;\n\t\t\t}\n\t\t\t#gallery-1 .gallery-caption {\n\t\t\t\tmargin-left: 0;\n\t\t\t}\n\t\t\t\/* see gallery_shortcode() in wp-includes\/media.php *\/\n\t\t<\/style>\n\t\t<div id='gallery-1' class='gallery galleryid-1957 gallery-columns-3 gallery-size-medium'><dl class='gallery-item'>\n\t\t\t<dt class='gallery-icon landscape'>\n\t\t\t\t<a href='https:\/\/agora.xtec.cat\/escmus-santpedor\/general\/concert-residencia-sant-francesc\/attachment\/20240422_115804\/'><img loading=\"lazy\" decoding=\"async\" width=\"300\" height=\"225\" src=\"https:\/\/agora.xtec.cat\/escmus-santpedor\/wp-content\/uploads\/usu569\/2024\/04\/20240422_115804-300x225.jpg\" class=\"attachment-medium size-medium\" alt=\"\" srcset=\"https:\/\/agora.xtec.cat\/escmus-santpedor\/wp-content\/uploads\/usu569\/2024\/04\/20240422_115804-300x225.jpg 300w, https:\/\/agora.xtec.cat\/escmus-santpedor\/wp-content\/uploads\/usu569\/2024\/04\/20240422_115804-1024x768.jpg 1024w, https:\/\/agora.xtec.cat\/escmus-santpedor\/wp-content\/uploads\/usu569\/2024\/04\/20240422_115804-768x576.jpg 768w, https:\/\/agora.xtec.cat\/escmus-santpedor\/wp-content\/uploads\/usu569\/2024\/04\/20240422_115804-1536x1152.jpg 1536w, https:\/\/agora.xtec.cat\/escmus-santpedor\/wp-content\/uploads\/usu569\/2024\/04\/20240422_115804-2048x1536.jpg 2048w, https:\/\/agora.xtec.cat\/escmus-santpedor\/wp-content\/uploads\/usu569\/2024\/04\/20240422_115804-200x150.jpg 200w\" sizes=\"auto, (max-width: 300px) 100vw, 300px\" \/><\/a>\n\t\t\t<\/dt><\/dl><dl class='gallery-item'>\n\t\t\t<dt class='gallery-icon portrait'>\n\t\t\t\t<a href='https:\/\/agora.xtec.cat\/escmus-santpedor\/general\/concert-residencia-sant-francesc\/attachment\/20240422_110639\/'><img loading=\"lazy\" decoding=\"async\" width=\"225\" height=\"300\" src=\"https:\/\/agora.xtec.cat\/escmus-santpedor\/wp-content\/uploads\/usu569\/2024\/04\/20240422_110639-225x300.jpg\" class=\"attachment-medium size-medium\" alt=\"\" srcset=\"https:\/\/agora.xtec.cat\/escmus-santpedor\/wp-content\/uploads\/usu569\/2024\/04\/20240422_110639-225x300.jpg 225w, https:\/\/agora.xtec.cat\/escmus-santpedor\/wp-content\/uploads\/usu569\/2024\/04\/20240422_110639-768x1024.jpg 768w, https:\/\/agora.xtec.cat\/escmus-santpedor\/wp-content\/uploads\/usu569\/2024\/04\/20240422_110639-1152x1536.jpg 1152w, https:\/\/agora.xtec.cat\/escmus-santpedor\/wp-content\/uploads\/usu569\/2024\/04\/20240422_110639-1536x2048.jpg 1536w, https:\/\/agora.xtec.cat\/escmus-santpedor\/wp-content\/uploads\/usu569\/2024\/04\/20240422_110639-scaled.jpg 1920w\" sizes=\"auto, (max-width: 225px) 100vw, 225px\" \/><\/a>\n\t\t\t<\/dt><\/dl><dl class='gallery-item'>\n\t\t\t<dt class='gallery-icon portrait'>\n\t\t\t\t<a href='https:\/\/agora.xtec.cat\/escmus-santpedor\/general\/concert-residencia-sant-francesc\/attachment\/20240422_111131\/'><img loading=\"lazy\" decoding=\"async\" width=\"225\" height=\"300\" src=\"https:\/\/agora.xtec.cat\/escmus-santpedor\/wp-content\/uploads\/usu569\/2024\/04\/20240422_111131-225x300.jpg\" class=\"attachment-medium size-medium\" alt=\"\" srcset=\"https:\/\/agora.xtec.cat\/escmus-santpedor\/wp-content\/uploads\/usu569\/2024\/04\/20240422_111131-225x300.jpg 225w, https:\/\/agora.xtec.cat\/escmus-santpedor\/wp-content\/uploads\/usu569\/2024\/04\/20240422_111131-768x1024.jpg 768w, https:\/\/agora.xtec.cat\/escmus-santpedor\/wp-content\/uploads\/usu569\/2024\/04\/20240422_111131-1152x1536.jpg 1152w, https:\/\/agora.xtec.cat\/escmus-santpedor\/wp-content\/uploads\/usu569\/2024\/04\/20240422_111131-1536x2048.jpg 1536w, https:\/\/agora.xtec.cat\/escmus-santpedor\/wp-content\/uploads\/usu569\/2024\/04\/20240422_111131-scaled.jpg 1920w\" sizes=\"auto, (max-width: 225px) 100vw, 225px\" \/><\/a>\n\t\t\t<\/dt><\/dl><br style=\"clear: both\" \/><dl class='gallery-item'>\n\t\t\t<dt class='gallery-icon portrait'>\n\t\t\t\t<a href='https:\/\/agora.xtec.cat\/escmus-santpedor\/general\/concert-residencia-sant-francesc\/attachment\/20240422_111650\/'><img loading=\"lazy\" decoding=\"async\" width=\"225\" height=\"300\" src=\"https:\/\/agora.xtec.cat\/escmus-santpedor\/wp-content\/uploads\/usu569\/2024\/04\/20240422_111650-225x300.jpg\" class=\"attachment-medium size-medium\" alt=\"\" srcset=\"https:\/\/agora.xtec.cat\/escmus-santpedor\/wp-content\/uploads\/usu569\/2024\/04\/20240422_111650-225x300.jpg 225w, https:\/\/agora.xtec.cat\/escmus-santpedor\/wp-content\/uploads\/usu569\/2024\/04\/20240422_111650-768x1024.jpg 768w, https:\/\/agora.xtec.cat\/escmus-santpedor\/wp-content\/uploads\/usu569\/2024\/04\/20240422_111650-1152x1536.jpg 1152w, https:\/\/agora.xtec.cat\/escmus-santpedor\/wp-content\/uploads\/usu569\/2024\/04\/20240422_111650-1536x2048.jpg 1536w, https:\/\/agora.xtec.cat\/escmus-santpedor\/wp-content\/uploads\/usu569\/2024\/04\/20240422_111650-scaled.jpg 1920w\" sizes=\"auto, (max-width: 225px) 100vw, 225px\" \/><\/a>\n\t\t\t<\/dt><\/dl><dl class='gallery-item'>\n\t\t\t<dt class='gallery-icon portrait'>\n\t\t\t\t<a href='https:\/\/agora.xtec.cat\/escmus-santpedor\/general\/concert-residencia-sant-francesc\/attachment\/20240422_111752\/'><img loading=\"lazy\" decoding=\"async\" width=\"225\" height=\"300\" src=\"https:\/\/agora.xtec.cat\/escmus-santpedor\/wp-content\/uploads\/usu569\/2024\/04\/20240422_111752-225x300.jpg\" class=\"attachment-medium size-medium\" alt=\"\" srcset=\"https:\/\/agora.xtec.cat\/escmus-santpedor\/wp-content\/uploads\/usu569\/2024\/04\/20240422_111752-225x300.jpg 225w, https:\/\/agora.xtec.cat\/escmus-santpedor\/wp-content\/uploads\/usu569\/2024\/04\/20240422_111752-768x1024.jpg 768w, https:\/\/agora.xtec.cat\/escmus-santpedor\/wp-content\/uploads\/usu569\/2024\/04\/20240422_111752-1152x1536.jpg 1152w, https:\/\/agora.xtec.cat\/escmus-santpedor\/wp-content\/uploads\/usu569\/2024\/04\/20240422_111752-1536x2048.jpg 1536w, https:\/\/agora.xtec.cat\/escmus-santpedor\/wp-content\/uploads\/usu569\/2024\/04\/20240422_111752-scaled.jpg 1920w\" sizes=\"auto, (max-width: 225px) 100vw, 225px\" \/><\/a>\n\t\t\t<\/dt><\/dl><dl class='gallery-item'>\n\t\t\t<dt class='gallery-icon landscape'>\n\t\t\t\t<a href='https:\/\/agora.xtec.cat\/escmus-santpedor\/general\/concert-residencia-sant-francesc\/attachment\/20240422_113511\/'><img loading=\"lazy\" decoding=\"async\" width=\"300\" height=\"225\" src=\"https:\/\/agora.xtec.cat\/escmus-santpedor\/wp-content\/uploads\/usu569\/2024\/04\/20240422_113511-300x225.jpg\" class=\"attachment-medium size-medium\" alt=\"\" srcset=\"https:\/\/agora.xtec.cat\/escmus-santpedor\/wp-content\/uploads\/usu569\/2024\/04\/20240422_113511-300x225.jpg 300w, https:\/\/agora.xtec.cat\/escmus-santpedor\/wp-content\/uploads\/usu569\/2024\/04\/20240422_113511-1024x768.jpg 1024w, https:\/\/agora.xtec.cat\/escmus-santpedor\/wp-content\/uploads\/usu569\/2024\/04\/20240422_113511-768x576.jpg 768w, https:\/\/agora.xtec.cat\/escmus-santpedor\/wp-content\/uploads\/usu569\/2024\/04\/20240422_113511-1536x1152.jpg 1536w, https:\/\/agora.xtec.cat\/escmus-santpedor\/wp-content\/uploads\/usu569\/2024\/04\/20240422_113511-2048x1536.jpg 2048w, https:\/\/agora.xtec.cat\/escmus-santpedor\/wp-content\/uploads\/usu569\/2024\/04\/20240422_113511-200x150.jpg 200w\" sizes=\"auto, (max-width: 300px) 100vw, 300px\" \/><\/a>\n\t\t\t<\/dt><\/dl><br style=\"clear: both\" \/><dl class='gallery-item'>\n\t\t\t<dt class='gallery-icon landscape'>\n\t\t\t\t<a href='https:\/\/agora.xtec.cat\/escmus-santpedor\/general\/concert-residencia-sant-francesc\/attachment\/20240422_112816\/'><img loading=\"lazy\" decoding=\"async\" width=\"300\" height=\"225\" src=\"https:\/\/agora.xtec.cat\/escmus-santpedor\/wp-content\/uploads\/usu569\/2024\/04\/20240422_112816-300x225.jpg\" class=\"attachment-medium size-medium\" alt=\"\" srcset=\"https:\/\/agora.xtec.cat\/escmus-santpedor\/wp-content\/uploads\/usu569\/2024\/04\/20240422_112816-300x225.jpg 300w, https:\/\/agora.xtec.cat\/escmus-santpedor\/wp-content\/uploads\/usu569\/2024\/04\/20240422_112816-1024x768.jpg 1024w, https:\/\/agora.xtec.cat\/escmus-santpedor\/wp-content\/uploads\/usu569\/2024\/04\/20240422_112816-768x576.jpg 768w, https:\/\/agora.xtec.cat\/escmus-santpedor\/wp-content\/uploads\/usu569\/2024\/04\/20240422_112816-1536x1152.jpg 1536w, https:\/\/agora.xtec.cat\/escmus-santpedor\/wp-content\/uploads\/usu569\/2024\/04\/20240422_112816-2048x1536.jpg 2048w, https:\/\/agora.xtec.cat\/escmus-santpedor\/wp-content\/uploads\/usu569\/2024\/04\/20240422_112816-200x150.jpg 200w\" sizes=\"auto, (max-width: 300px) 100vw, 300px\" \/><\/a>\n\t\t\t<\/dt><\/dl><dl class='gallery-item'>\n\t\t\t<dt class='gallery-icon landscape'>\n\t\t\t\t<a href='https:\/\/agora.xtec.cat\/escmus-santpedor\/general\/concert-residencia-sant-francesc\/attachment\/20240422_112259\/'><img loading=\"lazy\" decoding=\"async\" width=\"300\" height=\"225\" src=\"https:\/\/agora.xtec.cat\/escmus-santpedor\/wp-content\/uploads\/usu569\/2024\/04\/20240422_112259-300x225.jpg\" class=\"attachment-medium size-medium\" alt=\"\" srcset=\"https:\/\/agora.xtec.cat\/escmus-santpedor\/wp-content\/uploads\/usu569\/2024\/04\/20240422_112259-300x225.jpg 300w, https:\/\/agora.xtec.cat\/escmus-santpedor\/wp-content\/uploads\/usu569\/2024\/04\/20240422_112259-1024x768.jpg 1024w, https:\/\/agora.xtec.cat\/escmus-santpedor\/wp-content\/uploads\/usu569\/2024\/04\/20240422_112259-768x576.jpg 768w, https:\/\/agora.xtec.cat\/escmus-santpedor\/wp-content\/uploads\/usu569\/2024\/04\/20240422_112259-1536x1152.jpg 1536w, https:\/\/agora.xtec.cat\/escmus-santpedor\/wp-content\/uploads\/usu569\/2024\/04\/20240422_112259-2048x1536.jpg 2048w, https:\/\/agora.xtec.cat\/escmus-santpedor\/wp-content\/uploads\/usu569\/2024\/04\/20240422_112259-200x150.jpg 200w\" sizes=\"auto, (max-width: 300px) 100vw, 300px\" \/><\/a>\n\t\t\t<\/dt><\/dl>\n\t\t\t<br style='clear: both' \/>\n\t\t<\/div>\n\n","protected":false},"excerpt":{"rendered":"<p>Aquest dilluns vam anar a la Resid\u00e8ncia de Sant Francesc a oferir una estona de m\u00fasica. Gr\u00e0cies per l&#8217;acollida!<\/p>\n<p>\t\t\t#gallery-2 {<br \/>\n\t\t\t\tmargin: auto;<br \/>\n\t\t\t}<br \/>\n\t\t\t#gallery-2 .gallery-item {<br \/>\n\t\t\t\tfloat: left;<br \/>\n\t\t\t\tmargin-top: 10px;<br \/>\n\t\t\t\ttext-align: center;<br \/>\n\t\t\t\twidth: 33%;<br \/>\n\t\t\t}<br \/>\n\t\t\t#gallery-2 img {<br \/>\n\t\t\t\tborder: 2px solid #cfcfcf;<br \/>\n\t\t\t}<br \/>\n\t\t\t#gallery-2 .gallery-caption {<br \/>\n\t\t\t\tmargin-left: 0;<br \/>\n\t\t\t}<br \/>\n\t\t\t\/* see gallery_shortcode() in wp-includes\/media.php *\/<\/p>\n<p>\t\t\t\t<a href='https:\/\/agora.xtec.cat\/escmus-santpedor\/general\/concert-residencia-sant-francesc\/attachment\/20240422_115804\/'><\/a><\/p>\n<p>\t\t\t\t<a href='https:\/\/agora.xtec.cat\/escmus-santpedor\/general\/concert-residencia-sant-francesc\/attachment\/20240422_110639\/'><\/a><\/p>\n<p>\t\t\t\t<a href='https:\/\/agora.xtec.cat\/escmus-santpedor\/general\/concert-residencia-sant-francesc\/attachment\/20240422_111131\/'><\/a><\/p>\n<p>\t\t\t\t<a href='https:\/\/agora.xtec.cat\/escmus-santpedor\/general\/concert-residencia-sant-francesc\/attachment\/20240422_111650\/'><\/a><\/p>\n<p>\t\t\t\t<a href='https:\/\/agora.xtec.cat\/escmus-santpedor\/general\/concert-residencia-sant-francesc\/attachment\/20240422_111752\/'><\/a><\/p>\n<p>\t\t\t\t<a&hellip;  <a href=\"https:\/\/agora.xtec.cat\/escmus-santpedor\/general\/concert-residencia-sant-francesc\/\" title=\"Read CONCERT RESID\u00c8NCIA SANT FRANCESC\">Llegeix m\u00e9s\u00bb<\/a><\/p>\n","protected":false},"author":1,"featured_media":0,"comment_status":"open","ping_status":"closed","sticky":false,"template":"","format":"standard","meta":{"_bbp_topic_count":0,"_bbp_reply_count":0,"_bbp_total_topic_count":0,"_bbp_total_reply_count":0,"_bbp_voice_count":0,"_bbp_anonymous_reply_count":0,"_bbp_topic_count_hidden":0,"_bbp_reply_count_hidden":0,"_bbp_forum_subforum_count":0,"footnotes":""},"categories":[1,33,25,4],"tags":[],"class_list":["post-1957","post","type-post","status-publish","format-standard","hentry","category-general","category-instruments","category-llenguatge-musical","category-portada"],"post_mailing_queue_ids":[],"_links":{"self":[{"href":"https:\/\/agora.xtec.cat\/escmus-santpedor\/wp-json\/wp\/v2\/posts\/1957","targetHints":{"allow":["GET"]}}],"collection":[{"href":"https:\/\/agora.xtec.cat\/escmus-santpedor\/wp-json\/wp\/v2\/posts"}],"about":[{"href":"https:\/\/agora.xtec.cat\/escmus-santpedor\/wp-json\/wp\/v2\/types\/post"}],"author":[{"embeddable":true,"href":"https:\/\/agora.xtec.cat\/escmus-santpedor\/wp-json\/wp\/v2\/users\/1"}],"replies":[{"embeddable":true,"href":"https:\/\/agora.xtec.cat\/escmus-santpedor\/wp-json\/wp\/v2\/comments?post=1957"}],"version-history":[{"count":1,"href":"https:\/\/agora.xtec.cat\/escmus-santpedor\/wp-json\/wp\/v2\/posts\/1957\/revisions"}],"predecessor-version":[{"id":1966,"href":"https:\/\/agora.xtec.cat\/escmus-santpedor\/wp-json\/wp\/v2\/posts\/1957\/revisions\/1966"}],"wp:attachment":[{"href":"https:\/\/agora.xtec.cat\/escmus-santpedor\/wp-json\/wp\/v2\/media?parent=1957"}],"wp:term":[{"taxonomy":"category","embeddable":true,"href":"https:\/\/agora.xtec.cat\/escmus-santpedor\/wp-json\/wp\/v2\/categories?post=1957"},{"taxonomy":"post_tag","embeddable":true,"href":"https:\/\/agora.xtec.cat\/escmus-santpedor\/wp-json\/wp\/v2\/tags?post=1957"}],"curies":[{"name":"wp","href":"https:\/\/api.w.org\/{rel}","templated":true}]}}