{"id":1877,"date":"2024-02-26T20:51:17","date_gmt":"2024-02-26T19:51:17","guid":{"rendered":"https:\/\/agora.xtec.cat\/escmus-santpedor\/?p=1877"},"modified":"2024-02-28T17:22:31","modified_gmt":"2024-02-28T16:22:31","slug":"sala-piano","status":"publish","type":"post","link":"https:\/\/agora.xtec.cat\/escmus-santpedor\/general\/sala-piano\/","title":{"rendered":"SALA PIANO"},"content":{"rendered":"<p>El diumenge 25 de febrer a la Masia La Garriga de Castelladral va tenir lloc el Sala Piano. Aquest acte aplega joves pianistes de les escoles de m\u00fasica de la Catalunya Central. Aquest any sota el t\u00edtol &#8220;M\u00fasica d&#8217;arrel&#8221; es volia dedicar a les m\u00fasiques tradicionals d&#8217;arreu. De la nostra escola hi va participar la J\u00falia tocant una can\u00e7\u00f3 irlandesa i la Martina i l&#8217;Alexia van interpretar un tango argent\u00ed a 4 mans. Felicitats noies!!<\/p>\n\n\t\t<style type=\"text\/css\">\n\t\t\t#gallery-1 {\n\t\t\t\tmargin: auto;\n\t\t\t}\n\t\t\t#gallery-1 .gallery-item {\n\t\t\t\tfloat: left;\n\t\t\t\tmargin-top: 10px;\n\t\t\t\ttext-align: center;\n\t\t\t\twidth: 33%;\n\t\t\t}\n\t\t\t#gallery-1 img {\n\t\t\t\tborder: 2px solid #cfcfcf;\n\t\t\t}\n\t\t\t#gallery-1 .gallery-caption {\n\t\t\t\tmargin-left: 0;\n\t\t\t}\n\t\t\t\/* see gallery_shortcode() in wp-includes\/media.php *\/\n\t\t<\/style>\n\t\t<div id='gallery-1' class='gallery galleryid-1877 gallery-columns-3 gallery-size-medium'><dl class='gallery-item'>\n\t\t\t<dt class='gallery-icon portrait'>\n\t\t\t\t<a href='https:\/\/agora.xtec.cat\/escmus-santpedor\/general\/sala-piano\/attachment\/img-20240222-wa0000\/'><img loading=\"lazy\" decoding=\"async\" width=\"121\" height=\"300\" src=\"https:\/\/agora.xtec.cat\/escmus-santpedor\/wp-content\/uploads\/usu569\/2024\/02\/IMG-20240222-WA0000-121x300.jpg\" class=\"attachment-medium size-medium\" alt=\"\" srcset=\"https:\/\/agora.xtec.cat\/escmus-santpedor\/wp-content\/uploads\/usu569\/2024\/02\/IMG-20240222-WA0000-121x300.jpg 121w, https:\/\/agora.xtec.cat\/escmus-santpedor\/wp-content\/uploads\/usu569\/2024\/02\/IMG-20240222-WA0000-414x1024.jpg 414w, https:\/\/agora.xtec.cat\/escmus-santpedor\/wp-content\/uploads\/usu569\/2024\/02\/IMG-20240222-WA0000.jpg 584w\" sizes=\"auto, (max-width: 121px) 100vw, 121px\" \/><\/a>\n\t\t\t<\/dt><\/dl><dl class='gallery-item'>\n\t\t\t<dt class='gallery-icon portrait'>\n\t\t\t\t<a href='https:\/\/agora.xtec.cat\/escmus-santpedor\/general\/sala-piano\/attachment\/dsc_6580\/'><img loading=\"lazy\" decoding=\"async\" width=\"200\" height=\"300\" src=\"https:\/\/agora.xtec.cat\/escmus-santpedor\/wp-content\/uploads\/usu569\/2024\/02\/DSC_6580-200x300.jpg\" class=\"attachment-medium size-medium\" alt=\"\" srcset=\"https:\/\/agora.xtec.cat\/escmus-santpedor\/wp-content\/uploads\/usu569\/2024\/02\/DSC_6580-200x300.jpg 200w, https:\/\/agora.xtec.cat\/escmus-santpedor\/wp-content\/uploads\/usu569\/2024\/02\/DSC_6580.jpg 461w\" sizes=\"auto, (max-width: 200px) 100vw, 200px\" \/><\/a>\n\t\t\t<\/dt><\/dl><dl class='gallery-item'>\n\t\t\t<dt class='gallery-icon landscape'>\n\t\t\t\t<a href='https:\/\/agora.xtec.cat\/escmus-santpedor\/general\/sala-piano\/attachment\/dsc_6659\/'><img loading=\"lazy\" decoding=\"async\" width=\"300\" height=\"200\" src=\"https:\/\/agora.xtec.cat\/escmus-santpedor\/wp-content\/uploads\/usu569\/2024\/02\/DSC_6659-300x200.jpg\" class=\"attachment-medium size-medium\" alt=\"\" srcset=\"https:\/\/agora.xtec.cat\/escmus-santpedor\/wp-content\/uploads\/usu569\/2024\/02\/DSC_6659-300x200.jpg 300w, https:\/\/agora.xtec.cat\/escmus-santpedor\/wp-content\/uploads\/usu569\/2024\/02\/DSC_6659-768x512.jpg 768w, https:\/\/agora.xtec.cat\/escmus-santpedor\/wp-content\/uploads\/usu569\/2024\/02\/DSC_6659.jpg 1011w\" sizes=\"auto, (max-width: 300px) 100vw, 300px\" \/><\/a>\n\t\t\t<\/dt><\/dl><br style=\"clear: both\" \/>\n\t\t<\/div>\n\n","protected":false},"excerpt":{"rendered":"<p>El diumenge 25 de febrer a la Masia La Garriga de Castelladral va tenir lloc el Sala Piano. Aquest acte aplega joves pianistes de les escoles de m\u00fasica de la Catalunya Central. Aquest any sota el t\u00edtol &#8220;M\u00fasica d&#8217;arrel&#8221; es volia dedicar a les m\u00fasiques&hellip;  <a href=\"https:\/\/agora.xtec.cat\/escmus-santpedor\/general\/sala-piano\/\" title=\"Read SALA PIANO\">Llegeix m\u00e9s\u00bb<\/a><\/p>\n","protected":false},"author":1,"featured_media":0,"comment_status":"open","ping_status":"closed","sticky":false,"template":"","format":"standard","meta":{"_bbp_topic_count":0,"_bbp_reply_count":0,"_bbp_total_topic_count":0,"_bbp_total_reply_count":0,"_bbp_voice_count":0,"_bbp_anonymous_reply_count":0,"_bbp_topic_count_hidden":0,"_bbp_reply_count_hidden":0,"_bbp_forum_subforum_count":0,"footnotes":""},"categories":[1,33,4],"tags":[],"class_list":["post-1877","post","type-post","status-publish","format-standard","hentry","category-general","category-instruments","category-portada"],"post_mailing_queue_ids":[],"_links":{"self":[{"href":"https:\/\/agora.xtec.cat\/escmus-santpedor\/wp-json\/wp\/v2\/posts\/1877","targetHints":{"allow":["GET"]}}],"collection":[{"href":"https:\/\/agora.xtec.cat\/escmus-santpedor\/wp-json\/wp\/v2\/posts"}],"about":[{"href":"https:\/\/agora.xtec.cat\/escmus-santpedor\/wp-json\/wp\/v2\/types\/post"}],"author":[{"embeddable":true,"href":"https:\/\/agora.xtec.cat\/escmus-santpedor\/wp-json\/wp\/v2\/users\/1"}],"replies":[{"embeddable":true,"href":"https:\/\/agora.xtec.cat\/escmus-santpedor\/wp-json\/wp\/v2\/comments?post=1877"}],"version-history":[{"count":4,"href":"https:\/\/agora.xtec.cat\/escmus-santpedor\/wp-json\/wp\/v2\/posts\/1877\/revisions"}],"predecessor-version":[{"id":1890,"href":"https:\/\/agora.xtec.cat\/escmus-santpedor\/wp-json\/wp\/v2\/posts\/1877\/revisions\/1890"}],"wp:attachment":[{"href":"https:\/\/agora.xtec.cat\/escmus-santpedor\/wp-json\/wp\/v2\/media?parent=1877"}],"wp:term":[{"taxonomy":"category","embeddable":true,"href":"https:\/\/agora.xtec.cat\/escmus-santpedor\/wp-json\/wp\/v2\/categories?post=1877"},{"taxonomy":"post_tag","embeddable":true,"href":"https:\/\/agora.xtec.cat\/escmus-santpedor\/wp-json\/wp\/v2\/tags?post=1877"}],"curies":[{"name":"wp","href":"https:\/\/api.w.org\/{rel}","templated":true}]}}