{"id":1867,"date":"2024-01-23T19:49:15","date_gmt":"2024-01-23T18:49:15","guid":{"rendered":"https:\/\/agora.xtec.cat\/escmus-santpedor\/?p=1867"},"modified":"2024-01-23T19:49:40","modified_gmt":"2024-01-23T18:49:40","slug":"entrevista-a-anais-vila","status":"publish","type":"post","link":"https:\/\/agora.xtec.cat\/escmus-santpedor\/general\/entrevista-a-anais-vila\/","title":{"rendered":"ENTREVISTA A L&#8217;ANA\u00cfS VILA"},"content":{"rendered":"<p>Avui ens han vingut a visitar en Quim Roure i l&#8217;Ana\u00efs Vila, dos exalumnes de l&#8217;Escola els quals tots dos s\u00f3n periodistes de carrera. En Quim ha fet una entrevista a l&#8217;Ana\u00efs en motiu de l&#8217;estrena del seu 4rt treball discogr\u00e0fic, &#8220;Ara sempre&#8221;, que s&#8217;estrenar\u00e0 el proper 15 de febrer al teatre Kursaal de Manresa. L&#8217;Escola us desitja molts \u00e8xits i que la m\u00fasica us acompanyi sempre!<\/p>\n<p><a href=\"https:\/\/agora.xtec.cat\/escmus-santpedor\/wp-content\/uploads\/usu569\/2024\/01\/96d973e6-33d5-4b0d-8509-e2aeafcefc06.jpg\"><img loading=\"lazy\" decoding=\"async\" class=\"alignnone size-medium wp-image-1868\" src=\"https:\/\/agora.xtec.cat\/escmus-santpedor\/wp-content\/uploads\/usu569\/2024\/01\/96d973e6-33d5-4b0d-8509-e2aeafcefc06-225x300.jpg\" alt=\"\" width=\"225\" height=\"300\" srcset=\"https:\/\/agora.xtec.cat\/escmus-santpedor\/wp-content\/uploads\/usu569\/2024\/01\/96d973e6-33d5-4b0d-8509-e2aeafcefc06-225x300.jpg 225w, https:\/\/agora.xtec.cat\/escmus-santpedor\/wp-content\/uploads\/usu569\/2024\/01\/96d973e6-33d5-4b0d-8509-e2aeafcefc06.jpg 768w\" sizes=\"auto, (max-width: 225px) 100vw, 225px\" \/><\/a><\/p>\n","protected":false},"excerpt":{"rendered":"<p>Avui ens han vingut a visitar en Quim Roure i l&#8217;Ana\u00efs Vila, dos exalumnes de l&#8217;Escola els quals tots dos s\u00f3n periodistes de carrera. En Quim ha fet una entrevista a l&#8217;Ana\u00efs en motiu de l&#8217;estrena del seu 4rt treball discogr\u00e0fic, &#8220;Ara sempre&#8221;, que s&#8217;estrenar\u00e0&hellip;  <a href=\"https:\/\/agora.xtec.cat\/escmus-santpedor\/general\/entrevista-a-anais-vila\/\" title=\"Read ENTREVISTA A L&#8217;ANA\u00cfS VILA\">Llegeix m\u00e9s\u00bb<\/a><\/p>\n","protected":false},"author":1,"featured_media":0,"comment_status":"open","ping_status":"closed","sticky":false,"template":"","format":"standard","meta":{"_bbp_topic_count":0,"_bbp_reply_count":0,"_bbp_total_topic_count":0,"_bbp_total_reply_count":0,"_bbp_voice_count":0,"_bbp_anonymous_reply_count":0,"_bbp_topic_count_hidden":0,"_bbp_reply_count_hidden":0,"_bbp_forum_subforum_count":0,"footnotes":""},"categories":[1,4],"tags":[],"class_list":["post-1867","post","type-post","status-publish","format-standard","hentry","category-general","category-portada"],"post_mailing_queue_ids":[],"_links":{"self":[{"href":"https:\/\/agora.xtec.cat\/escmus-santpedor\/wp-json\/wp\/v2\/posts\/1867","targetHints":{"allow":["GET"]}}],"collection":[{"href":"https:\/\/agora.xtec.cat\/escmus-santpedor\/wp-json\/wp\/v2\/posts"}],"about":[{"href":"https:\/\/agora.xtec.cat\/escmus-santpedor\/wp-json\/wp\/v2\/types\/post"}],"author":[{"embeddable":true,"href":"https:\/\/agora.xtec.cat\/escmus-santpedor\/wp-json\/wp\/v2\/users\/1"}],"replies":[{"embeddable":true,"href":"https:\/\/agora.xtec.cat\/escmus-santpedor\/wp-json\/wp\/v2\/comments?post=1867"}],"version-history":[{"count":3,"href":"https:\/\/agora.xtec.cat\/escmus-santpedor\/wp-json\/wp\/v2\/posts\/1867\/revisions"}],"predecessor-version":[{"id":1871,"href":"https:\/\/agora.xtec.cat\/escmus-santpedor\/wp-json\/wp\/v2\/posts\/1867\/revisions\/1871"}],"wp:attachment":[{"href":"https:\/\/agora.xtec.cat\/escmus-santpedor\/wp-json\/wp\/v2\/media?parent=1867"}],"wp:term":[{"taxonomy":"category","embeddable":true,"href":"https:\/\/agora.xtec.cat\/escmus-santpedor\/wp-json\/wp\/v2\/categories?post=1867"},{"taxonomy":"post_tag","embeddable":true,"href":"https:\/\/agora.xtec.cat\/escmus-santpedor\/wp-json\/wp\/v2\/tags?post=1867"}],"curies":[{"name":"wp","href":"https:\/\/api.w.org\/{rel}","templated":true}]}}