{"id":1843,"date":"2023-11-06T19:28:06","date_gmt":"2023-11-06T18:28:06","guid":{"rendered":"https:\/\/agora.xtec.cat\/escmus-santpedor\/?p=1843"},"modified":"2023-11-06T19:29:07","modified_gmt":"2023-11-06T18:29:07","slug":"dia-mundial-del-soxofon","status":"publish","type":"post","link":"https:\/\/agora.xtec.cat\/escmus-santpedor\/general\/dia-mundial-del-soxofon\/","title":{"rendered":"DIA MUNDIAL DEL SAXOFON"},"content":{"rendered":"<p>El 6 de novembre \u00e9s el Dia mundial del saxofon. \u00c9s el dia que va n\u00e9ixer Adolphe Sax, m\u00fasic belga, fabricant d&#8217;instruments i creador del sax\u00f2fon el 1840.<\/p>\n<p><a href=\"https:\/\/agora.xtec.cat\/escmus-santpedor\/wp-content\/uploads\/usu569\/2023\/11\/WhatsApp-Image-2023-11-06-at-18.42.59.jpeg\"><img loading=\"lazy\" decoding=\"async\" class=\"aligncenter wp-image-1844 size-medium\" src=\"https:\/\/agora.xtec.cat\/escmus-santpedor\/wp-content\/uploads\/usu569\/2023\/11\/WhatsApp-Image-2023-11-06-at-18.42.59-135x300.jpeg\" alt=\"\" width=\"135\" height=\"300\" srcset=\"https:\/\/agora.xtec.cat\/escmus-santpedor\/wp-content\/uploads\/usu569\/2023\/11\/WhatsApp-Image-2023-11-06-at-18.42.59-135x300.jpeg 135w, https:\/\/agora.xtec.cat\/escmus-santpedor\/wp-content\/uploads\/usu569\/2023\/11\/WhatsApp-Image-2023-11-06-at-18.42.59-461x1024.jpeg 461w, https:\/\/agora.xtec.cat\/escmus-santpedor\/wp-content\/uploads\/usu569\/2023\/11\/WhatsApp-Image-2023-11-06-at-18.42.59-768x1707.jpeg 768w, https:\/\/agora.xtec.cat\/escmus-santpedor\/wp-content\/uploads\/usu569\/2023\/11\/WhatsApp-Image-2023-11-06-at-18.42.59-691x1536.jpeg 691w, https:\/\/agora.xtec.cat\/escmus-santpedor\/wp-content\/uploads\/usu569\/2023\/11\/WhatsApp-Image-2023-11-06-at-18.42.59.jpeg 900w\" sizes=\"auto, (max-width: 135px) 100vw, 135px\" \/><\/a><\/p>\n","protected":false},"excerpt":{"rendered":"<p>El 6 de novembre \u00e9s el Dia mundial del saxofon. \u00c9s el dia que va n\u00e9ixer Adolphe Sax, m\u00fasic belga, fabricant d&#8217;instruments i creador del sax\u00f2fon el 1840.<br \/>\n<a href=\"https:\/\/agora.xtec.cat\/escmus-santpedor\/wp-content\/uploads\/usu569\/2023\/11\/WhatsApp-Image-2023-11-06-at-18.42.59.jpeg\"><\/a><\/p>\n","protected":false},"author":1,"featured_media":0,"comment_status":"open","ping_status":"closed","sticky":false,"template":"","format":"standard","meta":{"_bbp_topic_count":0,"_bbp_reply_count":0,"_bbp_total_topic_count":0,"_bbp_total_reply_count":0,"_bbp_voice_count":0,"_bbp_anonymous_reply_count":0,"_bbp_topic_count_hidden":0,"_bbp_reply_count_hidden":0,"_bbp_forum_subforum_count":0,"footnotes":""},"categories":[1,33,4],"tags":[],"class_list":["post-1843","post","type-post","status-publish","format-standard","hentry","category-general","category-instruments","category-portada"],"post_mailing_queue_ids":[],"_links":{"self":[{"href":"https:\/\/agora.xtec.cat\/escmus-santpedor\/wp-json\/wp\/v2\/posts\/1843","targetHints":{"allow":["GET"]}}],"collection":[{"href":"https:\/\/agora.xtec.cat\/escmus-santpedor\/wp-json\/wp\/v2\/posts"}],"about":[{"href":"https:\/\/agora.xtec.cat\/escmus-santpedor\/wp-json\/wp\/v2\/types\/post"}],"author":[{"embeddable":true,"href":"https:\/\/agora.xtec.cat\/escmus-santpedor\/wp-json\/wp\/v2\/users\/1"}],"replies":[{"embeddable":true,"href":"https:\/\/agora.xtec.cat\/escmus-santpedor\/wp-json\/wp\/v2\/comments?post=1843"}],"version-history":[{"count":4,"href":"https:\/\/agora.xtec.cat\/escmus-santpedor\/wp-json\/wp\/v2\/posts\/1843\/revisions"}],"predecessor-version":[{"id":1846,"href":"https:\/\/agora.xtec.cat\/escmus-santpedor\/wp-json\/wp\/v2\/posts\/1843\/revisions\/1846"}],"wp:attachment":[{"href":"https:\/\/agora.xtec.cat\/escmus-santpedor\/wp-json\/wp\/v2\/media?parent=1843"}],"wp:term":[{"taxonomy":"category","embeddable":true,"href":"https:\/\/agora.xtec.cat\/escmus-santpedor\/wp-json\/wp\/v2\/categories?post=1843"},{"taxonomy":"post_tag","embeddable":true,"href":"https:\/\/agora.xtec.cat\/escmus-santpedor\/wp-json\/wp\/v2\/tags?post=1843"}],"curies":[{"name":"wp","href":"https:\/\/api.w.org\/{rel}","templated":true}]}}