{"id":1778,"date":"2023-09-26T20:06:58","date_gmt":"2023-09-26T18:06:58","guid":{"rendered":"https:\/\/agora.xtec.cat\/escmus-santpedor\/?p=1778"},"modified":"2023-09-28T18:48:44","modified_gmt":"2023-09-28T16:48:44","slug":"aula-maria-espinalt","status":"publish","type":"post","link":"https:\/\/agora.xtec.cat\/escmus-santpedor\/general\/aula-maria-espinalt\/","title":{"rendered":"AULA MARIA ESPINALT"},"content":{"rendered":"<p>Maria Espinalt i Font (1910-1981) fou una soprano catalana considerada una primera figura de l&#8217;escena estatal. Va tenir una llarga relaci\u00f3 amb Santpedor on tenia una casa residencial i lligams familiars i afectius, i on es retir\u00e0 quan va deixar de cantar, per al qual cosa fou considerada una santpedorenca d&#8217;adopci\u00f3.<\/p>\n<p>A l&#8217;Escola tenim una aula per recordar la seva figura, l&#8217;auditori Maria Espinalt. Actualment s&#8217;hi fa classe de petits, coral i conjunt instrumental.<\/p>\n\n\t\t<style type=\"text\/css\">\n\t\t\t#gallery-1 {\n\t\t\t\tmargin: auto;\n\t\t\t}\n\t\t\t#gallery-1 .gallery-item {\n\t\t\t\tfloat: left;\n\t\t\t\tmargin-top: 10px;\n\t\t\t\ttext-align: center;\n\t\t\t\twidth: 50%;\n\t\t\t}\n\t\t\t#gallery-1 img {\n\t\t\t\tborder: 2px solid #cfcfcf;\n\t\t\t}\n\t\t\t#gallery-1 .gallery-caption {\n\t\t\t\tmargin-left: 0;\n\t\t\t}\n\t\t\t\/* see gallery_shortcode() in wp-includes\/media.php *\/\n\t\t<\/style>\n\t\t<div id='gallery-1' class='gallery galleryid-1778 gallery-columns-2 gallery-size-medium'><dl class='gallery-item'>\n\t\t\t<dt class='gallery-icon landscape'>\n\t\t\t\t<a href='https:\/\/agora.xtec.cat\/escmus-santpedor\/general\/aula-maria-espinalt\/attachment\/whatsapp-image-2023-09-26-at-15-53-30\/'><img loading=\"lazy\" decoding=\"async\" width=\"300\" height=\"300\" src=\"https:\/\/agora.xtec.cat\/escmus-santpedor\/wp-content\/uploads\/usu569\/2023\/09\/WhatsApp-Image-2023-09-26-at-15.53.30-300x300.jpeg\" class=\"attachment-medium size-medium\" alt=\"\" srcset=\"https:\/\/agora.xtec.cat\/escmus-santpedor\/wp-content\/uploads\/usu569\/2023\/09\/WhatsApp-Image-2023-09-26-at-15.53.30-300x300.jpeg 300w, https:\/\/agora.xtec.cat\/escmus-santpedor\/wp-content\/uploads\/usu569\/2023\/09\/WhatsApp-Image-2023-09-26-at-15.53.30-1024x1024.jpeg 1024w, https:\/\/agora.xtec.cat\/escmus-santpedor\/wp-content\/uploads\/usu569\/2023\/09\/WhatsApp-Image-2023-09-26-at-15.53.30-150x150.jpeg 150w, https:\/\/agora.xtec.cat\/escmus-santpedor\/wp-content\/uploads\/usu569\/2023\/09\/WhatsApp-Image-2023-09-26-at-15.53.30-768x768.jpeg 768w, https:\/\/agora.xtec.cat\/escmus-santpedor\/wp-content\/uploads\/usu569\/2023\/09\/WhatsApp-Image-2023-09-26-at-15.53.30-1536x1536.jpeg 1536w, https:\/\/agora.xtec.cat\/escmus-santpedor\/wp-content\/uploads\/usu569\/2023\/09\/WhatsApp-Image-2023-09-26-at-15.53.30.jpeg 2048w\" sizes=\"auto, (max-width: 300px) 100vw, 300px\" \/><\/a>\n\t\t\t<\/dt><\/dl><dl class='gallery-item'>\n\t\t\t<dt class='gallery-icon landscape'>\n\t\t\t\t<a href='https:\/\/agora.xtec.cat\/escmus-santpedor\/general\/aula-maria-espinalt\/attachment\/whatsapp-image-2023-09-25-at-18-54-48\/'><img loading=\"lazy\" decoding=\"async\" width=\"300\" height=\"300\" src=\"https:\/\/agora.xtec.cat\/escmus-santpedor\/wp-content\/uploads\/usu569\/2023\/09\/WhatsApp-Image-2023-09-25-at-18.54.48-300x300.jpeg\" class=\"attachment-medium size-medium\" alt=\"\" srcset=\"https:\/\/agora.xtec.cat\/escmus-santpedor\/wp-content\/uploads\/usu569\/2023\/09\/WhatsApp-Image-2023-09-25-at-18.54.48-300x300.jpeg 300w, https:\/\/agora.xtec.cat\/escmus-santpedor\/wp-content\/uploads\/usu569\/2023\/09\/WhatsApp-Image-2023-09-25-at-18.54.48-150x150.jpeg 150w, https:\/\/agora.xtec.cat\/escmus-santpedor\/wp-content\/uploads\/usu569\/2023\/09\/WhatsApp-Image-2023-09-25-at-18.54.48.jpeg 635w\" sizes=\"auto, (max-width: 300px) 100vw, 300px\" \/><\/a>\n\t\t\t<\/dt><\/dl><br style=\"clear: both\" \/>\n\t\t<\/div>\n\n<div style=\"width: 480px;\" class=\"wp-video\"><!--[if lt IE 9]><script>document.createElement('video');<\/script><![endif]-->\n<video class=\"wp-video-shortcode\" id=\"video-1778-1\" width=\"480\" height=\"864\" preload=\"metadata\" controls=\"controls\"><source type=\"video\/mp4\" src=\"https:\/\/agora.xtec.cat\/escmus-santpedor\/wp-content\/uploads\/usu569\/2023\/09\/WhatsApp-Video-2023-09-25-at-18.53.05.mp4?_=1\" \/><a href=\"https:\/\/agora.xtec.cat\/escmus-santpedor\/wp-content\/uploads\/usu569\/2023\/09\/WhatsApp-Video-2023-09-25-at-18.53.05.mp4\">https:\/\/agora.xtec.cat\/escmus-santpedor\/wp-content\/uploads\/usu569\/2023\/09\/WhatsApp-Video-2023-09-25-at-18.53.05.mp4<\/a><\/video><\/div>\n","protected":false},"excerpt":{"rendered":"<p>Maria Espinalt i Font (1910-1981) fou una soprano catalana considerada una primera figura de l&#8217;escena estatal. Va tenir una llarga relaci\u00f3 amb Santpedor on tenia una casa residencial i lligams familiars i afectius, i on es retir\u00e0 quan va deixar de cantar, per al qual&hellip;  <a href=\"https:\/\/agora.xtec.cat\/escmus-santpedor\/general\/aula-maria-espinalt\/\" title=\"Read AULA MARIA ESPINALT\">Llegeix m\u00e9s\u00bb<\/a><\/p>\n","protected":false},"author":1,"featured_media":0,"comment_status":"open","ping_status":"closed","sticky":false,"template":"","format":"standard","meta":{"_bbp_topic_count":0,"_bbp_reply_count":0,"_bbp_total_topic_count":0,"_bbp_total_reply_count":0,"_bbp_voice_count":0,"_bbp_anonymous_reply_count":0,"_bbp_topic_count_hidden":0,"_bbp_reply_count_hidden":0,"_bbp_forum_subforum_count":0,"footnotes":""},"categories":[1,4],"tags":[],"class_list":["post-1778","post","type-post","status-publish","format-standard","hentry","category-general","category-portada"],"post_mailing_queue_ids":[],"_links":{"self":[{"href":"https:\/\/agora.xtec.cat\/escmus-santpedor\/wp-json\/wp\/v2\/posts\/1778","targetHints":{"allow":["GET"]}}],"collection":[{"href":"https:\/\/agora.xtec.cat\/escmus-santpedor\/wp-json\/wp\/v2\/posts"}],"about":[{"href":"https:\/\/agora.xtec.cat\/escmus-santpedor\/wp-json\/wp\/v2\/types\/post"}],"author":[{"embeddable":true,"href":"https:\/\/agora.xtec.cat\/escmus-santpedor\/wp-json\/wp\/v2\/users\/1"}],"replies":[{"embeddable":true,"href":"https:\/\/agora.xtec.cat\/escmus-santpedor\/wp-json\/wp\/v2\/comments?post=1778"}],"version-history":[{"count":3,"href":"https:\/\/agora.xtec.cat\/escmus-santpedor\/wp-json\/wp\/v2\/posts\/1778\/revisions"}],"predecessor-version":[{"id":1784,"href":"https:\/\/agora.xtec.cat\/escmus-santpedor\/wp-json\/wp\/v2\/posts\/1778\/revisions\/1784"}],"wp:attachment":[{"href":"https:\/\/agora.xtec.cat\/escmus-santpedor\/wp-json\/wp\/v2\/media?parent=1778"}],"wp:term":[{"taxonomy":"category","embeddable":true,"href":"https:\/\/agora.xtec.cat\/escmus-santpedor\/wp-json\/wp\/v2\/categories?post=1778"},{"taxonomy":"post_tag","embeddable":true,"href":"https:\/\/agora.xtec.cat\/escmus-santpedor\/wp-json\/wp\/v2\/tags?post=1778"}],"curies":[{"name":"wp","href":"https:\/\/api.w.org\/{rel}","templated":true}]}}