{"id":1760,"date":"2023-09-12T20:21:27","date_gmt":"2023-09-12T18:21:27","guid":{"rendered":"https:\/\/agora.xtec.cat\/escmus-santpedor\/?p=1760"},"modified":"2023-09-12T20:22:36","modified_gmt":"2023-09-12T18:22:36","slug":"nova-escolana-de-montserrat","status":"publish","type":"post","link":"https:\/\/agora.xtec.cat\/escmus-santpedor\/general\/nova-escolana-de-montserrat\/","title":{"rendered":"NOVA ESCOLANA DE MONTSERRAT"},"content":{"rendered":"<p>Volem felicitar l&#8217;alumna Gal\u00b7la Torra i desitjar-li que gaudeixi i aprengui molt en aquesta nova etapa que comen\u00e7a. \u00c9s una de les noves escolanes de Montserrat!<\/p>\n<p>Schola Cantorum \u00e9s un cor no professional format per 28 nois i noies de 17 a 24 anys. Cantar\u00e0 un cop al mes i permetr\u00e0 que descansin els nois de l&#8217;Escolania.<\/p>\n<p><a href=\"https:\/\/agora.xtec.cat\/escmus-santpedor\/wp-content\/uploads\/usu569\/2023\/09\/IMG-20230912-WA0000.jpg\"><img loading=\"lazy\" decoding=\"async\" class=\"alignnone size-medium wp-image-1761\" src=\"https:\/\/agora.xtec.cat\/escmus-santpedor\/wp-content\/uploads\/usu569\/2023\/09\/IMG-20230912-WA0000-300x300.jpg\" alt=\"\" width=\"300\" height=\"300\" srcset=\"https:\/\/agora.xtec.cat\/escmus-santpedor\/wp-content\/uploads\/usu569\/2023\/09\/IMG-20230912-WA0000-300x300.jpg 300w, https:\/\/agora.xtec.cat\/escmus-santpedor\/wp-content\/uploads\/usu569\/2023\/09\/IMG-20230912-WA0000-1024x1024.jpg 1024w, https:\/\/agora.xtec.cat\/escmus-santpedor\/wp-content\/uploads\/usu569\/2023\/09\/IMG-20230912-WA0000-150x150.jpg 150w, https:\/\/agora.xtec.cat\/escmus-santpedor\/wp-content\/uploads\/usu569\/2023\/09\/IMG-20230912-WA0000-768x768.jpg 768w, https:\/\/agora.xtec.cat\/escmus-santpedor\/wp-content\/uploads\/usu569\/2023\/09\/IMG-20230912-WA0000.jpg 1440w\" sizes=\"auto, (max-width: 300px) 100vw, 300px\" \/><\/a><\/p>\n","protected":false},"excerpt":{"rendered":"<p>Volem felicitar l&#8217;alumna Gal\u00b7la Torra i desitjar-li que gaudeixi i aprengui molt en aquesta nova etapa que comen\u00e7a. \u00c9s una de les noves escolanes de Montserrat!<br \/>\nSchola Cantorum \u00e9s un cor no professional format per 28 nois i noies de 17 a 24 anys. Cantar\u00e0 un&hellip;  <a href=\"https:\/\/agora.xtec.cat\/escmus-santpedor\/general\/nova-escolana-de-montserrat\/\" title=\"Read NOVA ESCOLANA DE MONTSERRAT\">Llegeix m\u00e9s\u00bb<\/a><\/p>\n","protected":false},"author":1,"featured_media":0,"comment_status":"open","ping_status":"closed","sticky":false,"template":"","format":"standard","meta":{"_bbp_topic_count":0,"_bbp_reply_count":0,"_bbp_total_topic_count":0,"_bbp_total_reply_count":0,"_bbp_voice_count":0,"_bbp_anonymous_reply_count":0,"_bbp_topic_count_hidden":0,"_bbp_reply_count_hidden":0,"_bbp_forum_subforum_count":0,"footnotes":""},"categories":[1,4],"tags":[],"class_list":["post-1760","post","type-post","status-publish","format-standard","hentry","category-general","category-portada"],"post_mailing_queue_ids":[],"_links":{"self":[{"href":"https:\/\/agora.xtec.cat\/escmus-santpedor\/wp-json\/wp\/v2\/posts\/1760","targetHints":{"allow":["GET"]}}],"collection":[{"href":"https:\/\/agora.xtec.cat\/escmus-santpedor\/wp-json\/wp\/v2\/posts"}],"about":[{"href":"https:\/\/agora.xtec.cat\/escmus-santpedor\/wp-json\/wp\/v2\/types\/post"}],"author":[{"embeddable":true,"href":"https:\/\/agora.xtec.cat\/escmus-santpedor\/wp-json\/wp\/v2\/users\/1"}],"replies":[{"embeddable":true,"href":"https:\/\/agora.xtec.cat\/escmus-santpedor\/wp-json\/wp\/v2\/comments?post=1760"}],"version-history":[{"count":1,"href":"https:\/\/agora.xtec.cat\/escmus-santpedor\/wp-json\/wp\/v2\/posts\/1760\/revisions"}],"predecessor-version":[{"id":1762,"href":"https:\/\/agora.xtec.cat\/escmus-santpedor\/wp-json\/wp\/v2\/posts\/1760\/revisions\/1762"}],"wp:attachment":[{"href":"https:\/\/agora.xtec.cat\/escmus-santpedor\/wp-json\/wp\/v2\/media?parent=1760"}],"wp:term":[{"taxonomy":"category","embeddable":true,"href":"https:\/\/agora.xtec.cat\/escmus-santpedor\/wp-json\/wp\/v2\/categories?post=1760"},{"taxonomy":"post_tag","embeddable":true,"href":"https:\/\/agora.xtec.cat\/escmus-santpedor\/wp-json\/wp\/v2\/tags?post=1760"}],"curies":[{"name":"wp","href":"https:\/\/api.w.org\/{rel}","templated":true}]}}