{"id":1578,"date":"2022-11-18T18:50:24","date_gmt":"2022-11-18T17:50:24","guid":{"rendered":"https:\/\/agora.xtec.cat\/escmus-santpedor\/?p=1578"},"modified":"2022-11-21T20:21:20","modified_gmt":"2022-11-21T19:21:20","slug":"concert-de-santa-cecilia-amb-la-umb","status":"publish","type":"post","link":"https:\/\/agora.xtec.cat\/escmus-santpedor\/general\/concert-de-santa-cecilia-amb-la-umb\/","title":{"rendered":"CONCERT DE SANTA CEC\u00cdLIA AMB LA UMB"},"content":{"rendered":"<p>Diumenge 20 de novembre participarem al concert de Santa Cec\u00edlia que organitza la UMB al teatre Conservatori de Manresa juntament amb altres escoles de m\u00fasica de la Catalunya Central. Ja ho tenim tot a punt! Ens hi acompanyeu?<\/p>\n<p><a href=\"https:\/\/agora.xtec.cat\/escmus-santpedor\/wp-content\/uploads\/usu569\/2022\/11\/Screenshot_20221118_183930.jpg\"><img loading=\"lazy\" decoding=\"async\" class=\"alignnone wp-image-1581 \" src=\"https:\/\/agora.xtec.cat\/escmus-santpedor\/wp-content\/uploads\/usu569\/2022\/11\/Screenshot_20221118_183930-680x1024.jpg\" alt=\"\" width=\"453\" height=\"682\" srcset=\"https:\/\/agora.xtec.cat\/escmus-santpedor\/wp-content\/uploads\/usu569\/2022\/11\/Screenshot_20221118_183930-680x1024.jpg 680w, https:\/\/agora.xtec.cat\/escmus-santpedor\/wp-content\/uploads\/usu569\/2022\/11\/Screenshot_20221118_183930-199x300.jpg 199w, https:\/\/agora.xtec.cat\/escmus-santpedor\/wp-content\/uploads\/usu569\/2022\/11\/Screenshot_20221118_183930-768x1156.jpg 768w, https:\/\/agora.xtec.cat\/escmus-santpedor\/wp-content\/uploads\/usu569\/2022\/11\/Screenshot_20221118_183930.jpg 885w\" sizes=\"auto, (max-width: 453px) 100vw, 453px\" \/><\/a><a href=\"https:\/\/agora.xtec.cat\/escmus-santpedor\/wp-content\/uploads\/usu569\/2022\/11\/20221118_142118-scaled.jpg\"><img loading=\"lazy\" decoding=\"async\" class=\"wp-image-1579 alignright\" src=\"https:\/\/agora.xtec.cat\/escmus-santpedor\/wp-content\/uploads\/usu569\/2022\/11\/20221118_142118-1024x1024.jpg\" alt=\"\" width=\"552\" height=\"552\" srcset=\"https:\/\/agora.xtec.cat\/escmus-santpedor\/wp-content\/uploads\/usu569\/2022\/11\/20221118_142118-1024x1024.jpg 1024w, https:\/\/agora.xtec.cat\/escmus-santpedor\/wp-content\/uploads\/usu569\/2022\/11\/20221118_142118-300x300.jpg 300w, https:\/\/agora.xtec.cat\/escmus-santpedor\/wp-content\/uploads\/usu569\/2022\/11\/20221118_142118-150x150.jpg 150w, https:\/\/agora.xtec.cat\/escmus-santpedor\/wp-content\/uploads\/usu569\/2022\/11\/20221118_142118-768x768.jpg 768w, https:\/\/agora.xtec.cat\/escmus-santpedor\/wp-content\/uploads\/usu569\/2022\/11\/20221118_142118-1536x1536.jpg 1536w, https:\/\/agora.xtec.cat\/escmus-santpedor\/wp-content\/uploads\/usu569\/2022\/11\/20221118_142118-2048x2048.jpg 2048w\" sizes=\"auto, (max-width: 552px) 100vw, 552px\" \/><\/a><\/p>\n<p>Aqu\u00ed tamb\u00e9 teniu un recull d&#8217;imatges del dia del concert de Santa Cec\u00edlia amb la Uni\u00f3 Musical del Bages al Teatre Conservatori de Manresa. Una gran experi\u00e8ncia pels nostres alumnes, que ho van poder compartir amb 11 escoles de m\u00fasica m\u00e9s de la comarca. Un total de 140 m\u00fasics dalt de l&#8217;escenari. Moltes felicitats a tots!!<\/p>\n<p><a href=\"https:\/\/agora.xtec.cat\/escmus-santpedor\/wp-content\/uploads\/usu569\/2022\/11\/20221120_102526-scaled.jpg\"><img loading=\"lazy\" decoding=\"async\" class=\"alignnone size-medium wp-image-1585\" src=\"https:\/\/agora.xtec.cat\/escmus-santpedor\/wp-content\/uploads\/usu569\/2022\/11\/20221120_102526-300x225.jpg\" alt=\"\" width=\"300\" height=\"225\" srcset=\"https:\/\/agora.xtec.cat\/escmus-santpedor\/wp-content\/uploads\/usu569\/2022\/11\/20221120_102526-300x225.jpg 300w, https:\/\/agora.xtec.cat\/escmus-santpedor\/wp-content\/uploads\/usu569\/2022\/11\/20221120_102526-1024x768.jpg 1024w, https:\/\/agora.xtec.cat\/escmus-santpedor\/wp-content\/uploads\/usu569\/2022\/11\/20221120_102526-768x576.jpg 768w, https:\/\/agora.xtec.cat\/escmus-santpedor\/wp-content\/uploads\/usu569\/2022\/11\/20221120_102526-1536x1152.jpg 1536w, https:\/\/agora.xtec.cat\/escmus-santpedor\/wp-content\/uploads\/usu569\/2022\/11\/20221120_102526-2048x1536.jpg 2048w, https:\/\/agora.xtec.cat\/escmus-santpedor\/wp-content\/uploads\/usu569\/2022\/11\/20221120_102526-200x150.jpg 200w\" sizes=\"auto, (max-width: 300px) 100vw, 300px\" \/><\/a> <a href=\"https:\/\/agora.xtec.cat\/escmus-santpedor\/wp-content\/uploads\/usu569\/2022\/11\/20221120_105223-scaled.jpg\"><img loading=\"lazy\" decoding=\"async\" class=\"alignnone size-medium wp-image-1586\" src=\"https:\/\/agora.xtec.cat\/escmus-santpedor\/wp-content\/uploads\/usu569\/2022\/11\/20221120_105223-300x225.jpg\" alt=\"\" width=\"300\" height=\"225\" data-wp-editing=\"1\" srcset=\"https:\/\/agora.xtec.cat\/escmus-santpedor\/wp-content\/uploads\/usu569\/2022\/11\/20221120_105223-300x225.jpg 300w, https:\/\/agora.xtec.cat\/escmus-santpedor\/wp-content\/uploads\/usu569\/2022\/11\/20221120_105223-1024x768.jpg 1024w, https:\/\/agora.xtec.cat\/escmus-santpedor\/wp-content\/uploads\/usu569\/2022\/11\/20221120_105223-768x576.jpg 768w, https:\/\/agora.xtec.cat\/escmus-santpedor\/wp-content\/uploads\/usu569\/2022\/11\/20221120_105223-1536x1152.jpg 1536w, https:\/\/agora.xtec.cat\/escmus-santpedor\/wp-content\/uploads\/usu569\/2022\/11\/20221120_105223-2048x1536.jpg 2048w, https:\/\/agora.xtec.cat\/escmus-santpedor\/wp-content\/uploads\/usu569\/2022\/11\/20221120_105223-200x150.jpg 200w\" sizes=\"auto, (max-width: 300px) 100vw, 300px\" \/><\/a> <a href=\"https:\/\/agora.xtec.cat\/escmus-santpedor\/wp-content\/uploads\/usu569\/2022\/11\/20221120_105248-scaled.jpg\"><img loading=\"lazy\" decoding=\"async\" class=\"alignnone size-medium wp-image-1587\" src=\"https:\/\/agora.xtec.cat\/escmus-santpedor\/wp-content\/uploads\/usu569\/2022\/11\/20221120_105248-300x225.jpg\" alt=\"\" width=\"300\" height=\"225\" srcset=\"https:\/\/agora.xtec.cat\/escmus-santpedor\/wp-content\/uploads\/usu569\/2022\/11\/20221120_105248-300x225.jpg 300w, https:\/\/agora.xtec.cat\/escmus-santpedor\/wp-content\/uploads\/usu569\/2022\/11\/20221120_105248-1024x768.jpg 1024w, https:\/\/agora.xtec.cat\/escmus-santpedor\/wp-content\/uploads\/usu569\/2022\/11\/20221120_105248-768x576.jpg 768w, https:\/\/agora.xtec.cat\/escmus-santpedor\/wp-content\/uploads\/usu569\/2022\/11\/20221120_105248-1536x1152.jpg 1536w, https:\/\/agora.xtec.cat\/escmus-santpedor\/wp-content\/uploads\/usu569\/2022\/11\/20221120_105248-2048x1536.jpg 2048w, https:\/\/agora.xtec.cat\/escmus-santpedor\/wp-content\/uploads\/usu569\/2022\/11\/20221120_105248-200x150.jpg 200w\" sizes=\"auto, (max-width: 300px) 100vw, 300px\" \/><\/a><\/p>\n<p>&nbsp;<\/p>\n","protected":false},"excerpt":{"rendered":"<p>Diumenge 20 de novembre participarem al concert de Santa Cec\u00edlia que organitza la UMB al teatre Conservatori de Manresa juntament amb altres escoles de m\u00fasica de la Catalunya Central. Ja ho tenim tot a punt! Ens hi acompanyeu?<br \/>\n<a href=\"https:\/\/agora.xtec.cat\/escmus-santpedor\/wp-content\/uploads\/usu569\/2022\/11\/Screenshot_20221118_183930.jpg\"><\/a><a href=\"https:\/\/agora.xtec.cat\/escmus-santpedor\/wp-content\/uploads\/usu569\/2022\/11\/20221118_142118-scaled.jpg\"><\/a><br \/>\nAqu\u00ed tamb\u00e9 teniu un recull d&#8217;imatges&hellip;  <a href=\"https:\/\/agora.xtec.cat\/escmus-santpedor\/general\/concert-de-santa-cecilia-amb-la-umb\/\" title=\"Read CONCERT DE SANTA CEC\u00cdLIA AMB LA UMB\">Llegeix m\u00e9s\u00bb<\/a><\/p>\n","protected":false},"author":1,"featured_media":0,"comment_status":"open","ping_status":"closed","sticky":false,"template":"","format":"standard","meta":{"_bbp_topic_count":0,"_bbp_reply_count":0,"_bbp_total_topic_count":0,"_bbp_total_reply_count":0,"_bbp_voice_count":0,"_bbp_anonymous_reply_count":0,"_bbp_topic_count_hidden":0,"_bbp_reply_count_hidden":0,"_bbp_forum_subforum_count":0,"footnotes":""},"categories":[1,33,4],"tags":[],"class_list":["post-1578","post","type-post","status-publish","format-standard","hentry","category-general","category-instruments","category-portada"],"post_mailing_queue_ids":[],"_links":{"self":[{"href":"https:\/\/agora.xtec.cat\/escmus-santpedor\/wp-json\/wp\/v2\/posts\/1578","targetHints":{"allow":["GET"]}}],"collection":[{"href":"https:\/\/agora.xtec.cat\/escmus-santpedor\/wp-json\/wp\/v2\/posts"}],"about":[{"href":"https:\/\/agora.xtec.cat\/escmus-santpedor\/wp-json\/wp\/v2\/types\/post"}],"author":[{"embeddable":true,"href":"https:\/\/agora.xtec.cat\/escmus-santpedor\/wp-json\/wp\/v2\/users\/1"}],"replies":[{"embeddable":true,"href":"https:\/\/agora.xtec.cat\/escmus-santpedor\/wp-json\/wp\/v2\/comments?post=1578"}],"version-history":[{"count":3,"href":"https:\/\/agora.xtec.cat\/escmus-santpedor\/wp-json\/wp\/v2\/posts\/1578\/revisions"}],"predecessor-version":[{"id":1588,"href":"https:\/\/agora.xtec.cat\/escmus-santpedor\/wp-json\/wp\/v2\/posts\/1578\/revisions\/1588"}],"wp:attachment":[{"href":"https:\/\/agora.xtec.cat\/escmus-santpedor\/wp-json\/wp\/v2\/media?parent=1578"}],"wp:term":[{"taxonomy":"category","embeddable":true,"href":"https:\/\/agora.xtec.cat\/escmus-santpedor\/wp-json\/wp\/v2\/categories?post=1578"},{"taxonomy":"post_tag","embeddable":true,"href":"https:\/\/agora.xtec.cat\/escmus-santpedor\/wp-json\/wp\/v2\/tags?post=1578"}],"curies":[{"name":"wp","href":"https:\/\/api.w.org\/{rel}","templated":true}]}}