{"id":1502,"date":"2022-05-30T19:38:32","date_gmt":"2022-05-30T17:38:32","guid":{"rendered":"https:\/\/agora.xtec.cat\/escmus-santpedor\/?p=1502"},"modified":"2022-05-30T19:39:31","modified_gmt":"2022-05-30T17:39:31","slug":"vermut-concert-a-la-biblioteca","status":"publish","type":"post","link":"https:\/\/agora.xtec.cat\/escmus-santpedor\/general\/vermut-concert-a-la-biblioteca\/","title":{"rendered":"VERMUT &#8211; CONCERT A LA BIBLIOTECA"},"content":{"rendered":"<p>Els dissabtes 14 i 21 de maig, la nostra escola va fer un vermut-concert a la Biblioteca Pare Ignasi Casanovas. Van ser unes audicions breus, a tres quarts d&#8217;una del migdia, on es van poder sentir diferents alumnes de l&#8217;escola tocant el viol\u00ed, la flauta, la guitarra, el clarinet, el piano i el saxo. De p\u00fablic hi havia sobretot els pares dels int\u00e8rprets del concert i alguns professors de l&#8217;escola, i despr\u00e9s del concert tots plegats vam poder gaudir d&#8217;un pica-pica que la biblioteca ens va oferir molt amablement.<\/p>\n<p>Felicitats a tots els participants, va ser molt bonic i ho van fer tots molt b\u00e9!!<\/p>\n\n\t\t<style type=\"text\/css\">\n\t\t\t#gallery-1 {\n\t\t\t\tmargin: auto;\n\t\t\t}\n\t\t\t#gallery-1 .gallery-item {\n\t\t\t\tfloat: left;\n\t\t\t\tmargin-top: 10px;\n\t\t\t\ttext-align: center;\n\t\t\t\twidth: 33%;\n\t\t\t}\n\t\t\t#gallery-1 img {\n\t\t\t\tborder: 2px solid #cfcfcf;\n\t\t\t}\n\t\t\t#gallery-1 .gallery-caption {\n\t\t\t\tmargin-left: 0;\n\t\t\t}\n\t\t\t\/* see gallery_shortcode() in wp-includes\/media.php *\/\n\t\t<\/style>\n\t\t<div id='gallery-1' class='gallery galleryid-1502 gallery-columns-3 gallery-size-thumbnail'><dl class='gallery-item'>\n\t\t\t<dt class='gallery-icon portrait'>\n\t\t\t\t<a href='https:\/\/agora.xtec.cat\/escmus-santpedor\/general\/vermut-concert-a-la-biblioteca\/attachment\/20220521_130037\/'><img loading=\"lazy\" decoding=\"async\" width=\"150\" height=\"150\" src=\"https:\/\/agora.xtec.cat\/escmus-santpedor\/wp-content\/uploads\/usu569\/2022\/05\/20220521_130037-150x150.jpg\" class=\"attachment-thumbnail size-thumbnail\" alt=\"\" \/><\/a>\n\t\t\t<\/dt><\/dl><dl class='gallery-item'>\n\t\t\t<dt class='gallery-icon landscape'>\n\t\t\t\t<a href='https:\/\/agora.xtec.cat\/escmus-santpedor\/general\/vermut-concert-a-la-biblioteca\/attachment\/20220521_125755\/'><img loading=\"lazy\" decoding=\"async\" width=\"150\" height=\"150\" src=\"https:\/\/agora.xtec.cat\/escmus-santpedor\/wp-content\/uploads\/usu569\/2022\/05\/20220521_125755-150x150.jpg\" class=\"attachment-thumbnail size-thumbnail\" alt=\"\" \/><\/a>\n\t\t\t<\/dt><\/dl><dl class='gallery-item'>\n\t\t\t<dt class='gallery-icon landscape'>\n\t\t\t\t<a href='https:\/\/agora.xtec.cat\/escmus-santpedor\/general\/vermut-concert-a-la-biblioteca\/attachment\/20220521_125205\/'><img loading=\"lazy\" decoding=\"async\" width=\"150\" height=\"150\" src=\"https:\/\/agora.xtec.cat\/escmus-santpedor\/wp-content\/uploads\/usu569\/2022\/05\/20220521_125205-150x150.jpg\" class=\"attachment-thumbnail size-thumbnail\" alt=\"\" \/><\/a>\n\t\t\t<\/dt><\/dl><br style=\"clear: both\" \/><dl class='gallery-item'>\n\t\t\t<dt class='gallery-icon landscape'>\n\t\t\t\t<a href='https:\/\/agora.xtec.cat\/escmus-santpedor\/general\/vermut-concert-a-la-biblioteca\/attachment\/20220521_125557\/'><img loading=\"lazy\" decoding=\"async\" width=\"150\" height=\"150\" src=\"https:\/\/agora.xtec.cat\/escmus-santpedor\/wp-content\/uploads\/usu569\/2022\/05\/20220521_125557-150x150.jpg\" class=\"attachment-thumbnail size-thumbnail\" alt=\"\" \/><\/a>\n\t\t\t<\/dt><\/dl><dl class='gallery-item'>\n\t\t\t<dt class='gallery-icon landscape'>\n\t\t\t\t<a href='https:\/\/agora.xtec.cat\/escmus-santpedor\/general\/vermut-concert-a-la-biblioteca\/attachment\/20220521_125102\/'><img loading=\"lazy\" decoding=\"async\" width=\"150\" height=\"150\" src=\"https:\/\/agora.xtec.cat\/escmus-santpedor\/wp-content\/uploads\/usu569\/2022\/05\/20220521_125102-150x150.jpg\" class=\"attachment-thumbnail size-thumbnail\" alt=\"\" \/><\/a>\n\t\t\t<\/dt><\/dl><dl class='gallery-item'>\n\t\t\t<dt class='gallery-icon landscape'>\n\t\t\t\t<a href='https:\/\/agora.xtec.cat\/escmus-santpedor\/general\/vermut-concert-a-la-biblioteca\/attachment\/20220514_130259\/'><img loading=\"lazy\" decoding=\"async\" width=\"150\" height=\"150\" src=\"https:\/\/agora.xtec.cat\/escmus-santpedor\/wp-content\/uploads\/usu569\/2022\/05\/20220514_130259-150x150.jpg\" class=\"attachment-thumbnail size-thumbnail\" alt=\"\" \/><\/a>\n\t\t\t<\/dt><\/dl><br style=\"clear: both\" \/><dl class='gallery-item'>\n\t\t\t<dt class='gallery-icon portrait'>\n\t\t\t\t<a href='https:\/\/agora.xtec.cat\/escmus-santpedor\/general\/vermut-concert-a-la-biblioteca\/attachment\/20220514_125003\/'><img loading=\"lazy\" decoding=\"async\" width=\"150\" height=\"150\" src=\"https:\/\/agora.xtec.cat\/escmus-santpedor\/wp-content\/uploads\/usu569\/2022\/05\/20220514_125003-150x150.jpg\" class=\"attachment-thumbnail size-thumbnail\" alt=\"\" \/><\/a>\n\t\t\t<\/dt><\/dl>\n\t\t\t<br style='clear: both' \/>\n\t\t<\/div>\n\n","protected":false},"excerpt":{"rendered":"<p>Els dissabtes 14 i 21 de maig, la nostra escola va fer un vermut-concert a la Biblioteca Pare Ignasi Casanovas. Van ser unes audicions breus, a tres quarts d&#8217;una del migdia, on es van poder sentir diferents alumnes de l&#8217;escola tocant el viol\u00ed, la flauta,&hellip;  <a href=\"https:\/\/agora.xtec.cat\/escmus-santpedor\/general\/vermut-concert-a-la-biblioteca\/\" title=\"Read VERMUT &#8211; CONCERT A LA BIBLIOTECA\">Llegeix m\u00e9s\u00bb<\/a><\/p>\n","protected":false},"author":1,"featured_media":0,"comment_status":"open","ping_status":"closed","sticky":false,"template":"","format":"standard","meta":{"_bbp_topic_count":0,"_bbp_reply_count":0,"_bbp_total_topic_count":0,"_bbp_total_reply_count":0,"_bbp_voice_count":0,"_bbp_anonymous_reply_count":0,"_bbp_topic_count_hidden":0,"_bbp_reply_count_hidden":0,"_bbp_forum_subforum_count":0,"footnotes":""},"categories":[1],"tags":[],"class_list":["post-1502","post","type-post","status-publish","format-standard","hentry","category-general"],"post_mailing_queue_ids":[],"_links":{"self":[{"href":"https:\/\/agora.xtec.cat\/escmus-santpedor\/wp-json\/wp\/v2\/posts\/1502","targetHints":{"allow":["GET"]}}],"collection":[{"href":"https:\/\/agora.xtec.cat\/escmus-santpedor\/wp-json\/wp\/v2\/posts"}],"about":[{"href":"https:\/\/agora.xtec.cat\/escmus-santpedor\/wp-json\/wp\/v2\/types\/post"}],"author":[{"embeddable":true,"href":"https:\/\/agora.xtec.cat\/escmus-santpedor\/wp-json\/wp\/v2\/users\/1"}],"replies":[{"embeddable":true,"href":"https:\/\/agora.xtec.cat\/escmus-santpedor\/wp-json\/wp\/v2\/comments?post=1502"}],"version-history":[{"count":3,"href":"https:\/\/agora.xtec.cat\/escmus-santpedor\/wp-json\/wp\/v2\/posts\/1502\/revisions"}],"predecessor-version":[{"id":1511,"href":"https:\/\/agora.xtec.cat\/escmus-santpedor\/wp-json\/wp\/v2\/posts\/1502\/revisions\/1511"}],"wp:attachment":[{"href":"https:\/\/agora.xtec.cat\/escmus-santpedor\/wp-json\/wp\/v2\/media?parent=1502"}],"wp:term":[{"taxonomy":"category","embeddable":true,"href":"https:\/\/agora.xtec.cat\/escmus-santpedor\/wp-json\/wp\/v2\/categories?post=1502"},{"taxonomy":"post_tag","embeddable":true,"href":"https:\/\/agora.xtec.cat\/escmus-santpedor\/wp-json\/wp\/v2\/tags?post=1502"}],"curies":[{"name":"wp","href":"https:\/\/api.w.org\/{rel}","templated":true}]}}