{"id":1472,"date":"2022-05-02T20:46:16","date_gmt":"2022-05-02T18:46:16","guid":{"rendered":"https:\/\/agora.xtec.cat\/escmus-santpedor\/?p=1472"},"modified":"2022-05-02T20:50:45","modified_gmt":"2022-05-02T18:50:45","slug":"concert-residencia-lonada","status":"publish","type":"post","link":"https:\/\/agora.xtec.cat\/escmus-santpedor\/general\/concert-residencia-lonada\/","title":{"rendered":"CONCERT RESID\u00c8NCIA L&#8217;ONADA"},"content":{"rendered":"<p>El passat 27 d&#8217;abril v\u00e0rem anar a oferir un petit concert a la resid\u00e8ncia l&#8217;Onada &#8220;Cal Jorba&#8221; de Santpedor. Hi van participar alumnes d&#8217;Aula de m\u00fasica: el Joan, la Ma Carmen, la Montserrat, l&#8217;Eloy i l&#8217;Andreu; els van acompanyar les professores Montse i Belen.<\/p>\n<p>Ven tenir un p\u00fablic extraordinari que cantava i coneixia quasi totes les can\u00e7ons: La Gavina, Volver, Volare, el cant dels ocells, etc&#8230; V\u00e0rem acabar tots junts cantant el Virolai, les \u00e0vies i avis de la resid\u00e8ncia tamb\u00e9 ens hi van acompanyar.<\/p>\n<p>Sempre \u00e9s bonic participar en aquests actes. Felicitats a totes i tots<\/p>\n<p><a href=\"https:\/\/agora.xtec.cat\/escmus-santpedor\/wp-content\/uploads\/usu569\/2022\/05\/20220427_110230.jpg\"><img loading=\"lazy\" decoding=\"async\" class=\"alignnone wp-image-1477\" src=\"https:\/\/agora.xtec.cat\/escmus-santpedor\/wp-content\/uploads\/usu569\/2022\/05\/20220427_110230-225x300.jpg\" alt=\"\" width=\"200\" height=\"266\" srcset=\"https:\/\/agora.xtec.cat\/escmus-santpedor\/wp-content\/uploads\/usu569\/2022\/05\/20220427_110230-225x300.jpg 225w, https:\/\/agora.xtec.cat\/escmus-santpedor\/wp-content\/uploads\/usu569\/2022\/05\/20220427_110230.jpg 365w\" sizes=\"auto, (max-width: 200px) 100vw, 200px\" \/><\/a><a href=\"https:\/\/agora.xtec.cat\/escmus-santpedor\/wp-content\/uploads\/usu569\/2022\/05\/20220427_111915.jpg\"><img loading=\"lazy\" decoding=\"async\" class=\"alignnone wp-image-1473\" src=\"https:\/\/agora.xtec.cat\/escmus-santpedor\/wp-content\/uploads\/usu569\/2022\/05\/20220427_111915-225x300.jpg\" alt=\"\" width=\"200\" height=\"267\" srcset=\"https:\/\/agora.xtec.cat\/escmus-santpedor\/wp-content\/uploads\/usu569\/2022\/05\/20220427_111915-225x300.jpg 225w, https:\/\/agora.xtec.cat\/escmus-santpedor\/wp-content\/uploads\/usu569\/2022\/05\/20220427_111915.jpg 391w\" sizes=\"auto, (max-width: 200px) 100vw, 200px\" \/><\/a> <a href=\"https:\/\/agora.xtec.cat\/escmus-santpedor\/wp-content\/uploads\/usu569\/2022\/05\/20220427_111027.jpg\"><img loading=\"lazy\" decoding=\"async\" class=\"alignnone wp-image-1474\" src=\"https:\/\/agora.xtec.cat\/escmus-santpedor\/wp-content\/uploads\/usu569\/2022\/05\/20220427_111027-225x300.jpg\" alt=\"\" width=\"200\" height=\"267\" srcset=\"https:\/\/agora.xtec.cat\/escmus-santpedor\/wp-content\/uploads\/usu569\/2022\/05\/20220427_111027-225x300.jpg 225w, https:\/\/agora.xtec.cat\/escmus-santpedor\/wp-content\/uploads\/usu569\/2022\/05\/20220427_111027.jpg 391w\" sizes=\"auto, (max-width: 200px) 100vw, 200px\" \/><\/a> <a href=\"https:\/\/agora.xtec.cat\/escmus-santpedor\/wp-content\/uploads\/usu569\/2022\/05\/20220427_110816.jpg\"><img loading=\"lazy\" decoding=\"async\" class=\"alignnone wp-image-1475\" src=\"https:\/\/agora.xtec.cat\/escmus-santpedor\/wp-content\/uploads\/usu569\/2022\/05\/20220427_110816-225x300.jpg\" alt=\"\" width=\"200\" height=\"267\" srcset=\"https:\/\/agora.xtec.cat\/escmus-santpedor\/wp-content\/uploads\/usu569\/2022\/05\/20220427_110816-225x300.jpg 225w, https:\/\/agora.xtec.cat\/escmus-santpedor\/wp-content\/uploads\/usu569\/2022\/05\/20220427_110816.jpg 391w\" sizes=\"auto, (max-width: 200px) 100vw, 200px\" \/><\/a> <a href=\"https:\/\/agora.xtec.cat\/escmus-santpedor\/wp-content\/uploads\/usu569\/2022\/05\/20220427_110429.jpg\"><img loading=\"lazy\" decoding=\"async\" class=\"alignnone wp-image-1476\" src=\"https:\/\/agora.xtec.cat\/escmus-santpedor\/wp-content\/uploads\/usu569\/2022\/05\/20220427_110429-225x300.jpg\" alt=\"\" width=\"200\" height=\"267\" srcset=\"https:\/\/agora.xtec.cat\/escmus-santpedor\/wp-content\/uploads\/usu569\/2022\/05\/20220427_110429-225x300.jpg 225w, https:\/\/agora.xtec.cat\/escmus-santpedor\/wp-content\/uploads\/usu569\/2022\/05\/20220427_110429.jpg 434w\" sizes=\"auto, (max-width: 200px) 100vw, 200px\" \/><\/a><\/p>\n<div style=\"width: 720px;\" class=\"wp-video\"><!--[if lt IE 9]><script>document.createElement('video');<\/script><![endif]-->\n<video class=\"wp-video-shortcode\" id=\"video-1472-1\" width=\"720\" height=\"1280\" preload=\"metadata\" controls=\"controls\"><source type=\"video\/mp4\" src=\"https:\/\/agora.xtec.cat\/escmus-santpedor\/wp-content\/uploads\/usu569\/2022\/05\/Video-residencia.mp4?_=1\" \/><a href=\"https:\/\/agora.xtec.cat\/escmus-santpedor\/wp-content\/uploads\/usu569\/2022\/05\/Video-residencia.mp4\">https:\/\/agora.xtec.cat\/escmus-santpedor\/wp-content\/uploads\/usu569\/2022\/05\/Video-residencia.mp4<\/a><\/video><\/div>\n","protected":false},"excerpt":{"rendered":"<p>El passat 27 d&#8217;abril v\u00e0rem anar a oferir un petit concert a la resid\u00e8ncia l&#8217;Onada &#8220;Cal Jorba&#8221; de Santpedor. Hi van participar alumnes d&#8217;Aula de m\u00fasica: el Joan, la Ma Carmen, la Montserrat, l&#8217;Eloy i l&#8217;Andreu; els van acompanyar les professores Montse i Belen.<br \/>\nVen tenir&hellip;  <a href=\"https:\/\/agora.xtec.cat\/escmus-santpedor\/general\/concert-residencia-lonada\/\" title=\"Read CONCERT RESID\u00c8NCIA L&#8217;ONADA\">Llegeix m\u00e9s\u00bb<\/a><\/p>\n","protected":false},"author":1,"featured_media":0,"comment_status":"open","ping_status":"closed","sticky":false,"template":"","format":"standard","meta":{"_bbp_topic_count":0,"_bbp_reply_count":0,"_bbp_total_topic_count":0,"_bbp_total_reply_count":0,"_bbp_voice_count":0,"_bbp_anonymous_reply_count":0,"_bbp_topic_count_hidden":0,"_bbp_reply_count_hidden":0,"_bbp_forum_subforum_count":0,"footnotes":""},"categories":[1,4],"tags":[],"class_list":["post-1472","post","type-post","status-publish","format-standard","hentry","category-general","category-portada"],"post_mailing_queue_ids":[],"_links":{"self":[{"href":"https:\/\/agora.xtec.cat\/escmus-santpedor\/wp-json\/wp\/v2\/posts\/1472","targetHints":{"allow":["GET"]}}],"collection":[{"href":"https:\/\/agora.xtec.cat\/escmus-santpedor\/wp-json\/wp\/v2\/posts"}],"about":[{"href":"https:\/\/agora.xtec.cat\/escmus-santpedor\/wp-json\/wp\/v2\/types\/post"}],"author":[{"embeddable":true,"href":"https:\/\/agora.xtec.cat\/escmus-santpedor\/wp-json\/wp\/v2\/users\/1"}],"replies":[{"embeddable":true,"href":"https:\/\/agora.xtec.cat\/escmus-santpedor\/wp-json\/wp\/v2\/comments?post=1472"}],"version-history":[{"count":2,"href":"https:\/\/agora.xtec.cat\/escmus-santpedor\/wp-json\/wp\/v2\/posts\/1472\/revisions"}],"predecessor-version":[{"id":1482,"href":"https:\/\/agora.xtec.cat\/escmus-santpedor\/wp-json\/wp\/v2\/posts\/1472\/revisions\/1482"}],"wp:attachment":[{"href":"https:\/\/agora.xtec.cat\/escmus-santpedor\/wp-json\/wp\/v2\/media?parent=1472"}],"wp:term":[{"taxonomy":"category","embeddable":true,"href":"https:\/\/agora.xtec.cat\/escmus-santpedor\/wp-json\/wp\/v2\/categories?post=1472"},{"taxonomy":"post_tag","embeddable":true,"href":"https:\/\/agora.xtec.cat\/escmus-santpedor\/wp-json\/wp\/v2\/tags?post=1472"}],"curies":[{"name":"wp","href":"https:\/\/api.w.org\/{rel}","templated":true}]}}