{"id":1455,"date":"2022-05-02T20:48:50","date_gmt":"2022-05-02T18:48:50","guid":{"rendered":"https:\/\/agora.xtec.cat\/escmus-santpedor\/?p=1455"},"modified":"2022-05-02T20:48:40","modified_gmt":"2022-05-02T18:48:40","slug":"portes-obertes","status":"publish","type":"post","link":"https:\/\/agora.xtec.cat\/escmus-santpedor\/general\/portes-obertes\/","title":{"rendered":"PORTES OBERTES"},"content":{"rendered":"<p style=\"text-align: center;\">Aquesta setmana comencem les portes obertes de l&#8217;Escola de M\u00fasica. Podeu veure l&#8217;escola per dins en el seg\u00fcent enlla\u00e7:<\/p>\n<p style=\"text-align: center;\"><a href=\"https:\/\/youtu.be\/CcmwgTqkTcw\">L&#8217;Escola per dins<\/a><\/p>\n<p style=\"text-align: center;\">Tamb\u00e9 podeu veure en directe la feina que fem, aquest dimecres a les 20&#8217;00 h. al porxo de l&#8217;Ajuntament .<\/p>\n<p><a href=\"https:\/\/agora.xtec.cat\/escmus-santpedor\/wp-content\/uploads\/usu569\/2022\/05\/Copia-de-IMG_20220502_075419_417.jpg\"><img loading=\"lazy\" decoding=\"async\" class=\"size-medium wp-image-1457 aligncenter\" src=\"https:\/\/agora.xtec.cat\/escmus-santpedor\/wp-content\/uploads\/usu569\/2022\/05\/Copia-de-IMG_20220502_075419_417-300x300.jpg\" alt=\"\" width=\"300\" height=\"300\" srcset=\"https:\/\/agora.xtec.cat\/escmus-santpedor\/wp-content\/uploads\/usu569\/2022\/05\/Copia-de-IMG_20220502_075419_417-300x300.jpg 300w, https:\/\/agora.xtec.cat\/escmus-santpedor\/wp-content\/uploads\/usu569\/2022\/05\/Copia-de-IMG_20220502_075419_417-1024x1024.jpg 1024w, https:\/\/agora.xtec.cat\/escmus-santpedor\/wp-content\/uploads\/usu569\/2022\/05\/Copia-de-IMG_20220502_075419_417-150x150.jpg 150w, https:\/\/agora.xtec.cat\/escmus-santpedor\/wp-content\/uploads\/usu569\/2022\/05\/Copia-de-IMG_20220502_075419_417-768x768.jpg 768w, https:\/\/agora.xtec.cat\/escmus-santpedor\/wp-content\/uploads\/usu569\/2022\/05\/Copia-de-IMG_20220502_075419_417.jpg 1080w\" sizes=\"auto, (max-width: 300px) 100vw, 300px\" \/><\/a><\/p>\n<p>&nbsp;<\/p>\n","protected":false},"excerpt":{"rendered":"<p>Aquesta setmana comencem les portes obertes de l&#8217;Escola de M\u00fasica. Podeu veure l&#8217;escola per dins en el seg\u00fcent enlla\u00e7:<br \/>\n<a href=\"https:\/\/youtu.be\/CcmwgTqkTcw\">L&#8217;Escola per dins<\/a><br \/>\nTamb\u00e9 podeu veure en directe la feina que fem, aquest dimecres a les 20&#8217;00 h. al porxo de l&#8217;Ajuntament .<br \/>\n<a href=\"https:\/\/agora.xtec.cat\/escmus-santpedor\/wp-content\/uploads\/usu569\/2022\/05\/Copia-de-IMG_20220502_075419_417.jpg\"><\/a><br \/>\n&nbsp;<\/p>\n","protected":false},"author":1,"featured_media":1460,"comment_status":"open","ping_status":"closed","sticky":false,"template":"","format":"standard","meta":{"_bbp_topic_count":0,"_bbp_reply_count":0,"_bbp_total_topic_count":0,"_bbp_total_reply_count":0,"_bbp_voice_count":0,"_bbp_anonymous_reply_count":0,"_bbp_topic_count_hidden":0,"_bbp_reply_count_hidden":0,"_bbp_forum_subforum_count":0,"footnotes":""},"categories":[1,4],"tags":[],"class_list":["post-1455","post","type-post","status-publish","format-standard","has-post-thumbnail","hentry","category-general","category-portada"],"post_mailing_queue_ids":[],"_links":{"self":[{"href":"https:\/\/agora.xtec.cat\/escmus-santpedor\/wp-json\/wp\/v2\/posts\/1455","targetHints":{"allow":["GET"]}}],"collection":[{"href":"https:\/\/agora.xtec.cat\/escmus-santpedor\/wp-json\/wp\/v2\/posts"}],"about":[{"href":"https:\/\/agora.xtec.cat\/escmus-santpedor\/wp-json\/wp\/v2\/types\/post"}],"author":[{"embeddable":true,"href":"https:\/\/agora.xtec.cat\/escmus-santpedor\/wp-json\/wp\/v2\/users\/1"}],"replies":[{"embeddable":true,"href":"https:\/\/agora.xtec.cat\/escmus-santpedor\/wp-json\/wp\/v2\/comments?post=1455"}],"version-history":[{"count":3,"href":"https:\/\/agora.xtec.cat\/escmus-santpedor\/wp-json\/wp\/v2\/posts\/1455\/revisions"}],"predecessor-version":[{"id":1480,"href":"https:\/\/agora.xtec.cat\/escmus-santpedor\/wp-json\/wp\/v2\/posts\/1455\/revisions\/1480"}],"wp:featuredmedia":[{"embeddable":true,"href":"https:\/\/agora.xtec.cat\/escmus-santpedor\/wp-json\/wp\/v2\/media\/1460"}],"wp:attachment":[{"href":"https:\/\/agora.xtec.cat\/escmus-santpedor\/wp-json\/wp\/v2\/media?parent=1455"}],"wp:term":[{"taxonomy":"category","embeddable":true,"href":"https:\/\/agora.xtec.cat\/escmus-santpedor\/wp-json\/wp\/v2\/categories?post=1455"},{"taxonomy":"post_tag","embeddable":true,"href":"https:\/\/agora.xtec.cat\/escmus-santpedor\/wp-json\/wp\/v2\/tags?post=1455"}],"curies":[{"name":"wp","href":"https:\/\/api.w.org\/{rel}","templated":true}]}}