{"id":1153,"date":"2020-01-31T20:29:34","date_gmt":"2020-01-31T19:29:34","guid":{"rendered":"http:\/\/agora.xtec.cat\/escmus-santpedor\/?p=1153"},"modified":"2023-10-03T21:42:35","modified_gmt":"2023-10-03T19:42:35","slug":"concert-nadal","status":"publish","type":"post","link":"https:\/\/agora.xtec.cat\/escmus-santpedor\/general\/concert-nadal\/","title":{"rendered":"CONCERT NADAL"},"content":{"rendered":"<p>El passat 14 de desembre els m\u00e9s xics de l\u2019escola ens van oferir el tradicional concert de Nadal a l\u2019auditori del Convent. Vam sentir una gran varietat de nadales tant tradicionals com actuals. Can\u00e7ons com La Bicicleta de Nadal, de Llu\u00eds Panyella, el Ti\u00f3 de Nadal, del Pot Petit, el Rock del Caganer, de Marif\u00e9 Ib\u00e1\u00f1ez i el t\u00edpic Vint-i-cinc de desembre, ens van acompanyar en un mat\u00ed ben alegre i nadalenc.<\/p>\n<p>A m\u00e9s a m\u00e9s de cantar, els alumnes d\u2019iniciaci\u00f3 van fer uns dibuixos de nadal que van estar penjats al primer pis de l\u2019escola durant els dies previs i posteriors al concert. De tots els dibuixos, els professors en vam seleccionar quatre per a sortir al programa del concert.<\/p>\n","protected":false},"excerpt":{"rendered":"<p>El passat 14 de desembre els m\u00e9s xics de l\u2019escola ens van oferir el tradicional concert de Nadal a l\u2019auditori del Convent. Vam sentir una gran varietat de nadales tant tradicionals com actuals. Can\u00e7ons com La Bicicleta de Nadal, de Llu\u00eds Panyella, el Ti\u00f3 de&hellip;  <a href=\"https:\/\/agora.xtec.cat\/escmus-santpedor\/general\/concert-nadal\/\" title=\"Read CONCERT NADAL\">Llegeix m\u00e9s\u00bb<\/a><\/p>\n","protected":false},"author":1,"featured_media":0,"comment_status":"open","ping_status":"closed","sticky":false,"template":"","format":"standard","meta":{"_bbp_topic_count":0,"_bbp_reply_count":0,"_bbp_total_topic_count":0,"_bbp_total_reply_count":0,"_bbp_voice_count":0,"_bbp_anonymous_reply_count":0,"_bbp_topic_count_hidden":0,"_bbp_reply_count_hidden":0,"_bbp_forum_subforum_count":0,"footnotes":""},"categories":[1,25,4,92],"tags":[],"class_list":["post-1153","post","type-post","status-publish","format-standard","hentry","category-general","category-llenguatge-musical","category-portada","category-sensibilitzacio"],"post_mailing_queue_ids":[],"_links":{"self":[{"href":"https:\/\/agora.xtec.cat\/escmus-santpedor\/wp-json\/wp\/v2\/posts\/1153","targetHints":{"allow":["GET"]}}],"collection":[{"href":"https:\/\/agora.xtec.cat\/escmus-santpedor\/wp-json\/wp\/v2\/posts"}],"about":[{"href":"https:\/\/agora.xtec.cat\/escmus-santpedor\/wp-json\/wp\/v2\/types\/post"}],"author":[{"embeddable":true,"href":"https:\/\/agora.xtec.cat\/escmus-santpedor\/wp-json\/wp\/v2\/users\/1"}],"replies":[{"embeddable":true,"href":"https:\/\/agora.xtec.cat\/escmus-santpedor\/wp-json\/wp\/v2\/comments?post=1153"}],"version-history":[{"count":1,"href":"https:\/\/agora.xtec.cat\/escmus-santpedor\/wp-json\/wp\/v2\/posts\/1153\/revisions"}],"predecessor-version":[{"id":1154,"href":"https:\/\/agora.xtec.cat\/escmus-santpedor\/wp-json\/wp\/v2\/posts\/1153\/revisions\/1154"}],"wp:attachment":[{"href":"https:\/\/agora.xtec.cat\/escmus-santpedor\/wp-json\/wp\/v2\/media?parent=1153"}],"wp:term":[{"taxonomy":"category","embeddable":true,"href":"https:\/\/agora.xtec.cat\/escmus-santpedor\/wp-json\/wp\/v2\/categories?post=1153"},{"taxonomy":"post_tag","embeddable":true,"href":"https:\/\/agora.xtec.cat\/escmus-santpedor\/wp-json\/wp\/v2\/tags?post=1153"}],"curies":[{"name":"wp","href":"https:\/\/api.w.org\/{rel}","templated":true}]}}