{"id":1148,"date":"2020-01-23T20:23:57","date_gmt":"2020-01-23T19:23:57","guid":{"rendered":"http:\/\/agora.xtec.cat\/escmus-santpedor\/?p=1148"},"modified":"2020-01-23T20:26:09","modified_gmt":"2020-01-23T19:26:09","slug":"cantada-a-la-residencia-onada","status":"publish","type":"post","link":"https:\/\/agora.xtec.cat\/escmus-santpedor\/general\/cantada-a-la-residencia-onada\/","title":{"rendered":"CANTADA A LA RESID\u00c8NCIA ONADA"},"content":{"rendered":"<p>El dissabte 14 de desembre a les 6 de la tarda, part dels alumnes de 1r, 2n, 3r, 4t de Nivell Elemental de l\u2019Escola de Municipal de M\u00fasica de Santpedor vam anar a la Resid\u00e8ncia l\u2019Onada de Santpedor.<\/p>\n<p>Vam fer un petit concert, on vam cantar nadales populars com: El 25 de desembre, Dorm petita mar, All\u00e0 dalt de la muntanya, entre d\u2019altres can\u00e7ons.<\/p>\n<p>Alguns avis i \u00e0vies es van posar a cantar i a seguir el ritme de les can\u00e7ons. Els cantaires tamb\u00e9 vam gaudir cantant les can\u00e7ons que hav\u00edem preparat a les classes de cant coral. Ens ho vam passar molt b\u00e9, tothom tenia un somriure a la cara. Al final de l\u2019actuaci\u00f3 els avis i \u00e0vies ens van convidar a un berenar.<\/p>\n<p>A m\u00e9s, la cantata \u00e9s doblament solid\u00e0ria ja que forma part de les activitats de la Matinal Solid\u00e0ria.<\/p>\n<p>&nbsp;<\/p>\n<p style=\"text-align: right;\">MUNTSA\u00a0 \u00c0LVAREZ<\/p>\n","protected":false},"excerpt":{"rendered":"<p>El dissabte 14 de desembre a les 6 de la tarda, part dels alumnes de 1r, 2n, 3r, 4t de Nivell Elemental de l\u2019Escola de Municipal de M\u00fasica de Santpedor vam anar a la Resid\u00e8ncia l\u2019Onada de Santpedor.<br \/>\nVam fer un petit concert, on vam cantar&hellip;  <a href=\"https:\/\/agora.xtec.cat\/escmus-santpedor\/general\/cantada-a-la-residencia-onada\/\" title=\"Read CANTADA A LA RESID\u00c8NCIA ONADA\">Llegeix m\u00e9s\u00bb<\/a><\/p>\n","protected":false},"author":1,"featured_media":0,"comment_status":"open","ping_status":"closed","sticky":false,"template":"","format":"standard","meta":{"_bbp_topic_count":0,"_bbp_reply_count":0,"_bbp_total_topic_count":0,"_bbp_total_reply_count":0,"_bbp_voice_count":0,"_bbp_anonymous_reply_count":0,"_bbp_topic_count_hidden":0,"_bbp_reply_count_hidden":0,"_bbp_forum_subforum_count":0,"footnotes":""},"categories":[1,4],"tags":[],"class_list":["post-1148","post","type-post","status-publish","format-standard","hentry","category-general","category-portada"],"post_mailing_queue_ids":[],"_links":{"self":[{"href":"https:\/\/agora.xtec.cat\/escmus-santpedor\/wp-json\/wp\/v2\/posts\/1148","targetHints":{"allow":["GET"]}}],"collection":[{"href":"https:\/\/agora.xtec.cat\/escmus-santpedor\/wp-json\/wp\/v2\/posts"}],"about":[{"href":"https:\/\/agora.xtec.cat\/escmus-santpedor\/wp-json\/wp\/v2\/types\/post"}],"author":[{"embeddable":true,"href":"https:\/\/agora.xtec.cat\/escmus-santpedor\/wp-json\/wp\/v2\/users\/1"}],"replies":[{"embeddable":true,"href":"https:\/\/agora.xtec.cat\/escmus-santpedor\/wp-json\/wp\/v2\/comments?post=1148"}],"version-history":[{"count":3,"href":"https:\/\/agora.xtec.cat\/escmus-santpedor\/wp-json\/wp\/v2\/posts\/1148\/revisions"}],"predecessor-version":[{"id":1152,"href":"https:\/\/agora.xtec.cat\/escmus-santpedor\/wp-json\/wp\/v2\/posts\/1148\/revisions\/1152"}],"wp:attachment":[{"href":"https:\/\/agora.xtec.cat\/escmus-santpedor\/wp-json\/wp\/v2\/media?parent=1148"}],"wp:term":[{"taxonomy":"category","embeddable":true,"href":"https:\/\/agora.xtec.cat\/escmus-santpedor\/wp-json\/wp\/v2\/categories?post=1148"},{"taxonomy":"post_tag","embeddable":true,"href":"https:\/\/agora.xtec.cat\/escmus-santpedor\/wp-json\/wp\/v2\/tags?post=1148"}],"curies":[{"name":"wp","href":"https:\/\/api.w.org\/{rel}","templated":true}]}}