{"id":1136,"date":"2019-10-04T20:18:22","date_gmt":"2019-10-04T18:18:22","guid":{"rendered":"http:\/\/agora.xtec.cat\/escmus-santpedor\/?p=1136"},"modified":"2019-10-04T20:20:27","modified_gmt":"2019-10-04T18:20:27","slug":"en-memoria-de-la-nerina-soler-i-santolari","status":"publish","type":"post","link":"https:\/\/agora.xtec.cat\/escmus-santpedor\/general\/en-memoria-de-la-nerina-soler-i-santolari\/","title":{"rendered":"EN MEM\u00d2RIA DE LA NERINA SOLER i SANTOLARI"},"content":{"rendered":"<p>La Nerina Soler i Santolari\u00a0 va venir a estudiar m\u00fasica amb nosaltres a l&#8217;edat de 10 anys.<\/p>\n<p>Va comen\u00e7ar provant tots els instruments de l&#8217;escola. El clarinet va ser l&#8217;instrument que la va captivar i va aconseguir que es qued\u00e9s 9 anys amb nosaltres compartint molts bons moments.<\/p>\n<p>Malauradament ens va deixar fa uns dies de manera molt sobtada i prematura, deixant un gran buit a tots els que vam tenir la sort de con\u00e8ixer-la.<\/p>\n<p>Sempre la recordarem com una noia amable, respectuosa, educada, responsable, sincera, alegra&#8230; i cada vegada que entrem al nostre auditori, la podrem recordar tot veient-la en moltes de les fotografies que tenim exposades, i que mostren el llarg recorregut que va fer per l&#8217;Escola.<\/p>\n<p>Volem fer arribar el nostre m\u00e9s sentit condol a tota la fam\u00edlia i en especial al Marc, que va ser durant molts anys membre de la junta de l&#8217;Associaci\u00f3 Escola de M\u00fasica i el seu \u00faltim president.<\/p>\n<p>Equip directiu<\/p>\n<p>&nbsp;<\/p>\n","protected":false},"excerpt":{"rendered":"<p>La Nerina Soler i Santolari\u00a0 va venir a estudiar m\u00fasica amb nosaltres a l&#8217;edat de 10 anys.<br \/>\nVa comen\u00e7ar provant tots els instruments de l&#8217;escola. El clarinet va ser l&#8217;instrument que la va captivar i va aconseguir que es qued\u00e9s 9 anys amb nosaltres compartint molts&hellip;  <a href=\"https:\/\/agora.xtec.cat\/escmus-santpedor\/general\/en-memoria-de-la-nerina-soler-i-santolari\/\" title=\"Read EN MEM\u00d2RIA DE LA NERINA SOLER i SANTOLARI\">Llegeix m\u00e9s\u00bb<\/a><\/p>\n","protected":false},"author":1,"featured_media":0,"comment_status":"open","ping_status":"closed","sticky":false,"template":"","format":"standard","meta":{"_bbp_topic_count":0,"_bbp_reply_count":0,"_bbp_total_topic_count":0,"_bbp_total_reply_count":0,"_bbp_voice_count":0,"_bbp_anonymous_reply_count":0,"_bbp_topic_count_hidden":0,"_bbp_reply_count_hidden":0,"_bbp_forum_subforum_count":0,"footnotes":""},"categories":[1,4],"tags":[68,63],"class_list":["post-1136","post","type-post","status-publish","format-standard","hentry","category-general","category-portada","tag-clarinet","tag-noticies"],"post_mailing_queue_ids":[],"_links":{"self":[{"href":"https:\/\/agora.xtec.cat\/escmus-santpedor\/wp-json\/wp\/v2\/posts\/1136","targetHints":{"allow":["GET"]}}],"collection":[{"href":"https:\/\/agora.xtec.cat\/escmus-santpedor\/wp-json\/wp\/v2\/posts"}],"about":[{"href":"https:\/\/agora.xtec.cat\/escmus-santpedor\/wp-json\/wp\/v2\/types\/post"}],"author":[{"embeddable":true,"href":"https:\/\/agora.xtec.cat\/escmus-santpedor\/wp-json\/wp\/v2\/users\/1"}],"replies":[{"embeddable":true,"href":"https:\/\/agora.xtec.cat\/escmus-santpedor\/wp-json\/wp\/v2\/comments?post=1136"}],"version-history":[{"count":3,"href":"https:\/\/agora.xtec.cat\/escmus-santpedor\/wp-json\/wp\/v2\/posts\/1136\/revisions"}],"predecessor-version":[{"id":1139,"href":"https:\/\/agora.xtec.cat\/escmus-santpedor\/wp-json\/wp\/v2\/posts\/1136\/revisions\/1139"}],"wp:attachment":[{"href":"https:\/\/agora.xtec.cat\/escmus-santpedor\/wp-json\/wp\/v2\/media?parent=1136"}],"wp:term":[{"taxonomy":"category","embeddable":true,"href":"https:\/\/agora.xtec.cat\/escmus-santpedor\/wp-json\/wp\/v2\/categories?post=1136"},{"taxonomy":"post_tag","embeddable":true,"href":"https:\/\/agora.xtec.cat\/escmus-santpedor\/wp-json\/wp\/v2\/tags?post=1136"}],"curies":[{"name":"wp","href":"https:\/\/api.w.org\/{rel}","templated":true}]}}