{"id":1104,"date":"2019-05-06T20:40:58","date_gmt":"2019-05-06T18:40:58","guid":{"rendered":"http:\/\/agora.xtec.cat\/escmus-santpedor\/?p=1104"},"modified":"2019-05-06T20:40:58","modified_gmt":"2019-05-06T18:40:58","slug":"santpedor-en-flor","status":"publish","type":"post","link":"https:\/\/agora.xtec.cat\/escmus-santpedor\/general\/santpedor-en-flor\/","title":{"rendered":"SANTPEDOR EN FLOR"},"content":{"rendered":"<p>Per celebrar l\u2019arribada de la primavera, Santpedor es vesteix de festa el cap de setmana del 4 i 5 de maig omplint la vila amb muntatges florals i activitats que ens porten a sortir al carrer per gaudir tots plegats de l\u2019arribada del bon temps. L\u2019escola de m\u00fasica s\u2019afegeix a aquesta celebraci\u00f3 amb una mostra de diversos instrumentistes sota les voltes de l\u2019ajuntament. L\u2019activitat pret\u00e9n oferir un petit tastet musical i fer participar els infants de la festa tot mostrant les seves habilitats a la resta del poble.<\/p>\n<p>Enguany les persones assistents van poder veure una bona colla d\u2019instrumentistes de la nostra escola que van tenir una molt bona acollida per part de tots els presents. Van participar com a instrumentistes els seg\u00fcents alumnes:<\/p>\n<p>TROMPETES: Sira L\u00f3pez i Aina Company<\/p>\n<p>VIOL\u00cd: Aida Gonz\u00e1lez, Laia S\u00e1nchez, Itziar Farr\u00e9s.<\/p>\n<p>CLARINET: Marina Sol\u00e9.<\/p>\n<p>GUITARRA: Joan Linares.<\/p>\n<p>FLAUTA: Xavier i Josep Victori.<\/p>\n<p>BATERIA: Pau Palomar i Adri\u00e0 Marqu\u00e9s.<\/p>\n<p>PIANO: Marc Pallej\u00e0.<\/p>\n<p>SAXO: Olga Andreu i Eva Casta\u00f1o<\/p>\n<p>Cal dir que tots ells ho van fer molt b\u00e9, van rebre molts aplaudiments per premiar el seu esfor\u00e7 i dedicaci\u00f3. Un poble amb m\u00fasica \u00e9s un poble viu que convida a consolidar els valors fonamentals per una bona conviv\u00e8ncia.<\/p>\n<p>Moltes gr\u00e0cies a tothom per poder fer-ho possible.<\/p>\n\n\t\t<style type=\"text\/css\">\n\t\t\t#gallery-1 {\n\t\t\t\tmargin: auto;\n\t\t\t}\n\t\t\t#gallery-1 .gallery-item {\n\t\t\t\tfloat: left;\n\t\t\t\tmargin-top: 10px;\n\t\t\t\ttext-align: center;\n\t\t\t\twidth: 33%;\n\t\t\t}\n\t\t\t#gallery-1 img {\n\t\t\t\tborder: 2px solid #cfcfcf;\n\t\t\t}\n\t\t\t#gallery-1 .gallery-caption {\n\t\t\t\tmargin-left: 0;\n\t\t\t}\n\t\t\t\/* see gallery_shortcode() in wp-includes\/media.php *\/\n\t\t<\/style>\n\t\t<div id='gallery-1' class='gallery galleryid-1104 gallery-columns-3 gallery-size-thumbnail'><dl class='gallery-item'>\n\t\t\t<dt class='gallery-icon landscape'>\n\t\t\t\t<a href='https:\/\/agora.xtec.cat\/escmus-santpedor\/general\/santpedor-en-flor\/attachment\/2019-05-04-12-12-02\/'><img loading=\"lazy\" decoding=\"async\" width=\"150\" height=\"150\" src=\"https:\/\/agora.xtec.cat\/escmus-santpedor\/wp-content\/uploads\/usu569\/2019\/05\/2019-05-04-12.12.02-150x150.jpg\" class=\"attachment-thumbnail size-thumbnail\" alt=\"\" \/><\/a>\n\t\t\t<\/dt><\/dl><dl class='gallery-item'>\n\t\t\t<dt class='gallery-icon landscape'>\n\t\t\t\t<a href='https:\/\/agora.xtec.cat\/escmus-santpedor\/general\/santpedor-en-flor\/attachment\/2019-05-04-12-13-45\/'><img loading=\"lazy\" decoding=\"async\" width=\"150\" height=\"150\" src=\"https:\/\/agora.xtec.cat\/escmus-santpedor\/wp-content\/uploads\/usu569\/2019\/05\/2019-05-04-12.13.45-150x150.jpg\" class=\"attachment-thumbnail size-thumbnail\" alt=\"\" \/><\/a>\n\t\t\t<\/dt><\/dl><dl class='gallery-item'>\n\t\t\t<dt class='gallery-icon landscape'>\n\t\t\t\t<a href='https:\/\/agora.xtec.cat\/escmus-santpedor\/general\/santpedor-en-flor\/attachment\/2019-05-04-12-15-19\/'><img loading=\"lazy\" decoding=\"async\" width=\"150\" height=\"150\" src=\"https:\/\/agora.xtec.cat\/escmus-santpedor\/wp-content\/uploads\/usu569\/2019\/05\/2019-05-04-12.15.19-150x150.jpg\" class=\"attachment-thumbnail size-thumbnail\" alt=\"\" \/><\/a>\n\t\t\t<\/dt><\/dl><br style=\"clear: both\" \/><dl class='gallery-item'>\n\t\t\t<dt class='gallery-icon landscape'>\n\t\t\t\t<a href='https:\/\/agora.xtec.cat\/escmus-santpedor\/general\/santpedor-en-flor\/attachment\/2019-05-04-12-20-10\/'><img loading=\"lazy\" decoding=\"async\" width=\"150\" height=\"150\" src=\"https:\/\/agora.xtec.cat\/escmus-santpedor\/wp-content\/uploads\/usu569\/2019\/05\/2019-05-04-12.20.10-150x150.jpg\" class=\"attachment-thumbnail size-thumbnail\" alt=\"\" \/><\/a>\n\t\t\t<\/dt><\/dl><dl class='gallery-item'>\n\t\t\t<dt class='gallery-icon landscape'>\n\t\t\t\t<a href='https:\/\/agora.xtec.cat\/escmus-santpedor\/general\/santpedor-en-flor\/attachment\/2019-05-04-12-22-48\/'><img loading=\"lazy\" decoding=\"async\" width=\"150\" height=\"150\" src=\"https:\/\/agora.xtec.cat\/escmus-santpedor\/wp-content\/uploads\/usu569\/2019\/05\/2019-05-04-12.22.48-150x150.jpg\" class=\"attachment-thumbnail size-thumbnail\" alt=\"\" \/><\/a>\n\t\t\t<\/dt><\/dl><dl class='gallery-item'>\n\t\t\t<dt class='gallery-icon landscape'>\n\t\t\t\t<a href='https:\/\/agora.xtec.cat\/escmus-santpedor\/general\/santpedor-en-flor\/attachment\/2019-05-04-12-10-48\/'><img loading=\"lazy\" decoding=\"async\" width=\"150\" height=\"150\" src=\"https:\/\/agora.xtec.cat\/escmus-santpedor\/wp-content\/uploads\/usu569\/2019\/05\/2019-05-04-12.10.48-150x150.jpg\" class=\"attachment-thumbnail size-thumbnail\" alt=\"\" \/><\/a>\n\t\t\t<\/dt><\/dl><br style=\"clear: both\" \/><dl class='gallery-item'>\n\t\t\t<dt class='gallery-icon landscape'>\n\t\t\t\t<a href='https:\/\/agora.xtec.cat\/escmus-santpedor\/general\/santpedor-en-flor\/attachment\/2019-05-04-12-18-08\/'><img loading=\"lazy\" decoding=\"async\" width=\"150\" height=\"150\" src=\"https:\/\/agora.xtec.cat\/escmus-santpedor\/wp-content\/uploads\/usu569\/2019\/05\/2019-05-04-12.18.08-150x150.jpg\" class=\"attachment-thumbnail size-thumbnail\" alt=\"\" \/><\/a>\n\t\t\t<\/dt><\/dl>\n\t\t\t<br style='clear: both' \/>\n\t\t<\/div>\n\n","protected":false},"excerpt":{"rendered":"<p>Per celebrar l\u2019arribada de la primavera, Santpedor es vesteix de festa el cap de setmana del 4 i 5 de maig omplint la vila amb muntatges florals i activitats que ens porten a sortir al carrer per gaudir tots plegats de l\u2019arribada del bon temps.&hellip;  <a href=\"https:\/\/agora.xtec.cat\/escmus-santpedor\/general\/santpedor-en-flor\/\" title=\"Read SANTPEDOR EN FLOR\">Llegeix m\u00e9s\u00bb<\/a><\/p>\n","protected":false},"author":1,"featured_media":0,"comment_status":"open","ping_status":"closed","sticky":false,"template":"","format":"standard","meta":{"_bbp_topic_count":0,"_bbp_reply_count":0,"_bbp_total_topic_count":0,"_bbp_total_reply_count":0,"_bbp_voice_count":0,"_bbp_anonymous_reply_count":0,"_bbp_topic_count_hidden":0,"_bbp_reply_count_hidden":0,"_bbp_forum_subforum_count":0,"footnotes":""},"categories":[2,1,4],"tags":[],"class_list":["post-1104","post","type-post","status-publish","format-standard","hentry","category-formacions","category-general","category-portada"],"post_mailing_queue_ids":[],"_links":{"self":[{"href":"https:\/\/agora.xtec.cat\/escmus-santpedor\/wp-json\/wp\/v2\/posts\/1104","targetHints":{"allow":["GET"]}}],"collection":[{"href":"https:\/\/agora.xtec.cat\/escmus-santpedor\/wp-json\/wp\/v2\/posts"}],"about":[{"href":"https:\/\/agora.xtec.cat\/escmus-santpedor\/wp-json\/wp\/v2\/types\/post"}],"author":[{"embeddable":true,"href":"https:\/\/agora.xtec.cat\/escmus-santpedor\/wp-json\/wp\/v2\/users\/1"}],"replies":[{"embeddable":true,"href":"https:\/\/agora.xtec.cat\/escmus-santpedor\/wp-json\/wp\/v2\/comments?post=1104"}],"version-history":[{"count":1,"href":"https:\/\/agora.xtec.cat\/escmus-santpedor\/wp-json\/wp\/v2\/posts\/1104\/revisions"}],"predecessor-version":[{"id":1112,"href":"https:\/\/agora.xtec.cat\/escmus-santpedor\/wp-json\/wp\/v2\/posts\/1104\/revisions\/1112"}],"wp:attachment":[{"href":"https:\/\/agora.xtec.cat\/escmus-santpedor\/wp-json\/wp\/v2\/media?parent=1104"}],"wp:term":[{"taxonomy":"category","embeddable":true,"href":"https:\/\/agora.xtec.cat\/escmus-santpedor\/wp-json\/wp\/v2\/categories?post=1104"},{"taxonomy":"post_tag","embeddable":true,"href":"https:\/\/agora.xtec.cat\/escmus-santpedor\/wp-json\/wp\/v2\/tags?post=1104"}],"curies":[{"name":"wp","href":"https:\/\/api.w.org\/{rel}","templated":true}]}}