{"id":1081,"date":"2019-04-29T20:13:48","date_gmt":"2019-04-29T18:13:48","guid":{"rendered":"http:\/\/agora.xtec.cat\/escmus-santpedor\/?p=1081"},"modified":"2019-04-29T20:15:36","modified_gmt":"2019-04-29T18:15:36","slug":"concert-a-lauditori-narcisa-freixas","status":"publish","type":"post","link":"https:\/\/agora.xtec.cat\/escmus-santpedor\/general\/concert-a-lauditori-narcisa-freixas\/","title":{"rendered":"CONCERT A L&#8217;AUDITORI NARCISA FREIXAS"},"content":{"rendered":"<p>El passat dissabte dia 13 d\u2019abril es va celebrar a L\u2019Auditori de Barcelona el concert d\u2019homenatge a la compositora i pedagoga catalana Narcisa Freixas en commemoraci\u00f3 del 160\u00e8 aniversari del seu naixement. A l\u2019acte hi van intervenir m\u00e9s de tres-cents cantaires d\u2019escoles de m\u00fasica i conservatoris de Catalunya, <strong>entre els quals hi van cantar els nostres alumnes de 2n d\u2019iniciaci\u00f3 de llenguatge musical, essent l\u2019\u00fanica escola de m\u00fasica del Bages<\/strong>. Al concert tamb\u00e9 hi van intervenir dues cobles juvenils i els guanyadors del Premi Narcisa Freixas per a joves int\u00e8rprets. La direcci\u00f3 va anar a c\u00e0rrec de Mireia Barrera (cors) i Jordi Figar\u00f3 (cobles).<\/p>\n<p>El concert va congregar uns mil dos-cents assistents i va comptar amb la pres\u00e8ncia de la n\u00e9ta de Narcisa Freixas, aix\u00ed com de representants del Departament d\u2019Educaci\u00f3 i de les principals associacions d\u2019escoles de m\u00fasica i conservatoris de Catalunya. El repertori de l\u2019acte estava format \u00edntegrament per obres l\u00edriques, corals i instrumentals d\u2019aquesta compositora del modernisme catal\u00e0.<\/p>\n<p>El projecte Narcisa Freixas 160 Anys va ser una proposta de l\u2019\u00e0rea de m\u00fasica del Servei d\u2019Ordenaci\u00f3 dels Ensenyaments de R\u00e8gim Especial del Departament d\u2019Educaci\u00f3.<\/p>\n<p>Els 22 alumnes santpedorencs s\u2019ho van passar d\u2019all\u00f2 m\u00e9s b\u00e9 compartint els seus cants amb altres veus i instruments d\u2019arreu de Catalunya!<\/p>\n\n\t\t<style type=\"text\/css\">\n\t\t\t#gallery-1 {\n\t\t\t\tmargin: auto;\n\t\t\t}\n\t\t\t#gallery-1 .gallery-item {\n\t\t\t\tfloat: left;\n\t\t\t\tmargin-top: 10px;\n\t\t\t\ttext-align: center;\n\t\t\t\twidth: 33%;\n\t\t\t}\n\t\t\t#gallery-1 img {\n\t\t\t\tborder: 2px solid #cfcfcf;\n\t\t\t}\n\t\t\t#gallery-1 .gallery-caption {\n\t\t\t\tmargin-left: 0;\n\t\t\t}\n\t\t\t\/* see gallery_shortcode() in wp-includes\/media.php *\/\n\t\t<\/style>\n\t\t<div id='gallery-1' class='gallery galleryid-1081 gallery-columns-3 gallery-size-thumbnail'><dl class='gallery-item'>\n\t\t\t<dt class='gallery-icon landscape'>\n\t\t\t\t<a href='https:\/\/agora.xtec.cat\/escmus-santpedor\/general\/concert-a-lauditori-narcisa-freixas\/attachment\/img_0626\/'><img loading=\"lazy\" decoding=\"async\" width=\"150\" height=\"150\" src=\"https:\/\/agora.xtec.cat\/escmus-santpedor\/wp-content\/uploads\/usu569\/2019\/04\/IMG_0626-150x150.jpg\" class=\"attachment-thumbnail size-thumbnail\" alt=\"\" \/><\/a>\n\t\t\t<\/dt><\/dl><dl class='gallery-item'>\n\t\t\t<dt class='gallery-icon landscape'>\n\t\t\t\t<a href='https:\/\/agora.xtec.cat\/escmus-santpedor\/general\/concert-a-lauditori-narcisa-freixas\/attachment\/img-20190413-wa0087\/'><img loading=\"lazy\" decoding=\"async\" width=\"150\" height=\"150\" src=\"https:\/\/agora.xtec.cat\/escmus-santpedor\/wp-content\/uploads\/usu569\/2019\/04\/IMG-20190413-WA0087-150x150.jpg\" class=\"attachment-thumbnail size-thumbnail\" alt=\"\" \/><\/a>\n\t\t\t<\/dt><\/dl><dl class='gallery-item'>\n\t\t\t<dt class='gallery-icon landscape'>\n\t\t\t\t<a href='https:\/\/agora.xtec.cat\/escmus-santpedor\/general\/concert-a-lauditori-narcisa-freixas\/attachment\/image1\/'><img loading=\"lazy\" decoding=\"async\" width=\"150\" height=\"150\" src=\"https:\/\/agora.xtec.cat\/escmus-santpedor\/wp-content\/uploads\/usu569\/2019\/04\/image1-150x150.jpeg\" class=\"attachment-thumbnail size-thumbnail\" alt=\"\" \/><\/a>\n\t\t\t<\/dt><\/dl><br style=\"clear: both\" \/><dl class='gallery-item'>\n\t\t\t<dt class='gallery-icon landscape'>\n\t\t\t\t<a href='https:\/\/agora.xtec.cat\/escmus-santpedor\/general\/concert-a-lauditori-narcisa-freixas\/attachment\/img_0650\/'><img loading=\"lazy\" decoding=\"async\" width=\"150\" height=\"150\" src=\"https:\/\/agora.xtec.cat\/escmus-santpedor\/wp-content\/uploads\/usu569\/2019\/04\/IMG_0650-150x150.jpg\" class=\"attachment-thumbnail size-thumbnail\" alt=\"\" \/><\/a>\n\t\t\t<\/dt><\/dl>\n\t\t\t<br style='clear: both' \/>\n\t\t<\/div>\n\n<p>&nbsp;<\/p>\n","protected":false},"excerpt":{"rendered":"<p>El passat dissabte dia 13 d\u2019abril es va celebrar a L\u2019Auditori de Barcelona el concert d\u2019homenatge a la compositora i pedagoga catalana Narcisa Freixas en commemoraci\u00f3 del 160\u00e8 aniversari del seu naixement. A l\u2019acte hi van intervenir m\u00e9s de tres-cents cantaires d\u2019escoles de m\u00fasica i&hellip;  <a href=\"https:\/\/agora.xtec.cat\/escmus-santpedor\/general\/concert-a-lauditori-narcisa-freixas\/\" title=\"Read CONCERT A L&#8217;AUDITORI NARCISA FREIXAS\">Llegeix m\u00e9s\u00bb<\/a><\/p>\n","protected":false},"author":1,"featured_media":0,"comment_status":"open","ping_status":"closed","sticky":false,"template":"","format":"standard","meta":{"_bbp_topic_count":0,"_bbp_reply_count":0,"_bbp_total_topic_count":0,"_bbp_total_reply_count":0,"_bbp_voice_count":0,"_bbp_anonymous_reply_count":0,"_bbp_topic_count_hidden":0,"_bbp_reply_count_hidden":0,"_bbp_forum_subforum_count":0,"footnotes":""},"categories":[1,25,4],"tags":[],"class_list":["post-1081","post","type-post","status-publish","format-standard","hentry","category-general","category-llenguatge-musical","category-portada"],"post_mailing_queue_ids":[],"_links":{"self":[{"href":"https:\/\/agora.xtec.cat\/escmus-santpedor\/wp-json\/wp\/v2\/posts\/1081","targetHints":{"allow":["GET"]}}],"collection":[{"href":"https:\/\/agora.xtec.cat\/escmus-santpedor\/wp-json\/wp\/v2\/posts"}],"about":[{"href":"https:\/\/agora.xtec.cat\/escmus-santpedor\/wp-json\/wp\/v2\/types\/post"}],"author":[{"embeddable":true,"href":"https:\/\/agora.xtec.cat\/escmus-santpedor\/wp-json\/wp\/v2\/users\/1"}],"replies":[{"embeddable":true,"href":"https:\/\/agora.xtec.cat\/escmus-santpedor\/wp-json\/wp\/v2\/comments?post=1081"}],"version-history":[{"count":3,"href":"https:\/\/agora.xtec.cat\/escmus-santpedor\/wp-json\/wp\/v2\/posts\/1081\/revisions"}],"predecessor-version":[{"id":1088,"href":"https:\/\/agora.xtec.cat\/escmus-santpedor\/wp-json\/wp\/v2\/posts\/1081\/revisions\/1088"}],"wp:attachment":[{"href":"https:\/\/agora.xtec.cat\/escmus-santpedor\/wp-json\/wp\/v2\/media?parent=1081"}],"wp:term":[{"taxonomy":"category","embeddable":true,"href":"https:\/\/agora.xtec.cat\/escmus-santpedor\/wp-json\/wp\/v2\/categories?post=1081"},{"taxonomy":"post_tag","embeddable":true,"href":"https:\/\/agora.xtec.cat\/escmus-santpedor\/wp-json\/wp\/v2\/tags?post=1081"}],"curies":[{"name":"wp","href":"https:\/\/api.w.org\/{rel}","templated":true}]}}