{"id":1066,"date":"2019-04-11T19:59:43","date_gmt":"2019-04-11T17:59:43","guid":{"rendered":"http:\/\/agora.xtec.cat\/escmus-santpedor\/?p=1066"},"modified":"2019-04-11T19:59:43","modified_gmt":"2019-04-11T17:59:43","slug":"concert-pels-escolars-del-poble-2","status":"publish","type":"post","link":"https:\/\/agora.xtec.cat\/escmus-santpedor\/general\/concert-pels-escolars-del-poble-2\/","title":{"rendered":"CONCERT PELS ESCOLARS DEL POBLE"},"content":{"rendered":"<p>El passat dimecres dia 3 d\u2019abril, els professors i professores de l\u2019Escola Municipal de M\u00fasica de Santpedor van oferir un concert als nens i nenes de P-2 i P-5 de les escoles del poble i de Castellnou.<\/p>\n<p>Van interpretar \u201cEl Carnaval dels animals\u201d de Saint Sa\u00ebns mostrant aix\u00ed, tots els instruments que es poden estudiar a l\u2019escola.<\/p>\n<p>Es van fer tres sessions on hi van assistir les escoles bressol Els Gallarets i Pam i Pipa, l\u2019Escola Jeroni de Moragas i les escoles de prim\u00e0ria Riu d\u2019Or, La Serreta, Llissach i L\u2019Olivar.<\/p>\n<p>En total, 183 infants van despla\u00e7ar-se fins l\u2019Auditori Maria Espinalt de l\u2019Escola de M\u00fasica i aix\u00ed van poder gaudir de la m\u00fasica!<\/p>\n<p><a href=\"https:\/\/agora.xtec.cat\/escmus-santpedor\/wp-content\/uploads\/usu569\/2019\/04\/20190403_093816-min.jpg\"><img loading=\"lazy\" decoding=\"async\" class=\"alignnone  wp-image-1068\" src=\"https:\/\/agora.xtec.cat\/escmus-santpedor\/wp-content\/uploads\/usu569\/2019\/04\/20190403_093816-min-768x1024.jpg\" alt=\"\" width=\"234\" height=\"312\" srcset=\"https:\/\/agora.xtec.cat\/escmus-santpedor\/wp-content\/uploads\/usu569\/2019\/04\/20190403_093816-min-768x1024.jpg 768w, https:\/\/agora.xtec.cat\/escmus-santpedor\/wp-content\/uploads\/usu569\/2019\/04\/20190403_093816-min-225x300.jpg 225w\" sizes=\"auto, (max-width: 234px) 100vw, 234px\" \/><\/a> <a href=\"https:\/\/agora.xtec.cat\/escmus-santpedor\/wp-content\/uploads\/usu569\/2019\/04\/20190403_093845-min.jpg\"><img loading=\"lazy\" decoding=\"async\" class=\"alignnone  wp-image-1069\" src=\"https:\/\/agora.xtec.cat\/escmus-santpedor\/wp-content\/uploads\/usu569\/2019\/04\/20190403_093845-min-1024x768.jpg\" alt=\"\" width=\"305\" height=\"229\" srcset=\"https:\/\/agora.xtec.cat\/escmus-santpedor\/wp-content\/uploads\/usu569\/2019\/04\/20190403_093845-min-1024x768.jpg 1024w, https:\/\/agora.xtec.cat\/escmus-santpedor\/wp-content\/uploads\/usu569\/2019\/04\/20190403_093845-min-300x225.jpg 300w, https:\/\/agora.xtec.cat\/escmus-santpedor\/wp-content\/uploads\/usu569\/2019\/04\/20190403_093845-min-768x576.jpg 768w, https:\/\/agora.xtec.cat\/escmus-santpedor\/wp-content\/uploads\/usu569\/2019\/04\/20190403_093845-min-200x150.jpg 200w\" sizes=\"auto, (max-width: 305px) 100vw, 305px\" \/><\/a><\/p>\n<p>&nbsp;<\/p>\n<p>&nbsp;<\/p>\n","protected":false},"excerpt":{"rendered":"<p>El passat dimecres dia 3 d\u2019abril, els professors i professores de l\u2019Escola Municipal de M\u00fasica de Santpedor van oferir un concert als nens i nenes de P-2 i P-5 de les escoles del poble i de Castellnou.<br \/>\nVan interpretar \u201cEl Carnaval dels animals\u201d de Saint Sa\u00ebns&hellip;  <a href=\"https:\/\/agora.xtec.cat\/escmus-santpedor\/general\/concert-pels-escolars-del-poble-2\/\" title=\"Read CONCERT PELS ESCOLARS DEL POBLE\">Llegeix m\u00e9s\u00bb<\/a><\/p>\n","protected":false},"author":1,"featured_media":0,"comment_status":"open","ping_status":"closed","sticky":false,"template":"","format":"standard","meta":{"_bbp_topic_count":0,"_bbp_reply_count":0,"_bbp_total_topic_count":0,"_bbp_total_reply_count":0,"_bbp_voice_count":0,"_bbp_anonymous_reply_count":0,"_bbp_topic_count_hidden":0,"_bbp_reply_count_hidden":0,"_bbp_forum_subforum_count":0,"footnotes":""},"categories":[2,1,33,4],"tags":[],"class_list":["post-1066","post","type-post","status-publish","format-standard","hentry","category-formacions","category-general","category-instruments","category-portada"],"post_mailing_queue_ids":[],"_links":{"self":[{"href":"https:\/\/agora.xtec.cat\/escmus-santpedor\/wp-json\/wp\/v2\/posts\/1066","targetHints":{"allow":["GET"]}}],"collection":[{"href":"https:\/\/agora.xtec.cat\/escmus-santpedor\/wp-json\/wp\/v2\/posts"}],"about":[{"href":"https:\/\/agora.xtec.cat\/escmus-santpedor\/wp-json\/wp\/v2\/types\/post"}],"author":[{"embeddable":true,"href":"https:\/\/agora.xtec.cat\/escmus-santpedor\/wp-json\/wp\/v2\/users\/1"}],"replies":[{"embeddable":true,"href":"https:\/\/agora.xtec.cat\/escmus-santpedor\/wp-json\/wp\/v2\/comments?post=1066"}],"version-history":[{"count":2,"href":"https:\/\/agora.xtec.cat\/escmus-santpedor\/wp-json\/wp\/v2\/posts\/1066\/revisions"}],"predecessor-version":[{"id":1070,"href":"https:\/\/agora.xtec.cat\/escmus-santpedor\/wp-json\/wp\/v2\/posts\/1066\/revisions\/1070"}],"wp:attachment":[{"href":"https:\/\/agora.xtec.cat\/escmus-santpedor\/wp-json\/wp\/v2\/media?parent=1066"}],"wp:term":[{"taxonomy":"category","embeddable":true,"href":"https:\/\/agora.xtec.cat\/escmus-santpedor\/wp-json\/wp\/v2\/categories?post=1066"},{"taxonomy":"post_tag","embeddable":true,"href":"https:\/\/agora.xtec.cat\/escmus-santpedor\/wp-json\/wp\/v2\/tags?post=1066"}],"curies":[{"name":"wp","href":"https:\/\/api.w.org\/{rel}","templated":true}]}}