{"id":1032,"date":"2019-02-01T18:50:00","date_gmt":"2019-02-01T17:50:00","guid":{"rendered":"http:\/\/agora.xtec.cat\/escmus-santpedor\/?p=1032"},"modified":"2019-02-01T19:19:23","modified_gmt":"2019-02-01T18:19:23","slug":"concert-de-nadal-de-lescola-de-musica","status":"publish","type":"post","link":"https:\/\/agora.xtec.cat\/escmus-santpedor\/general\/concert-de-nadal-de-lescola-de-musica\/","title":{"rendered":"CONCERT DE NADAL DE SENSIBILITZACI\u00d3 I INICIACI\u00d3"},"content":{"rendered":"<p>El passat 15 de desembre a l\u2019Auditori Sant Francesc els alumnes m\u00e9s petits (Sensibilitzaci\u00f3 i Iniciaci\u00f3) varen fer el primer dels dos concerts que aquest dia s\u2019organitzen des de l\u2019Escola.<\/p>\n<p>A la primera part del Concert van cantar una selecci\u00f3 de can\u00e7ons de la compositora Narcisa Freixas, aprofitant que aquest any 2019 es celebra el 160\u00e8 aniversari del seu naixement.<\/p>\n<p>A la segona part van cantar algunes nadales t\u00edpiques del repertori popular com el Desembre Congelat i El Trineu.<\/p>\n<p><em><strong>Programa<\/strong><\/em><\/p>\n<table style=\"border-collapse: collapse; width: 82.7685%; height: 272px;\" border=\"1\">\n<tbody>\n<tr>\n<td style=\"width: 50%;\"><strong>Recull de can\u00e7ons de la <u>Narcisa Freixas i Cruells<\/u><\/strong><\/td>\n<td style=\"width: 50%;\"><strong>Nadales<\/strong><\/td>\n<\/tr>\n<tr>\n<td style=\"width: 50%;\"><strong>El pomer\u00f3<\/strong> \u2013 ( Poema: Francesc Sitj\u00e0 i Pineda )<\/p>\n<p><strong>Les formigues<\/strong>\u00a0 ( Poema: Francesc Sitj\u00e0 i Pineda)<\/p>\n<p><strong>Son soneta<\/strong> \u00a0( Poema: Apel\u00b7les Mestres )<\/p>\n<p><strong>La Campaneta<\/strong> ( Poema: Francesc Sitj\u00e0 i Pineda)<\/p>\n<p><strong>Saltant a corda<\/strong> ( An\u00f2nim)<\/p>\n<p><strong>Dijous a l\u2019escola<\/strong> ( Poema: Rafael Nogueras i Oller )<\/td>\n<td style=\"width: 50%;\"><strong>El desembre congelat<\/strong> -\u2013 Popular catalana<\/p>\n<p><strong>El trineu<\/strong> &#8211; Popular anglesa<\/p>\n<p><strong>M\u2019agrada el Nadal<\/strong> &#8211; D\u00e0maris Gelabert<\/p>\n<p><strong>Rudolf el petit c\u00e9rvol<\/strong> &#8211; Robert L. May<\/td>\n<\/tr>\n<\/tbody>\n<\/table>\n<p><strong>Informaci\u00f3 sobre la Narcisa Freixas:<\/strong><\/p>\n<p><strong><a href=\"http:\/\/www.rostoll.cat\/obaga\/Faristol\/Freixas\/Freixas.htm\">http:\/\/www.rostoll.cat\/obaga\/Faristol\/Freixas\/Freixas.htm<\/a><\/strong><\/p>\n<p><a href=\"https:\/\/agora.xtec.cat\/escmus-santpedor\/wp-content\/uploads\/usu569\/2019\/02\/IMG_20181215_114139.jpg\"><img loading=\"lazy\" decoding=\"async\" class=\"size-large wp-image-1033\" src=\"https:\/\/agora.xtec.cat\/escmus-santpedor\/wp-content\/uploads\/usu569\/2019\/02\/IMG_20181215_114139-1024x512.jpg\" alt=\"\" width=\"1024\" height=\"512\" srcset=\"https:\/\/agora.xtec.cat\/escmus-santpedor\/wp-content\/uploads\/usu569\/2019\/02\/IMG_20181215_114139-1024x512.jpg 1024w, https:\/\/agora.xtec.cat\/escmus-santpedor\/wp-content\/uploads\/usu569\/2019\/02\/IMG_20181215_114139-300x150.jpg 300w, https:\/\/agora.xtec.cat\/escmus-santpedor\/wp-content\/uploads\/usu569\/2019\/02\/IMG_20181215_114139-768x384.jpg 768w\" sizes=\"auto, (max-width: 1024px) 100vw, 1024px\" \/><\/a><\/p>\n","protected":false},"excerpt":{"rendered":"<p>El passat 15 de desembre a l\u2019Auditori Sant Francesc els alumnes m\u00e9s petits (Sensibilitzaci\u00f3 i Iniciaci\u00f3) varen fer el primer dels dos concerts que aquest dia s\u2019organitzen des de l\u2019Escola.<br \/>\nA la primera part del Concert van cantar una selecci\u00f3 de can\u00e7ons de la compositora Narcisa&hellip;  <a href=\"https:\/\/agora.xtec.cat\/escmus-santpedor\/general\/concert-de-nadal-de-lescola-de-musica\/\" title=\"Read CONCERT DE NADAL DE SENSIBILITZACI\u00d3 I INICIACI\u00d3\">Llegeix m\u00e9s\u00bb<\/a><\/p>\n","protected":false},"author":1,"featured_media":0,"comment_status":"open","ping_status":"closed","sticky":false,"template":"","format":"standard","meta":{"_bbp_topic_count":0,"_bbp_reply_count":0,"_bbp_total_topic_count":0,"_bbp_total_reply_count":0,"_bbp_voice_count":0,"_bbp_anonymous_reply_count":0,"_bbp_topic_count_hidden":0,"_bbp_reply_count_hidden":0,"_bbp_forum_subforum_count":0,"footnotes":""},"categories":[1,25,4],"tags":[],"class_list":["post-1032","post","type-post","status-publish","format-standard","hentry","category-general","category-llenguatge-musical","category-portada"],"post_mailing_queue_ids":[],"_links":{"self":[{"href":"https:\/\/agora.xtec.cat\/escmus-santpedor\/wp-json\/wp\/v2\/posts\/1032","targetHints":{"allow":["GET"]}}],"collection":[{"href":"https:\/\/agora.xtec.cat\/escmus-santpedor\/wp-json\/wp\/v2\/posts"}],"about":[{"href":"https:\/\/agora.xtec.cat\/escmus-santpedor\/wp-json\/wp\/v2\/types\/post"}],"author":[{"embeddable":true,"href":"https:\/\/agora.xtec.cat\/escmus-santpedor\/wp-json\/wp\/v2\/users\/1"}],"replies":[{"embeddable":true,"href":"https:\/\/agora.xtec.cat\/escmus-santpedor\/wp-json\/wp\/v2\/comments?post=1032"}],"version-history":[{"count":3,"href":"https:\/\/agora.xtec.cat\/escmus-santpedor\/wp-json\/wp\/v2\/posts\/1032\/revisions"}],"predecessor-version":[{"id":1043,"href":"https:\/\/agora.xtec.cat\/escmus-santpedor\/wp-json\/wp\/v2\/posts\/1032\/revisions\/1043"}],"wp:attachment":[{"href":"https:\/\/agora.xtec.cat\/escmus-santpedor\/wp-json\/wp\/v2\/media?parent=1032"}],"wp:term":[{"taxonomy":"category","embeddable":true,"href":"https:\/\/agora.xtec.cat\/escmus-santpedor\/wp-json\/wp\/v2\/categories?post=1032"},{"taxonomy":"post_tag","embeddable":true,"href":"https:\/\/agora.xtec.cat\/escmus-santpedor\/wp-json\/wp\/v2\/tags?post=1032"}],"curies":[{"name":"wp","href":"https:\/\/api.w.org\/{rel}","templated":true}]}}