{"id":1027,"date":"2019-01-08T19:57:57","date_gmt":"2019-01-08T18:57:57","guid":{"rendered":"http:\/\/agora.xtec.cat\/escmus-santpedor\/?p=1027"},"modified":"2019-01-08T19:59:17","modified_gmt":"2019-01-08T18:59:17","slug":"concert-contra-la-violencia-de-genere","status":"publish","type":"post","link":"https:\/\/agora.xtec.cat\/escmus-santpedor\/general\/concert-contra-la-violencia-de-genere\/","title":{"rendered":"CONCERT CONTRA LA VIOL\u00c8NCIA DE G\u00c8NERE"},"content":{"rendered":"<p>El passat dimarts 27 de novembre les nenes i els nens de les corals de l\u2019Escola, van participar en l\u2019acte Contra la Viol\u00e8ncia de g\u00e8nere.<\/p>\n<p>En aquest acte es van cantar les can\u00e7ons \u201cl\u2019Ametller\u201d i el \u201cC\u00e0non de la Pau\u201d sota la direcci\u00f3 de la Susana Ja\u00e9n. Tamb\u00e9 es va fer la lectura del manifest i una encesa d\u2019espelmes per cada una de les v\u00edctimes.<\/p>\n<p>Va ser un acte no massa multitudinari per\u00f2 s\u00ed molt emotiu i els nostres alumnes van interpretar ambdues can\u00e7ons molt b\u00e9.<\/p>\n<p>&nbsp;<\/p>\n","protected":false},"excerpt":{"rendered":"<p>El passat dimarts 27 de novembre les nenes i els nens de les corals de l\u2019Escola, van participar en l\u2019acte Contra la Viol\u00e8ncia de g\u00e8nere.<br \/>\nEn aquest acte es van cantar les can\u00e7ons \u201cl\u2019Ametller\u201d i el \u201cC\u00e0non de la Pau\u201d sota la direcci\u00f3 de la Susana&hellip;  <a href=\"https:\/\/agora.xtec.cat\/escmus-santpedor\/general\/concert-contra-la-violencia-de-genere\/\" title=\"Read CONCERT CONTRA LA VIOL\u00c8NCIA DE G\u00c8NERE\">Llegeix m\u00e9s\u00bb<\/a><\/p>\n","protected":false},"author":1,"featured_media":0,"comment_status":"open","ping_status":"closed","sticky":false,"template":"","format":"standard","meta":{"_bbp_topic_count":0,"_bbp_reply_count":0,"_bbp_total_topic_count":0,"_bbp_total_reply_count":0,"_bbp_voice_count":0,"_bbp_anonymous_reply_count":0,"_bbp_topic_count_hidden":0,"_bbp_reply_count_hidden":0,"_bbp_forum_subforum_count":0,"footnotes":""},"categories":[1,4],"tags":[31,62,63],"class_list":["post-1027","post","type-post","status-publish","format-standard","hentry","category-general","category-portada","tag-concerts","tag-divulgacio","tag-noticies"],"post_mailing_queue_ids":[],"_links":{"self":[{"href":"https:\/\/agora.xtec.cat\/escmus-santpedor\/wp-json\/wp\/v2\/posts\/1027","targetHints":{"allow":["GET"]}}],"collection":[{"href":"https:\/\/agora.xtec.cat\/escmus-santpedor\/wp-json\/wp\/v2\/posts"}],"about":[{"href":"https:\/\/agora.xtec.cat\/escmus-santpedor\/wp-json\/wp\/v2\/types\/post"}],"author":[{"embeddable":true,"href":"https:\/\/agora.xtec.cat\/escmus-santpedor\/wp-json\/wp\/v2\/users\/1"}],"replies":[{"embeddable":true,"href":"https:\/\/agora.xtec.cat\/escmus-santpedor\/wp-json\/wp\/v2\/comments?post=1027"}],"version-history":[{"count":1,"href":"https:\/\/agora.xtec.cat\/escmus-santpedor\/wp-json\/wp\/v2\/posts\/1027\/revisions"}],"predecessor-version":[{"id":1028,"href":"https:\/\/agora.xtec.cat\/escmus-santpedor\/wp-json\/wp\/v2\/posts\/1027\/revisions\/1028"}],"wp:attachment":[{"href":"https:\/\/agora.xtec.cat\/escmus-santpedor\/wp-json\/wp\/v2\/media?parent=1027"}],"wp:term":[{"taxonomy":"category","embeddable":true,"href":"https:\/\/agora.xtec.cat\/escmus-santpedor\/wp-json\/wp\/v2\/categories?post=1027"},{"taxonomy":"post_tag","embeddable":true,"href":"https:\/\/agora.xtec.cat\/escmus-santpedor\/wp-json\/wp\/v2\/tags?post=1027"}],"curies":[{"name":"wp","href":"https:\/\/api.w.org\/{rel}","templated":true}]}}