{"id":15742,"date":"2025-02-27T17:00:29","date_gmt":"2025-02-27T16:00:29","guid":{"rendered":"https:\/\/agora.xtec.cat\/escminyonsdurgell\/?p=15742"},"modified":"2025-05-05T16:02:20","modified_gmt":"2025-05-05T14:02:20","slug":"s-o-s-salvem-los-polar-noticia","status":"publish","type":"post","link":"https:\/\/agora.xtec.cat\/escminyonsdurgell\/general\/s-o-s-salvem-los-polar-noticia\/","title":{"rendered":"S.O.S SALVEM L&#8217;\u00d3S POLAR. NOT\u00cdCIA."},"content":{"rendered":"<p><a href=\"https:\/\/agora.xtec.cat\/escminyonsdurgell\/wp-content\/uploads\/usu1036\/2025\/02\/IMG_6658_resultat-scaled.jpg\"><img loading=\"lazy\" decoding=\"async\" class=\"alignnone size-large wp-image-15748\" src=\"https:\/\/agora.xtec.cat\/escminyonsdurgell\/wp-content\/uploads\/usu1036\/2025\/02\/IMG_6658_resultat-768x1024.jpg\" alt=\"\" width=\"768\" height=\"1024\" srcset=\"https:\/\/agora.xtec.cat\/escminyonsdurgell\/wp-content\/uploads\/usu1036\/2025\/02\/IMG_6658_resultat-768x1024.jpg 768w, https:\/\/agora.xtec.cat\/escminyonsdurgell\/wp-content\/uploads\/usu1036\/2025\/02\/IMG_6658_resultat-225x300.jpg 225w, https:\/\/agora.xtec.cat\/escminyonsdurgell\/wp-content\/uploads\/usu1036\/2025\/02\/IMG_6658_resultat-1152x1536.jpg 1152w, https:\/\/agora.xtec.cat\/escminyonsdurgell\/wp-content\/uploads\/usu1036\/2025\/02\/IMG_6658_resultat-1536x2048.jpg 1536w, https:\/\/agora.xtec.cat\/escminyonsdurgell\/wp-content\/uploads\/usu1036\/2025\/02\/IMG_6658_resultat-scaled.jpg 1920w\" sizes=\"auto, (max-width: 768px) 100vw, 768px\" \/><\/a> <a href=\"https:\/\/agora.xtec.cat\/escminyonsdurgell\/wp-content\/uploads\/usu1036\/2025\/02\/IMG_6659_resultat-scaled.jpg\"><img loading=\"lazy\" decoding=\"async\" class=\"alignnone size-large wp-image-15749\" src=\"https:\/\/agora.xtec.cat\/escminyonsdurgell\/wp-content\/uploads\/usu1036\/2025\/02\/IMG_6659_resultat-768x1024.jpg\" alt=\"\" width=\"768\" height=\"1024\" srcset=\"https:\/\/agora.xtec.cat\/escminyonsdurgell\/wp-content\/uploads\/usu1036\/2025\/02\/IMG_6659_resultat-768x1024.jpg 768w, https:\/\/agora.xtec.cat\/escminyonsdurgell\/wp-content\/uploads\/usu1036\/2025\/02\/IMG_6659_resultat-225x300.jpg 225w, https:\/\/agora.xtec.cat\/escminyonsdurgell\/wp-content\/uploads\/usu1036\/2025\/02\/IMG_6659_resultat-1152x1536.jpg 1152w, https:\/\/agora.xtec.cat\/escminyonsdurgell\/wp-content\/uploads\/usu1036\/2025\/02\/IMG_6659_resultat-1536x2048.jpg 1536w, https:\/\/agora.xtec.cat\/escminyonsdurgell\/wp-content\/uploads\/usu1036\/2025\/02\/IMG_6659_resultat-scaled.jpg 1920w\" sizes=\"auto, (max-width: 768px) 100vw, 768px\" \/><\/a> <a href=\"https:\/\/agora.xtec.cat\/escminyonsdurgell\/wp-content\/uploads\/usu1036\/2025\/02\/WhatsApp-Image-2025-04-29-at-18.01.43_resultat.jpg\"><img loading=\"lazy\" decoding=\"async\" class=\"alignnone size-large wp-image-15750\" src=\"https:\/\/agora.xtec.cat\/escminyonsdurgell\/wp-content\/uploads\/usu1036\/2025\/02\/WhatsApp-Image-2025-04-29-at-18.01.43_resultat-768x1024.jpg\" alt=\"\" width=\"768\" height=\"1024\" srcset=\"https:\/\/agora.xtec.cat\/escminyonsdurgell\/wp-content\/uploads\/usu1036\/2025\/02\/WhatsApp-Image-2025-04-29-at-18.01.43_resultat-768x1024.jpg 768w, https:\/\/agora.xtec.cat\/escminyonsdurgell\/wp-content\/uploads\/usu1036\/2025\/02\/WhatsApp-Image-2025-04-29-at-18.01.43_resultat-225x300.jpg 225w, https:\/\/agora.xtec.cat\/escminyonsdurgell\/wp-content\/uploads\/usu1036\/2025\/02\/WhatsApp-Image-2025-04-29-at-18.01.43_resultat-1152x1536.jpg 1152w, https:\/\/agora.xtec.cat\/escminyonsdurgell\/wp-content\/uploads\/usu1036\/2025\/02\/WhatsApp-Image-2025-04-29-at-18.01.43_resultat.jpg 1200w\" sizes=\"auto, (max-width: 768px) 100vw, 768px\" \/><\/a><\/p>\n<p>Avui, 27 de febrer, \u00e9s el dia internacional de l&#8217;\u00d3s Polar. A l&#8217;escola, des de la Comissi\u00f3 Verda, ens ha arribat una not\u00edcia impactant: ATENCI\u00d3 L&#8217;\u00d3S POLAR EST\u00c0 EN PERILL D&#8217;EXTINCI\u00d3!! A partir d&#8217;aquest fet, iniciem una nova Situaci\u00f3 d&#8217;Aprenentatge a Educaci\u00f3 Infantil. Comencem documentant-nos amb el suport de les fam\u00edlies, contes, v\u00eddeos&#8230; Aix\u00ed doncs se&#8217;ns presenta un gran repte: SALVAR L&#8217;\u00d3S POLAR, el qual assumim amb molta il\u00b7lusi\u00f3 i empenta.<\/p>\n<p>&nbsp;<\/p>\n","protected":false},"excerpt":{"rendered":"<p>Avui, 27 de febrer, \u00e9s el dia internacional de l&#8217;\u00d3s Polar. A l&#8217;escola, des de la Comissi\u00f3 Verda, ens ha arribat una not\u00edcia impactant: ATENCI\u00d3 L&#8217;\u00d3S POLAR EST\u00c0 EN PERILL D&#8217;EXTINCI\u00d3!! A partir d&#8217;aquest fet, iniciem una nova Situaci\u00f3 d&#8217;Aprenentatge a Educaci\u00f3 Infantil. Comencem documentant-nos amb el suport de les fam\u00edlies, contes, v\u00eddeos&#8230; Aix\u00ed doncs [&hellip;]<\/p>\n","protected":false},"author":18,"featured_media":0,"comment_status":"open","ping_status":"closed","sticky":false,"template":"","format":"standard","meta":{"_bbp_topic_count":0,"_bbp_reply_count":0,"_bbp_total_topic_count":0,"_bbp_total_reply_count":0,"_bbp_voice_count":0,"_bbp_anonymous_reply_count":0,"_bbp_topic_count_hidden":0,"_bbp_reply_count_hidden":0,"_bbp_forum_subforum_count":0,"site-sidebar-layout":"default","site-content-layout":"","ast-site-content-layout":"","site-content-style":"default","site-sidebar-style":"default","ast-global-header-display":"","ast-banner-title-visibility":"","ast-main-header-display":"","ast-hfb-above-header-display":"","ast-hfb-below-header-display":"","ast-hfb-mobile-header-display":"","site-post-title":"","ast-breadcrumbs-content":"","ast-featured-img":"","footer-sml-layout":"","theme-transparent-header-meta":"","adv-header-id-meta":"","stick-header-meta":"","header-above-stick-meta":"","header-main-stick-meta":"","header-below-stick-meta":"","astra-migrate-meta-layouts":"default","ast-page-background-enabled":"default","ast-page-background-meta":{"desktop":{"background-color":"var(--ast-global-color-4)","background-image":"","background-repeat":"repeat","background-position":"center center","background-size":"auto","background-attachment":"scroll","background-type":"","background-media":"","overlay-type":"","overlay-color":"","overlay-opacity":"","overlay-gradient":""},"tablet":{"background-color":"","background-image":"","background-repeat":"repeat","background-position":"center center","background-size":"auto","background-attachment":"scroll","background-type":"","background-media":"","overlay-type":"","overlay-color":"","overlay-opacity":"","overlay-gradient":""},"mobile":{"background-color":"","background-image":"","background-repeat":"repeat","background-position":"center center","background-size":"auto","background-attachment":"scroll","background-type":"","background-media":"","overlay-type":"","overlay-color":"","overlay-opacity":"","overlay-gradient":""}},"ast-content-background-meta":{"desktop":{"background-color":"var(--ast-global-color-5)","background-image":"","background-repeat":"repeat","background-position":"center center","background-size":"auto","background-attachment":"scroll","background-type":"","background-media":"","overlay-type":"","overlay-color":"","overlay-opacity":"","overlay-gradient":""},"tablet":{"background-color":"var(--ast-global-color-5)","background-image":"","background-repeat":"repeat","background-position":"center center","background-size":"auto","background-attachment":"scroll","background-type":"","background-media":"","overlay-type":"","overlay-color":"","overlay-opacity":"","overlay-gradient":""},"mobile":{"background-color":"var(--ast-global-color-5)","background-image":"","background-repeat":"repeat","background-position":"center center","background-size":"auto","background-attachment":"scroll","background-type":"","background-media":"","overlay-type":"","overlay-color":"","overlay-opacity":"","overlay-gradient":""}},"footnotes":""},"categories":[1,94,4,62],"tags":[],"class_list":["post-15742","post","type-post","status-publish","format-standard","hentry","category-general","category-infantil-2","category-portada","category-projectes"],"post_mailing_queue_ids":[],"_links":{"self":[{"href":"https:\/\/agora.xtec.cat\/escminyonsdurgell\/wp-json\/wp\/v2\/posts\/15742","targetHints":{"allow":["GET"]}}],"collection":[{"href":"https:\/\/agora.xtec.cat\/escminyonsdurgell\/wp-json\/wp\/v2\/posts"}],"about":[{"href":"https:\/\/agora.xtec.cat\/escminyonsdurgell\/wp-json\/wp\/v2\/types\/post"}],"author":[{"embeddable":true,"href":"https:\/\/agora.xtec.cat\/escminyonsdurgell\/wp-json\/wp\/v2\/users\/18"}],"replies":[{"embeddable":true,"href":"https:\/\/agora.xtec.cat\/escminyonsdurgell\/wp-json\/wp\/v2\/comments?post=15742"}],"version-history":[{"count":3,"href":"https:\/\/agora.xtec.cat\/escminyonsdurgell\/wp-json\/wp\/v2\/posts\/15742\/revisions"}],"predecessor-version":[{"id":15758,"href":"https:\/\/agora.xtec.cat\/escminyonsdurgell\/wp-json\/wp\/v2\/posts\/15742\/revisions\/15758"}],"wp:attachment":[{"href":"https:\/\/agora.xtec.cat\/escminyonsdurgell\/wp-json\/wp\/v2\/media?parent=15742"}],"wp:term":[{"taxonomy":"category","embeddable":true,"href":"https:\/\/agora.xtec.cat\/escminyonsdurgell\/wp-json\/wp\/v2\/categories?post=15742"},{"taxonomy":"post_tag","embeddable":true,"href":"https:\/\/agora.xtec.cat\/escminyonsdurgell\/wp-json\/wp\/v2\/tags?post=15742"}],"curies":[{"name":"wp","href":"https:\/\/api.w.org\/{rel}","templated":true}]}}