{"id":8368,"date":"2025-03-11T11:58:13","date_gmt":"2025-03-11T10:58:13","guid":{"rendered":"https:\/\/agora.xtec.cat\/escmilaifontanals\/?p=8368"},"modified":"2025-03-11T13:07:41","modified_gmt":"2025-03-11T12:07:41","slug":"i5-descobreix-el-punt-verd-mobil-escolar","status":"publish","type":"post","link":"https:\/\/agora.xtec.cat\/escmilaifontanals\/general\/i5-descobreix-el-punt-verd-mobil-escolar\/","title":{"rendered":"I5 descobreix el Punt Verd M\u00f2bil Escolar"},"content":{"rendered":"<p>Ahir els nens i nenes de la classe dels Peixos pallasso i les Estrelles van poder con\u00e8ixer el Punt Verd M\u00f2bil Escolar. Els hi van explicar qu\u00e8 i com reciclar diferents materials com la cola, l&#8217;oli de cuinar, la roba, joguines velles, etc. A m\u00e9s a m\u00e9s de recordar com es recicla el paper, els envasos i les restes de menjar. <a href=\"https:\/\/agora.xtec.cat\/escmilaifontanals\/wp-content\/uploads\/usu806\/2025\/03\/Diseno-sin-titulo-3.png\"><img loading=\"lazy\" decoding=\"async\" class=\"wp-image-8369 size-large aligncenter\" src=\"https:\/\/agora.xtec.cat\/escmilaifontanals\/wp-content\/uploads\/usu806\/2025\/03\/Diseno-sin-titulo-3-724x1024.png\" alt=\"\" width=\"724\" height=\"1024\" srcset=\"https:\/\/agora.xtec.cat\/escmilaifontanals\/wp-content\/uploads\/usu806\/2025\/03\/Diseno-sin-titulo-3-724x1024.png 724w, https:\/\/agora.xtec.cat\/escmilaifontanals\/wp-content\/uploads\/usu806\/2025\/03\/Diseno-sin-titulo-3-212x300.png 212w, https:\/\/agora.xtec.cat\/escmilaifontanals\/wp-content\/uploads\/usu806\/2025\/03\/Diseno-sin-titulo-3-768x1086.png 768w, https:\/\/agora.xtec.cat\/escmilaifontanals\/wp-content\/uploads\/usu806\/2025\/03\/Diseno-sin-titulo-3-1086x1536.png 1086w, https:\/\/agora.xtec.cat\/escmilaifontanals\/wp-content\/uploads\/usu806\/2025\/03\/Diseno-sin-titulo-3-1448x2048.png 1448w, https:\/\/agora.xtec.cat\/escmilaifontanals\/wp-content\/uploads\/usu806\/2025\/03\/Diseno-sin-titulo-3.png 1587w\" sizes=\"auto, (max-width: 724px) 100vw, 724px\" \/><\/a><\/p>\n","protected":false},"excerpt":{"rendered":"<p>Ahir els nens i nenes de la classe dels Peixos pallasso i les Estrelles van poder con\u00e8ixer el Punt Verd M\u00f2bil Escolar. Els hi van explicar qu\u00e8 i com reciclar diferents materials com la cola, l&#8217;oli de cuinar, la roba, joguines velles, etc. A m\u00e9s a m\u00e9s de recordar com es recicla el paper, els [&hellip;]<\/p>\n","protected":false},"author":73,"featured_media":0,"comment_status":"closed","ping_status":"closed","sticky":false,"template":"","format":"standard","meta":{"_bbp_topic_count":0,"_bbp_reply_count":0,"_bbp_total_topic_count":0,"_bbp_total_reply_count":0,"_bbp_voice_count":0,"_bbp_anonymous_reply_count":0,"_bbp_topic_count_hidden":0,"_bbp_reply_count_hidden":0,"_bbp_forum_subforum_count":0,"site-sidebar-layout":"default","site-content-layout":"","ast-site-content-layout":"","site-content-style":"default","site-sidebar-style":"default","ast-global-header-display":"","ast-banner-title-visibility":"","ast-main-header-display":"","ast-hfb-above-header-display":"","ast-hfb-below-header-display":"","ast-hfb-mobile-header-display":"","site-post-title":"","ast-breadcrumbs-content":"","ast-featured-img":"","footer-sml-layout":"","theme-transparent-header-meta":"","adv-header-id-meta":"","stick-header-meta":"","header-above-stick-meta":"","header-main-stick-meta":"","header-below-stick-meta":"","astra-migrate-meta-layouts":"default","ast-page-background-enabled":"default","ast-page-background-meta":{"desktop":{"background-color":"var(--ast-global-color-4)","background-image":"","background-repeat":"repeat","background-position":"center center","background-size":"auto","background-attachment":"scroll","background-type":"","background-media":"","overlay-type":"","overlay-color":"","overlay-opacity":"","overlay-gradient":""},"tablet":{"background-color":"","background-image":"","background-repeat":"repeat","background-position":"center center","background-size":"auto","background-attachment":"scroll","background-type":"","background-media":"","overlay-type":"","overlay-color":"","overlay-opacity":"","overlay-gradient":""},"mobile":{"background-color":"","background-image":"","background-repeat":"repeat","background-position":"center center","background-size":"auto","background-attachment":"scroll","background-type":"","background-media":"","overlay-type":"","overlay-color":"","overlay-opacity":"","overlay-gradient":""}},"ast-content-background-meta":{"desktop":{"background-color":"var(--ast-global-color-5)","background-image":"","background-repeat":"repeat","background-position":"center center","background-size":"auto","background-attachment":"scroll","background-type":"","background-media":"","overlay-type":"","overlay-color":"","overlay-opacity":"","overlay-gradient":""},"tablet":{"background-color":"var(--ast-global-color-5)","background-image":"","background-repeat":"repeat","background-position":"center center","background-size":"auto","background-attachment":"scroll","background-type":"","background-media":"","overlay-type":"","overlay-color":"","overlay-opacity":"","overlay-gradient":""},"mobile":{"background-color":"var(--ast-global-color-5)","background-image":"","background-repeat":"repeat","background-position":"center center","background-size":"auto","background-attachment":"scroll","background-type":"","background-media":"","overlay-type":"","overlay-color":"","overlay-opacity":"","overlay-gradient":""}},"footnotes":""},"categories":[104,1,2,4],"tags":[441,440,442],"class_list":["post-8368","post","type-post","status-publish","format-standard","hentry","category-escola-sostenible","category-general","category-infantil","category-portada","tag-puntverdmobilescolar","tag-pvme","tag-reciclar"],"post_mailing_queue_ids":[],"_links":{"self":[{"href":"https:\/\/agora.xtec.cat\/escmilaifontanals\/wp-json\/wp\/v2\/posts\/8368","targetHints":{"allow":["GET"]}}],"collection":[{"href":"https:\/\/agora.xtec.cat\/escmilaifontanals\/wp-json\/wp\/v2\/posts"}],"about":[{"href":"https:\/\/agora.xtec.cat\/escmilaifontanals\/wp-json\/wp\/v2\/types\/post"}],"author":[{"embeddable":true,"href":"https:\/\/agora.xtec.cat\/escmilaifontanals\/wp-json\/wp\/v2\/users\/73"}],"replies":[{"embeddable":true,"href":"https:\/\/agora.xtec.cat\/escmilaifontanals\/wp-json\/wp\/v2\/comments?post=8368"}],"version-history":[{"count":2,"href":"https:\/\/agora.xtec.cat\/escmilaifontanals\/wp-json\/wp\/v2\/posts\/8368\/revisions"}],"predecessor-version":[{"id":8371,"href":"https:\/\/agora.xtec.cat\/escmilaifontanals\/wp-json\/wp\/v2\/posts\/8368\/revisions\/8371"}],"wp:attachment":[{"href":"https:\/\/agora.xtec.cat\/escmilaifontanals\/wp-json\/wp\/v2\/media?parent=8368"}],"wp:term":[{"taxonomy":"category","embeddable":true,"href":"https:\/\/agora.xtec.cat\/escmilaifontanals\/wp-json\/wp\/v2\/categories?post=8368"},{"taxonomy":"post_tag","embeddable":true,"href":"https:\/\/agora.xtec.cat\/escmilaifontanals\/wp-json\/wp\/v2\/tags?post=8368"}],"curies":[{"name":"wp","href":"https:\/\/api.w.org\/{rel}","templated":true}]}}