{"id":8928,"date":"2023-06-22T11:26:17","date_gmt":"2023-06-22T09:26:17","guid":{"rendered":"https:\/\/agora.xtec.cat\/escmestresmunguet-cortes\/?p=8928"},"modified":"2023-09-25T12:30:02","modified_gmt":"2023-09-25T10:30:02","slug":"bon-estiu-3r-2","status":"publish","type":"post","link":"https:\/\/agora.xtec.cat\/escmestresmunguet-cortes\/primaria\/generacio-2014-primaria\/bon-estiu-3r-2\/","title":{"rendered":"BON ESTIU, 3r!"},"content":{"rendered":"<p><a href=\"https:\/\/drive.google.com\/file\/d\/1Twv9I3l5oVQmhR4cq8a5KHVtkyww4DQD\/view?usp=sharing\" target=\"_blank\" rel=\"noopener\"><img loading=\"lazy\" decoding=\"async\" class=\"alignnone wp-image-8947\" src=\"https:\/\/agora.xtec.cat\/escmestresmunguet-cortes\/wp-content\/uploads\/usu1976\/2023\/06\/3rA.png\" alt=\"\" width=\"360\" height=\"254\" srcset=\"https:\/\/agora.xtec.cat\/escmestresmunguet-cortes\/wp-content\/uploads\/usu1976\/2023\/06\/3rA.png 1020w, https:\/\/agora.xtec.cat\/escmestresmunguet-cortes\/wp-content\/uploads\/usu1976\/2023\/06\/3rA-300x212.png 300w, https:\/\/agora.xtec.cat\/escmestresmunguet-cortes\/wp-content\/uploads\/usu1976\/2023\/06\/3rA-768x543.png 768w\" sizes=\"auto, (max-width: 360px) 100vw, 360px\" \/><\/a> <a href=\"https:\/\/drive.google.com\/file\/d\/1zf0N-x9NI13BCsIQcvcmC_fhm6BW-Kar\/view?usp=sharing\" target=\"_blank\" rel=\"noopener\"><img loading=\"lazy\" decoding=\"async\" class=\"alignnone wp-image-8948\" src=\"https:\/\/agora.xtec.cat\/escmestresmunguet-cortes\/wp-content\/uploads\/usu1976\/2023\/06\/3rB.png\" alt=\"\" width=\"366\" height=\"256\" srcset=\"https:\/\/agora.xtec.cat\/escmestresmunguet-cortes\/wp-content\/uploads\/usu1976\/2023\/06\/3rB.png 1024w, https:\/\/agora.xtec.cat\/escmestresmunguet-cortes\/wp-content\/uploads\/usu1976\/2023\/06\/3rB-300x209.png 300w, https:\/\/agora.xtec.cat\/escmestresmunguet-cortes\/wp-content\/uploads\/usu1976\/2023\/06\/3rB-768x536.png 768w\" sizes=\"auto, (max-width: 366px) 100vw, 366px\" \/><\/a><\/p>\n<p>Ja ha arribat el 22 de juny i amb ell el tancament d&#8217;aquest curs que hem compartit\u00a0 i guadit amb tots\/es vosaltres. Durant aquest any hem apr\u00e8s moltes coses i hem gaudit de tot d&#8217;experi\u00e8ncies plegats.<\/p>\n<p>Nens i nenes d&#8217;Ori\u00f3 i Peg\u00e0s, gaudiu d&#8217;aquest estiu al m\u00e0xim, us mereixeu un bon descans. Ha estat un plaer compartir aquest any amb vosaltres.<\/p>\n<p>Una forta abra\u00e7ada!<\/p>\n<p>Joana i Alicia.<\/p>\n","protected":false},"excerpt":{"rendered":"<p>Ja ha arribat el 22 de juny i amb ell el tancament d&#8217;aquest curs que hem compartit\u00a0 i guadit amb tots\/es vosaltres. Durant aquest any hem apr\u00e8s moltes coses i hem gaudit de tot d&#8217;experi\u00e8ncies plegats. Nens i nenes d&#8217;Ori\u00f3 i Peg\u00e0s, gaudiu d&#8217;aquest estiu al m\u00e0xim, us mereixeu un bon descans. Ha estat un [&hellip;]<\/p>\n","protected":false},"author":3,"featured_media":9009,"comment_status":"open","ping_status":"closed","sticky":false,"template":"","format":"standard","meta":{"_bbp_topic_count":0,"_bbp_reply_count":0,"_bbp_total_topic_count":0,"_bbp_total_reply_count":0,"_bbp_voice_count":0,"_bbp_anonymous_reply_count":0,"_bbp_topic_count_hidden":0,"_bbp_reply_count_hidden":0,"_bbp_forum_subforum_count":0,"site-sidebar-layout":"default","site-content-layout":"","ast-site-content-layout":"","site-content-style":"default","site-sidebar-style":"default","ast-global-header-display":"","ast-banner-title-visibility":"","ast-main-header-display":"","ast-hfb-above-header-display":"","ast-hfb-below-header-display":"","ast-hfb-mobile-header-display":"","site-post-title":"","ast-breadcrumbs-content":"","ast-featured-img":"","footer-sml-layout":"","theme-transparent-header-meta":"","adv-header-id-meta":"","stick-header-meta":"","header-above-stick-meta":"","header-main-stick-meta":"","header-below-stick-meta":"","astra-migrate-meta-layouts":"default","ast-page-background-enabled":"default","ast-page-background-meta":{"desktop":{"background-color":"var(--ast-global-color-4)","background-image":"","background-repeat":"repeat","background-position":"center center","background-size":"auto","background-attachment":"scroll","background-type":"","background-media":"","overlay-type":"","overlay-color":"","overlay-opacity":"","overlay-gradient":""},"tablet":{"background-color":"","background-image":"","background-repeat":"repeat","background-position":"center center","background-size":"auto","background-attachment":"scroll","background-type":"","background-media":"","overlay-type":"","overlay-color":"","overlay-opacity":"","overlay-gradient":""},"mobile":{"background-color":"","background-image":"","background-repeat":"repeat","background-position":"center center","background-size":"auto","background-attachment":"scroll","background-type":"","background-media":"","overlay-type":"","overlay-color":"","overlay-opacity":"","overlay-gradient":""}},"ast-content-background-meta":{"desktop":{"background-color":"var(--ast-global-color-5)","background-image":"","background-repeat":"repeat","background-position":"center center","background-size":"auto","background-attachment":"scroll","background-type":"","background-media":"","overlay-type":"","overlay-color":"","overlay-opacity":"","overlay-gradient":""},"tablet":{"background-color":"var(--ast-global-color-5)","background-image":"","background-repeat":"repeat","background-position":"center center","background-size":"auto","background-attachment":"scroll","background-type":"","background-media":"","overlay-type":"","overlay-color":"","overlay-opacity":"","overlay-gradient":""},"mobile":{"background-color":"var(--ast-global-color-5)","background-image":"","background-repeat":"repeat","background-position":"center center","background-size":"auto","background-attachment":"scroll","background-type":"","background-media":"","overlay-type":"","overlay-color":"","overlay-opacity":"","overlay-gradient":""}},"footnotes":""},"categories":[120],"tags":[],"class_list":["post-8928","post","type-post","status-publish","format-standard","has-post-thumbnail","hentry","category-generacio-2014-primaria"],"post_mailing_queue_ids":[],"_links":{"self":[{"href":"https:\/\/agora.xtec.cat\/escmestresmunguet-cortes\/wp-json\/wp\/v2\/posts\/8928","targetHints":{"allow":["GET"]}}],"collection":[{"href":"https:\/\/agora.xtec.cat\/escmestresmunguet-cortes\/wp-json\/wp\/v2\/posts"}],"about":[{"href":"https:\/\/agora.xtec.cat\/escmestresmunguet-cortes\/wp-json\/wp\/v2\/types\/post"}],"author":[{"embeddable":true,"href":"https:\/\/agora.xtec.cat\/escmestresmunguet-cortes\/wp-json\/wp\/v2\/users\/3"}],"replies":[{"embeddable":true,"href":"https:\/\/agora.xtec.cat\/escmestresmunguet-cortes\/wp-json\/wp\/v2\/comments?post=8928"}],"version-history":[{"count":3,"href":"https:\/\/agora.xtec.cat\/escmestresmunguet-cortes\/wp-json\/wp\/v2\/posts\/8928\/revisions"}],"predecessor-version":[{"id":9001,"href":"https:\/\/agora.xtec.cat\/escmestresmunguet-cortes\/wp-json\/wp\/v2\/posts\/8928\/revisions\/9001"}],"wp:featuredmedia":[{"embeddable":true,"href":"https:\/\/agora.xtec.cat\/escmestresmunguet-cortes\/wp-json\/wp\/v2\/media\/9009"}],"wp:attachment":[{"href":"https:\/\/agora.xtec.cat\/escmestresmunguet-cortes\/wp-json\/wp\/v2\/media?parent=8928"}],"wp:term":[{"taxonomy":"category","embeddable":true,"href":"https:\/\/agora.xtec.cat\/escmestresmunguet-cortes\/wp-json\/wp\/v2\/categories?post=8928"},{"taxonomy":"post_tag","embeddable":true,"href":"https:\/\/agora.xtec.cat\/escmestresmunguet-cortes\/wp-json\/wp\/v2\/tags?post=8928"}],"curies":[{"name":"wp","href":"https:\/\/api.w.org\/{rel}","templated":true}]}}