{"id":6224,"date":"2021-04-11T09:30:50","date_gmt":"2021-04-11T07:30:50","guid":{"rendered":"https:\/\/agora.xtec.cat\/escmestresmunguet-cortes\/?p=6224"},"modified":"2023-09-25T12:21:24","modified_gmt":"2023-09-25T10:21:24","slug":"coneguem-en-pebili","status":"publish","type":"post","link":"https:\/\/agora.xtec.cat\/escmestresmunguet-cortes\/primaria\/generacio-2014-primaria\/coneguem-en-pebili\/","title":{"rendered":"FILOSOFIA AMB EN P\u00c9BILI"},"content":{"rendered":"<p><strong><span style=\"color: #ff0000;\">Des de fa uns mesos, cada setmana ens visita en P\u00e9bili.<\/span><\/strong><\/p>\n<p><strong><span style=\"color: #ff6600;\">En P\u00e9bili \u00e9s un follet molt entremeliat que sempre ens porta propostes de treball interessants i divertides que ens\u00a0 ajuden a pensar de manera aut\u00f2noma, a reflexionar, a dialogar, a fer volar la imaginaci\u00f3, a treballar en equip, a respectar i valorar les<\/span> <span style=\"color: #ff0000;\">opinions<\/span><span style=\"color: #ff6600;\"> dels altres&#8230;<\/span><\/strong><\/p>\n<p><span style=\"color: #ff0000;\"><strong>A vegades tamb\u00e9 ens deixa cartes i ens demana que li fem algun dibuix o algun regalet. \ud83d\ude09\u00a0<\/strong><\/span><\/p>\n<p><span style=\"color: #ff6600;\"><strong>Aquesta setmana ens ha proposat\u00a0 que mirem a trav\u00e9s del pany d&#8217;una porta i dibuixem all\u00f2 que\u00a0 imaginem que hi ha a l&#8217;altre costat.\u00a0 Ho hem fet en grups i no sempre ha estat f\u00e0cil posar-se d&#8217;acord, per\u00f2 finalment ho hem aconseguit i aqu\u00ed estan els resultats.<\/strong><\/span><\/p>\n<p><a href=\"https:\/\/drive.google.com\/drive\/folders\/1Zuu6Ogx_yiZojh5w2D0inWRXSFyoKn2Z?usp=sharing\"><img loading=\"lazy\" decoding=\"async\" class=\"size-full wp-image-6227 aligncenter\" src=\"https:\/\/agora.xtec.cat\/escmestresmunguet-cortes\/wp-content\/uploads\/usu1976\/2021\/04\/Sense-t\u00edtol.jpg\" alt=\"\" width=\"134\" height=\"150\" \/><\/a><\/p>\n<p>&nbsp;<\/p>\n<p>&nbsp;<\/p>\n","protected":false},"excerpt":{"rendered":"<p>Des de fa uns mesos, cada setmana ens visita en P\u00e9bili. En P\u00e9bili \u00e9s un follet molt entremeliat que sempre ens porta propostes de treball interessants i divertides que ens\u00a0 ajuden a pensar de manera aut\u00f2noma, a reflexionar, a dialogar, a fer volar la imaginaci\u00f3, a treballar en equip, a respectar i valorar les opinions [&hellip;]<\/p>\n","protected":false},"author":31,"featured_media":6228,"comment_status":"open","ping_status":"closed","sticky":false,"template":"","format":"standard","meta":{"_bbp_topic_count":0,"_bbp_reply_count":0,"_bbp_total_topic_count":0,"_bbp_total_reply_count":0,"_bbp_voice_count":0,"_bbp_anonymous_reply_count":0,"_bbp_topic_count_hidden":0,"_bbp_reply_count_hidden":0,"_bbp_forum_subforum_count":0,"site-sidebar-layout":"default","site-content-layout":"","ast-site-content-layout":"","site-content-style":"default","site-sidebar-style":"default","ast-global-header-display":"","ast-banner-title-visibility":"","ast-main-header-display":"","ast-hfb-above-header-display":"","ast-hfb-below-header-display":"","ast-hfb-mobile-header-display":"","site-post-title":"","ast-breadcrumbs-content":"","ast-featured-img":"","footer-sml-layout":"","theme-transparent-header-meta":"","adv-header-id-meta":"","stick-header-meta":"","header-above-stick-meta":"","header-main-stick-meta":"","header-below-stick-meta":"","astra-migrate-meta-layouts":"default","ast-page-background-enabled":"default","ast-page-background-meta":{"desktop":{"background-color":"var(--ast-global-color-4)","background-image":"","background-repeat":"repeat","background-position":"center center","background-size":"auto","background-attachment":"scroll","background-type":"","background-media":"","overlay-type":"","overlay-color":"","overlay-opacity":"","overlay-gradient":""},"tablet":{"background-color":"","background-image":"","background-repeat":"repeat","background-position":"center center","background-size":"auto","background-attachment":"scroll","background-type":"","background-media":"","overlay-type":"","overlay-color":"","overlay-opacity":"","overlay-gradient":""},"mobile":{"background-color":"","background-image":"","background-repeat":"repeat","background-position":"center center","background-size":"auto","background-attachment":"scroll","background-type":"","background-media":"","overlay-type":"","overlay-color":"","overlay-opacity":"","overlay-gradient":""}},"ast-content-background-meta":{"desktop":{"background-color":"var(--ast-global-color-5)","background-image":"","background-repeat":"repeat","background-position":"center center","background-size":"auto","background-attachment":"scroll","background-type":"","background-media":"","overlay-type":"","overlay-color":"","overlay-opacity":"","overlay-gradient":""},"tablet":{"background-color":"var(--ast-global-color-5)","background-image":"","background-repeat":"repeat","background-position":"center center","background-size":"auto","background-attachment":"scroll","background-type":"","background-media":"","overlay-type":"","overlay-color":"","overlay-opacity":"","overlay-gradient":""},"mobile":{"background-color":"var(--ast-global-color-5)","background-image":"","background-repeat":"repeat","background-position":"center center","background-size":"auto","background-attachment":"scroll","background-type":"","background-media":"","overlay-type":"","overlay-color":"","overlay-opacity":"","overlay-gradient":""}},"footnotes":""},"categories":[120],"tags":[],"class_list":["post-6224","post","type-post","status-publish","format-standard","has-post-thumbnail","hentry","category-generacio-2014-primaria"],"post_mailing_queue_ids":[],"_links":{"self":[{"href":"https:\/\/agora.xtec.cat\/escmestresmunguet-cortes\/wp-json\/wp\/v2\/posts\/6224","targetHints":{"allow":["GET"]}}],"collection":[{"href":"https:\/\/agora.xtec.cat\/escmestresmunguet-cortes\/wp-json\/wp\/v2\/posts"}],"about":[{"href":"https:\/\/agora.xtec.cat\/escmestresmunguet-cortes\/wp-json\/wp\/v2\/types\/post"}],"author":[{"embeddable":true,"href":"https:\/\/agora.xtec.cat\/escmestresmunguet-cortes\/wp-json\/wp\/v2\/users\/31"}],"replies":[{"embeddable":true,"href":"https:\/\/agora.xtec.cat\/escmestresmunguet-cortes\/wp-json\/wp\/v2\/comments?post=6224"}],"version-history":[{"count":3,"href":"https:\/\/agora.xtec.cat\/escmestresmunguet-cortes\/wp-json\/wp\/v2\/posts\/6224\/revisions"}],"predecessor-version":[{"id":6260,"href":"https:\/\/agora.xtec.cat\/escmestresmunguet-cortes\/wp-json\/wp\/v2\/posts\/6224\/revisions\/6260"}],"wp:featuredmedia":[{"embeddable":true,"href":"https:\/\/agora.xtec.cat\/escmestresmunguet-cortes\/wp-json\/wp\/v2\/media\/6228"}],"wp:attachment":[{"href":"https:\/\/agora.xtec.cat\/escmestresmunguet-cortes\/wp-json\/wp\/v2\/media?parent=6224"}],"wp:term":[{"taxonomy":"category","embeddable":true,"href":"https:\/\/agora.xtec.cat\/escmestresmunguet-cortes\/wp-json\/wp\/v2\/categories?post=6224"},{"taxonomy":"post_tag","embeddable":true,"href":"https:\/\/agora.xtec.cat\/escmestresmunguet-cortes\/wp-json\/wp\/v2\/tags?post=6224"}],"curies":[{"name":"wp","href":"https:\/\/api.w.org\/{rel}","templated":true}]}}