{"id":9990,"date":"2021-05-14T18:15:56","date_gmt":"2021-05-14T16:15:56","guid":{"rendered":"http:\/\/agora.xtec.cat\/escmarquesdelapobla\/?p=9990"},"modified":"2021-06-09T20:14:33","modified_gmt":"2021-06-09T18:14:33","slug":"els-de-2n-coneixem-la-historia-del-nostre-poble","status":"publish","type":"post","link":"https:\/\/agora.xtec.cat\/escmarquesdelapobla\/inicial\/els-de-2n-coneixem-la-historia-del-nostre-poble\/","title":{"rendered":"Els de segon coneixem la hist\u00f2ria del nostre poble!"},"content":{"rendered":"<p style=\"text-align: justify;\">A 2n de Cicle Inicial, com que estem treballant les etapes de la hist\u00f2ria, aquesta setmana hem aprofitat la Prehist\u00f2ria i la hist\u00f2ria del nostre estimat poble, Capellades, per anar-ho a con\u00e8ixer.<\/p>\n<p style=\"text-align: justify;\">Ens n\u2019hem adonat que a Capellades tenim coses molt importants a nivell mundial i n\u2019estem molt orgullosos!!!<\/p>\n<p><a href=\"https:\/\/photos.app.goo.gl\/pHa69VpnDFFqzd9h8\"><img loading=\"lazy\" decoding=\"async\" class=\" aligncenter\" src=\"https:\/\/lh3.googleusercontent.com\/wu56q8IS0GE6QOVSFtfOEqmFLbwzQNe-d_pkMVssZMSnt7U_mIDSgG-L-hYDA_tsniZER_U5col57Jzi4hw2KHUlMn5vfIPY-rWHIedz1DQ95fodGtzcxvCPq_0uXfQq0HYZ6TwUo8lnmPAUxMYcNx2h2iiTgCnaW6epOVaTLrk9Hq6bmj4VrKuwp7bs_JNvGcxLEqJBftoyqcYys2pUMeARcxuyJ74ttwz6GaMIGlHNEvzulrfbOkTxx-PluuObdWGXeS1NJmacnvKl0OgLXjyzzl4IdP7PpLe4wTWz4DVpRLizPG0CflxRijglT_7CmO-Au1mXWvQKaYeEZlsATnGRdWIYfDBKn4t7hWRH9ivBQyt38Vazy9HkiGgdIt7WgBFqh5ElkSCbkjC91em19g1YmcIyQr5mZt_LNxShZWH-u_i1W7U5DRbDpjwN8Xto3GQ-2UIY9qMCpf4wBLDLCKwUuMDhc1nWgVTbWpl4e2ki55kYk6LlX81c8TyZYyumbkasmIfAdsrsADJ8ovTjA43CRcVQaTYmb3OUJo4flkNnRcql75esjA1c13n5musbFq_spinCpze0upN-0OHMPWj9veNDiffnpzHxGQgcCzm4AysyRUbKAtXxoNUn6e0S0SS_afeti7EtHlAx_5b3gEwkSO3jsvxqO1pZqA10NXWZVtfJ8IUCjQTkJ-cVShqG2wBesXfPVFP1Fau3-cg6KLV0=w718-h404-no?authuser=1\" width=\"997\" height=\"561\" \/><\/a><\/p>\n<p style=\"text-align: justify;\">Dimarts vam fer una visita-taller al Museu Mol\u00ed Paperer on vam con\u00e8ixer tot el proc\u00e9s que feien servir fa molts anys per fer paper.<\/p>\n<p><!--more--><\/p>\n<p style=\"text-align: justify;\">Despr\u00e9s d\u2019escoltar les explicacions tan interessants i de veure les m\u00e0quines i objectes que feien servir, ens va encantar poder fer de paperers i papereres per uns moments i fer el nostre full de paper. Una visita genial!!! Cliqueu a la foto i veureu qu\u00e8 hi vam fer.<\/p>\n<p><a href=\"https:\/\/photos.app.goo.gl\/X77ZFJgAHq7gYh8TA\"><img loading=\"lazy\" decoding=\"async\" class=\" aligncenter\" src=\"https:\/\/lh3.googleusercontent.com\/QUvZXOBIjDAnXkKyR9EmUx8Zmx7q8C747t6NUb8MRyuaERd0xkW_-UtY2DIb9uJzcqudYffYBYMxKjXxzEOrPvS5L0bOC_1W3n_w7RPBORYgHtgaekWde9vFP_sQDu8qc-CK4xPulUkbKsD0ZHD1n8qsnXMoqwA7sGk803SSw8zac_Kp8jgTMQhdTFybTVHxv4uYrPWqeXI8fxJRDj2oGx5mmJKAotQZg5BZFfIhcOYhZQo3GNKX928N_xryN7E6zVCsxfo0T0BFFF38SwQmlMbVnzKa7M6_CX2Pzxoq1pg28uVivlcayRxX0dLQXPybFBNh9QmUtS6LV-ljX6gAtIfrwIJTwgDFeJn-TzYquT0g5LOeBiN8ktTg-Mxq-Ltd5B5RrwEfUUfLycV3Fa7YsGsRRPX_C7Hmct4Z4xiKpoBhYkEh0pVQfOQK1YDNy81-1HtRGrs9QpTF2NQDlt4puuMNDz6dxQxW1ZkNy5aWg0so3co264fEgLm3DC6wqvsv1pZ4-UObI3HM-iTrh3iiCgf0SqRN5twiVgDXL_gnbHlrBECMvw97U_919Z5DLTBUYW5-OJSPWHej_vgerG_T6TWk0jkAqUnai5bXjMebqL8QJ_Ox-d8CdNQLTKVFsHe4LE1bgrhE9FoBofVshVShb0i9FfT6l6X1fdgZ1WripYkVfc05nMB3_VrGxYk8fDeY3iYli_xYZXqjlL3oZyvItX-m=w1124-h633-no?authuser=1\" width=\"998\" height=\"561\" \/><\/a><\/p>\n<p style=\"text-align: justify;\">I dijous vam anar m\u00e9s enrere en el temps i vam visitar l\u2019Abric Roman\u00ed, el nostre Parc Prehist\u00f2ric. Molts de nosaltres no l\u2019hav\u00edem vist mai i vam quedar ben parats!!!<\/p>\n<p style=\"text-align: justify;\">Ens van explicar com vivien els Neandertals en aquella \u00e8poca, vam veure les troballes que han anat descobrint, vam observar les excavacions que cada any v\u00e9nen a fer, vam veure un v\u00eddeo on ens situava al Capell\u00f3 a l\u2019\u00e8poca prehist\u00f2rica&#8230; i finalment vam poder fer un taller de tir amb arc per experimentar com ca\u00e7aven els animals. Ens va encantar!!! Ara ho veureu a les fotografies!<\/p>\n","protected":false},"excerpt":{"rendered":"<p>A 2n de Cicle Inicial, com que estem treballant les etapes de la hist\u00f2ria, aquesta setmana hem aprofitat la Prehist\u00f2ria i la hist\u00f2ria del nostre estimat poble, Capellades, per anar-ho a con\u00e8ixer. Ens n\u2019hem adonat que a Capellades tenim coses molt importants a nivell mundial i n\u2019estem molt orgullosos!!! Dimarts vam fer una visita-taller al [&hellip;]<\/p>\n","protected":false},"author":2,"featured_media":0,"comment_status":"open","ping_status":"closed","sticky":false,"template":"","format":"standard","meta":{"_bbp_topic_count":0,"_bbp_reply_count":0,"_bbp_total_topic_count":0,"_bbp_total_reply_count":0,"_bbp_voice_count":0,"_bbp_anonymous_reply_count":0,"_bbp_topic_count_hidden":0,"_bbp_reply_count_hidden":0,"_bbp_forum_subforum_count":0,"site-sidebar-layout":"default","site-content-layout":"","ast-site-content-layout":"","site-content-style":"default","site-sidebar-style":"default","ast-global-header-display":"","ast-banner-title-visibility":"","ast-main-header-display":"","ast-hfb-above-header-display":"","ast-hfb-below-header-display":"","ast-hfb-mobile-header-display":"","site-post-title":"","ast-breadcrumbs-content":"","ast-featured-img":"","footer-sml-layout":"","theme-transparent-header-meta":"","adv-header-id-meta":"","stick-header-meta":"","header-above-stick-meta":"","header-main-stick-meta":"","header-below-stick-meta":"","astra-migrate-meta-layouts":"default","ast-page-background-enabled":"default","ast-page-background-meta":{"desktop":{"background-color":"var(--ast-global-color-5)","background-image":"","background-repeat":"repeat","background-position":"center center","background-size":"auto","background-attachment":"scroll","background-type":"","background-media":"","overlay-type":"","overlay-color":"","overlay-opacity":"","overlay-gradient":""},"tablet":{"background-color":"","background-image":"","background-repeat":"repeat","background-position":"center center","background-size":"auto","background-attachment":"scroll","background-type":"","background-media":"","overlay-type":"","overlay-color":"","overlay-opacity":"","overlay-gradient":""},"mobile":{"background-color":"","background-image":"","background-repeat":"repeat","background-position":"center center","background-size":"auto","background-attachment":"scroll","background-type":"","background-media":"","overlay-type":"","overlay-color":"","overlay-opacity":"","overlay-gradient":""}},"ast-content-background-meta":{"desktop":{"background-color":"var(--ast-global-color-4)","background-image":"","background-repeat":"repeat","background-position":"center center","background-size":"auto","background-attachment":"scroll","background-type":"","background-media":"","overlay-type":"","overlay-color":"","overlay-opacity":"","overlay-gradient":""},"tablet":{"background-color":"var(--ast-global-color-4)","background-image":"","background-repeat":"repeat","background-position":"center center","background-size":"auto","background-attachment":"scroll","background-type":"","background-media":"","overlay-type":"","overlay-color":"","overlay-opacity":"","overlay-gradient":""},"mobile":{"background-color":"var(--ast-global-color-4)","background-image":"","background-repeat":"repeat","background-position":"center center","background-size":"auto","background-attachment":"scroll","background-type":"","background-media":"","overlay-type":"","overlay-color":"","overlay-opacity":"","overlay-gradient":""}},"footnotes":""},"categories":[64,142,74],"tags":[183,184,210],"class_list":["post-9990","post","type-post","status-publish","format-standard","hentry","category-inicial","category-p2","category-sortides","tag-p2a","tag-p2b","tag-sortides"],"post_mailing_queue_ids":[],"_links":{"self":[{"href":"https:\/\/agora.xtec.cat\/escmarquesdelapobla\/wp-json\/wp\/v2\/posts\/9990","targetHints":{"allow":["GET"]}}],"collection":[{"href":"https:\/\/agora.xtec.cat\/escmarquesdelapobla\/wp-json\/wp\/v2\/posts"}],"about":[{"href":"https:\/\/agora.xtec.cat\/escmarquesdelapobla\/wp-json\/wp\/v2\/types\/post"}],"author":[{"embeddable":true,"href":"https:\/\/agora.xtec.cat\/escmarquesdelapobla\/wp-json\/wp\/v2\/users\/2"}],"replies":[{"embeddable":true,"href":"https:\/\/agora.xtec.cat\/escmarquesdelapobla\/wp-json\/wp\/v2\/comments?post=9990"}],"version-history":[{"count":3,"href":"https:\/\/agora.xtec.cat\/escmarquesdelapobla\/wp-json\/wp\/v2\/posts\/9990\/revisions"}],"predecessor-version":[{"id":10209,"href":"https:\/\/agora.xtec.cat\/escmarquesdelapobla\/wp-json\/wp\/v2\/posts\/9990\/revisions\/10209"}],"wp:attachment":[{"href":"https:\/\/agora.xtec.cat\/escmarquesdelapobla\/wp-json\/wp\/v2\/media?parent=9990"}],"wp:term":[{"taxonomy":"category","embeddable":true,"href":"https:\/\/agora.xtec.cat\/escmarquesdelapobla\/wp-json\/wp\/v2\/categories?post=9990"},{"taxonomy":"post_tag","embeddable":true,"href":"https:\/\/agora.xtec.cat\/escmarquesdelapobla\/wp-json\/wp\/v2\/tags?post=9990"}],"curies":[{"name":"wp","href":"https:\/\/api.w.org\/{rel}","templated":true}]}}