{"id":9985,"date":"2021-05-14T13:16:24","date_gmt":"2021-05-14T11:16:24","guid":{"rendered":"http:\/\/agora.xtec.cat\/escmarquesdelapobla\/?p=9985"},"modified":"2021-05-16T22:10:22","modified_gmt":"2021-05-16T20:10:22","slug":"visitem-la-biblioteca-de-capellades-3r-a-el-riu-anoia","status":"publish","type":"post","link":"https:\/\/agora.xtec.cat\/escmarquesdelapobla\/mitja\/visitem-la-biblioteca-de-capellades-3r-a-el-riu-anoia\/","title":{"rendered":"Visitem la biblioteca de Capellades"},"content":{"rendered":"<p style=\"text-align: justify;\">El dimarts despr\u00e9s del pati vam anar a fer una interessant visita a la biblioteca &#8220;El Safareig&#8221; del nostre poble.<\/p>\n<p style=\"text-align: justify;\"><a href=\"https:\/\/photos.app.goo.gl\/gqXdPWZE9TJALWWm7\"><img loading=\"lazy\" decoding=\"async\" class=\"alignnone size-large\" src=\"https:\/\/lh3.googleusercontent.com\/MYW03z_Vzey9mgXvuC8x24Fg3NmOmtVsNyHU5RbMWIOamYQR-PhUy7s1A3jXUS9tezvQ7Dj8Sgux9q6-yTtgXcHHF9td368MN5lJHXJVcA1y6MWAOxNL1T4EAQwhbVKT5-lkyokmuQf4B659IAf_xANnnxviDRWXhBnxzs0avZpBKd4Q1zdpPTGlaT_SYnHx3aODcW69g0Sst0ZrlUIwL-n1RtxMlLNlkL-QLBgV0htZOmX5RMEvbEahhQpycUhswcpP8ZzgI_LB8RAjsFubHFp5X3dGQhxzqknTk4LCfDbyqc7KrFBpeOVBUxnS-o2BmYG8Jq_jeGOVZJJuxMN-9dwf22g3RpUzMYWXHA2p7qr7Uk4BfyJ_gB4e9CYrYbBFiSQmXtB8HmidVw0wKyd_9jfHziLCJWAS5YXvILywciHaimo8ivxYzF32-wrzMbCvDoBbxChPaIy8fOhXv0jdGVG03B5T0w1YSg9Lm4Z6vUMAJAzAiVACC97261vkGhElOOv3ET34H45jIKyVPrPjVFco3ngMtKv0Z0l-iJybabnAUkBPUUNT9Q95szsfpszmayQzBQr3u7KUmUqmB0epkA3EHh9yZht2tn8CtaSVt6zUnKSUHJ_2zJd42wPA6zE6PDJe3gHr1MqBvrv25vEHPxIdZHJSqgvfKzre5AKLfZf1LYpv4scDB5pKnjl8NbBzGqxsR1Dmcf7foIzC8-mh8LmGCA=w758-h568-no?authuser=2\" width=\"758\" height=\"568\" \/><\/a><\/p>\n<p style=\"text-align: justify;\">A l&#8217;arribar,\u00a0 la Marta i la Gemma ens van rebre a la planta baixa i un cop situats ens van deixar mirar, triar i llegir una estona els llibres que ten\u00edem a la vista. Ens va agradar molt perqu\u00e8 coincidia amb l&#8217;hora que cada dia el dediquem a fer lectura. Quina estona m\u00e9s bonica que vam passar i quin ambient de lectura m\u00e9s agradable s&#8217;hi respirava!\u00a0 Quanta varietat de llibres! Ah, i si algun ens estava agradant ens el van guardar un dia per si l&#8217;an\u00e0vem a buscar amb la targeta de lector.<\/p>\n<p><!--more--><\/p>\n<p style=\"text-align: justify;\">Al cap d&#8217;una bona estona vam anar passant per les diferents plantes de la biblioteca i finalment vam pujar fins la terrassa on vam poder gaudir d&#8217;unes fant\u00e0stiques vistes de Capellades tot veient des de diferents costats el bonic que \u00e9s el nostre entorn.<\/p>\n<p style=\"text-align: justify;\">En aquest lloc vam aprofitar per acabar de fer preguntes a la Marta sobre com fer-nos socis (ara sabem que \u00e9s gratu\u00eft), sobre el pr\u00e9stec de llibres i dvd&#8217;s, les col\u00b7leccions que tenen, la cura que hem de tenir d&#8217;un llibre, etc.<\/p>\n<p style=\"text-align: justify;\">Al marxar ens van regalar un punt de llibre a cadascun.<\/p>\n<p style=\"text-align: justify;\">De ben segur que hi tornarem! Val la pena!<\/p>\n<p style=\"text-align: justify;\">Moltes gr\u00e0cies Marta i Gemma!<\/p>\n","protected":false},"excerpt":{"rendered":"<p>El dimarts despr\u00e9s del pati vam anar a fer una interessant visita a la biblioteca &#8220;El Safareig&#8221; del nostre poble. A l&#8217;arribar,\u00a0 la Marta i la Gemma ens van rebre a la planta baixa i un cop situats ens van deixar mirar, triar i llegir una estona els llibres que ten\u00edem a la vista. Ens [&hellip;]<\/p>\n","protected":false},"author":1,"featured_media":0,"comment_status":"closed","ping_status":"closed","sticky":false,"template":"","format":"standard","meta":{"_bbp_topic_count":0,"_bbp_reply_count":0,"_bbp_total_topic_count":0,"_bbp_total_reply_count":0,"_bbp_voice_count":0,"_bbp_anonymous_reply_count":0,"_bbp_topic_count_hidden":0,"_bbp_reply_count_hidden":0,"_bbp_forum_subforum_count":0,"site-sidebar-layout":"default","site-content-layout":"","ast-site-content-layout":"","site-content-style":"default","site-sidebar-style":"default","ast-global-header-display":"","ast-banner-title-visibility":"","ast-main-header-display":"","ast-hfb-above-header-display":"","ast-hfb-below-header-display":"","ast-hfb-mobile-header-display":"","site-post-title":"","ast-breadcrumbs-content":"","ast-featured-img":"","footer-sml-layout":"","theme-transparent-header-meta":"","adv-header-id-meta":"","stick-header-meta":"","header-above-stick-meta":"","header-main-stick-meta":"","header-below-stick-meta":"","astra-migrate-meta-layouts":"default","ast-page-background-enabled":"default","ast-page-background-meta":{"desktop":{"background-color":"var(--ast-global-color-5)","background-image":"","background-repeat":"repeat","background-position":"center center","background-size":"auto","background-attachment":"scroll","background-type":"","background-media":"","overlay-type":"","overlay-color":"","overlay-opacity":"","overlay-gradient":""},"tablet":{"background-color":"","background-image":"","background-repeat":"repeat","background-position":"center center","background-size":"auto","background-attachment":"scroll","background-type":"","background-media":"","overlay-type":"","overlay-color":"","overlay-opacity":"","overlay-gradient":""},"mobile":{"background-color":"","background-image":"","background-repeat":"repeat","background-position":"center center","background-size":"auto","background-attachment":"scroll","background-type":"","background-media":"","overlay-type":"","overlay-color":"","overlay-opacity":"","overlay-gradient":""}},"ast-content-background-meta":{"desktop":{"background-color":"var(--ast-global-color-4)","background-image":"","background-repeat":"repeat","background-position":"center center","background-size":"auto","background-attachment":"scroll","background-type":"","background-media":"","overlay-type":"","overlay-color":"","overlay-opacity":"","overlay-gradient":""},"tablet":{"background-color":"var(--ast-global-color-4)","background-image":"","background-repeat":"repeat","background-position":"center center","background-size":"auto","background-attachment":"scroll","background-type":"","background-media":"","overlay-type":"","overlay-color":"","overlay-opacity":"","overlay-gradient":""},"mobile":{"background-color":"var(--ast-global-color-4)","background-image":"","background-repeat":"repeat","background-position":"center center","background-size":"auto","background-attachment":"scroll","background-type":"","background-media":"","overlay-type":"","overlay-color":"","overlay-opacity":"","overlay-gradient":""}},"footnotes":""},"categories":[65,140],"tags":[185,210],"class_list":["post-9985","post","type-post","status-publish","format-standard","hentry","category-mitja","category-p3","tag-p3a","tag-sortides"],"post_mailing_queue_ids":[],"_links":{"self":[{"href":"https:\/\/agora.xtec.cat\/escmarquesdelapobla\/wp-json\/wp\/v2\/posts\/9985","targetHints":{"allow":["GET"]}}],"collection":[{"href":"https:\/\/agora.xtec.cat\/escmarquesdelapobla\/wp-json\/wp\/v2\/posts"}],"about":[{"href":"https:\/\/agora.xtec.cat\/escmarquesdelapobla\/wp-json\/wp\/v2\/types\/post"}],"author":[{"embeddable":true,"href":"https:\/\/agora.xtec.cat\/escmarquesdelapobla\/wp-json\/wp\/v2\/users\/1"}],"replies":[{"embeddable":true,"href":"https:\/\/agora.xtec.cat\/escmarquesdelapobla\/wp-json\/wp\/v2\/comments?post=9985"}],"version-history":[{"count":3,"href":"https:\/\/agora.xtec.cat\/escmarquesdelapobla\/wp-json\/wp\/v2\/posts\/9985\/revisions"}],"predecessor-version":[{"id":10012,"href":"https:\/\/agora.xtec.cat\/escmarquesdelapobla\/wp-json\/wp\/v2\/posts\/9985\/revisions\/10012"}],"wp:attachment":[{"href":"https:\/\/agora.xtec.cat\/escmarquesdelapobla\/wp-json\/wp\/v2\/media?parent=9985"}],"wp:term":[{"taxonomy":"category","embeddable":true,"href":"https:\/\/agora.xtec.cat\/escmarquesdelapobla\/wp-json\/wp\/v2\/categories?post=9985"},{"taxonomy":"post_tag","embeddable":true,"href":"https:\/\/agora.xtec.cat\/escmarquesdelapobla\/wp-json\/wp\/v2\/tags?post=9985"}],"curies":[{"name":"wp","href":"https:\/\/api.w.org\/{rel}","templated":true}]}}