{"id":9874,"date":"2021-05-06T13:01:57","date_gmt":"2021-05-06T11:01:57","guid":{"rendered":"http:\/\/agora.xtec.cat\/escmarquesdelapobla\/?p=9874"},"modified":"2021-05-06T13:36:03","modified_gmt":"2021-05-06T11:36:03","slug":"visitem-la-biblioteca-cicle-inicial","status":"publish","type":"post","link":"https:\/\/agora.xtec.cat\/escmarquesdelapobla\/inicial\/visitem-la-biblioteca-cicle-inicial\/","title":{"rendered":"Visitem la biblioteca Cicle Inicial"},"content":{"rendered":"<p style=\"text-align: justify;\">Aquesta setmana els grups de 1r i 2n hem anat a visitar la Biblioteca de Capellades.<\/p>\n<p><a href=\"https:\/\/photos.app.goo.gl\/1cn1pXKXeor5Kyas8\"><img loading=\"lazy\" decoding=\"async\" class=\"alignnone size-large\" src=\"https:\/\/lh3.googleusercontent.com\/ytwr0uEBUgbmUjxYC71Nd_QjWaosivXl7qDUyGiQJgztyiJ200wnHOp8O-getdMM8f65pCxSLQ2OvXVgeKisbMD3a1Nbq6GKlo53lGcwprpzt-CNKBUWXWy0ry5zaKDhWVQRLK58LB60Vf77FReCT_-6NfLT9vOZReOA7RPQdd4Fw-S6aR04nWP9DHTyLvnhk5xsQ9kCRPQs03BMMxYbAkhf_vFknzV9LomsVhMfO78R8yMFY-EjASUySFeQm6nWvkJmAbCWWG4z8Fq8n4lwop0gZqALnwal4GCKsSe0SeNELvARALuT1db67MsLPVVNfLei11q3ZMQo4RWuUdLQu7hI4nQ7WXZ_HZU5mnR0sasMgbsMQn0SMMbAOCvm9KQesXJYMC49al9IdCZtvGZKOUa6GP8zpVp05T7G9H6HjyyEaxvVZnNgUtF0CbKH27aLS5mJ6uKMQ1ERBFU6JrmmL6EuGNOTh1Yt_Cg74I5gxOqBGNx1gSWKXb8NYwdwlDbnPwPDviAClbqQsbQAQgZR5vz4VTWFDVMeFnrwMp5pPUe0lbt5YQUtuAZ3YpQN9XTea8XMBj5vLF6YGhZ210Plrj_t3z_KnNRfJeQHGbhAgy3BxV-uV6XOjNY0-b06aE8R1caAyk-r0_bnyL87pV8wrHxscc6MtEJzvalhzVJy1F9I-bkEwcZh9aJBNGpN_csghof9maLQAY0ep81_ZWCi_i3R=w1034-h777-no?authuser=0\" width=\"1034\" height=\"776\" \/><\/a><\/p>\n<p style=\"text-align: justify;\">La Marta i la Rosa, les bibliotec\u00e0ries, ens han deixat escollir un conte de la planta baixa de l\u2019edifici i despr\u00e9s hem pujat totes les escales fins al terrat on hem pogut gaudir d\u2019una estoneta de lectura.<\/p>\n<p style=\"text-align: justify;\">Hem quedat ben parats quan hem vist que est\u00e0vem gaireb\u00e9 a la mateixa al\u00e7ada del campanar del nostre poble!!!<\/p>\n<p><!--more--><\/p>\n<p style=\"text-align: justify;\">Se\u2019ns ha fet tan curta l\u2019estoneta de llegir que molts hem decidit que el conte o llibre que ten\u00edem a les mans ens agradaria seguir-lo llegint a casa. Per aix\u00f2, la Marta ens ha explicat que ens el guardarien perqu\u00e8 hi puguem anar amb les fam\u00edlies a buscar-lo amb el carnet.<\/p>\n<p style=\"text-align: justify;\">Tamb\u00e9 ens ha explicat com est\u00e0 organitzada la biblioteca i com ho hem de fer per poder tenir el carnet (els que encara no el tenim). Fins i tot a l\u2019acabar, un grup hem tingut temps d\u2019anar al safareig i investigar el perqu\u00e8 del nom de la biblioteca.<\/p>\n<p style=\"text-align: justify;\">Estem contents de poder tenir a Capellades una biblioteca tan gran i tan bonica!<\/p>\n","protected":false},"excerpt":{"rendered":"<p>Aquesta setmana els grups de 1r i 2n hem anat a visitar la Biblioteca de Capellades. La Marta i la Rosa, les bibliotec\u00e0ries, ens han deixat escollir un conte de la planta baixa de l\u2019edifici i despr\u00e9s hem pujat totes les escales fins al terrat on hem pogut gaudir d\u2019una estoneta de lectura. Hem quedat [&hellip;]<\/p>\n","protected":false},"author":1,"featured_media":0,"comment_status":"open","ping_status":"closed","sticky":false,"template":"","format":"standard","meta":{"_bbp_topic_count":0,"_bbp_reply_count":0,"_bbp_total_topic_count":0,"_bbp_total_reply_count":0,"_bbp_voice_count":0,"_bbp_anonymous_reply_count":0,"_bbp_topic_count_hidden":0,"_bbp_reply_count_hidden":0,"_bbp_forum_subforum_count":0,"site-sidebar-layout":"default","site-content-layout":"","ast-site-content-layout":"","site-content-style":"default","site-sidebar-style":"default","ast-global-header-display":"","ast-banner-title-visibility":"","ast-main-header-display":"","ast-hfb-above-header-display":"","ast-hfb-below-header-display":"","ast-hfb-mobile-header-display":"","site-post-title":"","ast-breadcrumbs-content":"","ast-featured-img":"","footer-sml-layout":"","theme-transparent-header-meta":"","adv-header-id-meta":"","stick-header-meta":"","header-above-stick-meta":"","header-main-stick-meta":"","header-below-stick-meta":"","astra-migrate-meta-layouts":"default","ast-page-background-enabled":"default","ast-page-background-meta":{"desktop":{"background-color":"var(--ast-global-color-5)","background-image":"","background-repeat":"repeat","background-position":"center center","background-size":"auto","background-attachment":"scroll","background-type":"","background-media":"","overlay-type":"","overlay-color":"","overlay-opacity":"","overlay-gradient":""},"tablet":{"background-color":"","background-image":"","background-repeat":"repeat","background-position":"center center","background-size":"auto","background-attachment":"scroll","background-type":"","background-media":"","overlay-type":"","overlay-color":"","overlay-opacity":"","overlay-gradient":""},"mobile":{"background-color":"","background-image":"","background-repeat":"repeat","background-position":"center center","background-size":"auto","background-attachment":"scroll","background-type":"","background-media":"","overlay-type":"","overlay-color":"","overlay-opacity":"","overlay-gradient":""}},"ast-content-background-meta":{"desktop":{"background-color":"var(--ast-global-color-4)","background-image":"","background-repeat":"repeat","background-position":"center center","background-size":"auto","background-attachment":"scroll","background-type":"","background-media":"","overlay-type":"","overlay-color":"","overlay-opacity":"","overlay-gradient":""},"tablet":{"background-color":"var(--ast-global-color-4)","background-image":"","background-repeat":"repeat","background-position":"center center","background-size":"auto","background-attachment":"scroll","background-type":"","background-media":"","overlay-type":"","overlay-color":"","overlay-opacity":"","overlay-gradient":""},"mobile":{"background-color":"var(--ast-global-color-4)","background-image":"","background-repeat":"repeat","background-position":"center center","background-size":"auto","background-attachment":"scroll","background-type":"","background-media":"","overlay-type":"","overlay-color":"","overlay-opacity":"","overlay-gradient":""}},"footnotes":""},"categories":[95,64,141,142],"tags":[181,182,183,184,210],"class_list":["post-9874","post","type-post","status-publish","format-standard","hentry","category-biblioteca","category-inicial","category-p1","category-p2","tag-p1a","tag-p1b","tag-p2a","tag-p2b","tag-sortides"],"post_mailing_queue_ids":[],"_links":{"self":[{"href":"https:\/\/agora.xtec.cat\/escmarquesdelapobla\/wp-json\/wp\/v2\/posts\/9874","targetHints":{"allow":["GET"]}}],"collection":[{"href":"https:\/\/agora.xtec.cat\/escmarquesdelapobla\/wp-json\/wp\/v2\/posts"}],"about":[{"href":"https:\/\/agora.xtec.cat\/escmarquesdelapobla\/wp-json\/wp\/v2\/types\/post"}],"author":[{"embeddable":true,"href":"https:\/\/agora.xtec.cat\/escmarquesdelapobla\/wp-json\/wp\/v2\/users\/1"}],"replies":[{"embeddable":true,"href":"https:\/\/agora.xtec.cat\/escmarquesdelapobla\/wp-json\/wp\/v2\/comments?post=9874"}],"version-history":[{"count":3,"href":"https:\/\/agora.xtec.cat\/escmarquesdelapobla\/wp-json\/wp\/v2\/posts\/9874\/revisions"}],"predecessor-version":[{"id":9888,"href":"https:\/\/agora.xtec.cat\/escmarquesdelapobla\/wp-json\/wp\/v2\/posts\/9874\/revisions\/9888"}],"wp:attachment":[{"href":"https:\/\/agora.xtec.cat\/escmarquesdelapobla\/wp-json\/wp\/v2\/media?parent=9874"}],"wp:term":[{"taxonomy":"category","embeddable":true,"href":"https:\/\/agora.xtec.cat\/escmarquesdelapobla\/wp-json\/wp\/v2\/categories?post=9874"},{"taxonomy":"post_tag","embeddable":true,"href":"https:\/\/agora.xtec.cat\/escmarquesdelapobla\/wp-json\/wp\/v2\/tags?post=9874"}],"curies":[{"name":"wp","href":"https:\/\/api.w.org\/{rel}","templated":true}]}}