{"id":9826,"date":"2021-05-02T14:47:01","date_gmt":"2021-05-02T12:47:01","guid":{"rendered":"http:\/\/agora.xtec.cat\/escmarquesdelapobla\/?p=9826"},"modified":"2021-05-02T20:19:13","modified_gmt":"2021-05-02T18:19:13","slug":"la-magia-de-la-primavera","status":"publish","type":"post","link":"https:\/\/agora.xtec.cat\/escmarquesdelapobla\/infantil\/la-magia-de-la-primavera\/","title":{"rendered":"La m\u00e0gia de la primavera"},"content":{"rendered":"<p style=\"text-align: justify;\">Les nenes i els nens de P3 de la classe del Rec del Corronaire, des de que vam tornar de les vacances de Pasqua hem vivenciat qu\u00e8 \u00e9s la primavera.<\/p>\n<p><a href=\"https:\/\/photos.app.goo.gl\/cauz49XVptMxBoQ36\"><img loading=\"lazy\" decoding=\"async\" class=\"size-large aligncenter\" src=\"https:\/\/lh3.googleusercontent.com\/fFlDnHMAAWXxbNxA2x07w1LzkFTQtpezVT1_3UU4Lnu2TXaHaw_4mcaxIWgTcpAnmdefChzizGERsx8FkvdNufj7_X6L-LeP9iePF8Ttd5fvsMzlUHiQSH03oPNleuocdX5K6PEtSVLk3XEvmGZmS5zKgJk7porFCOQtz8Wr07ZUCX81pSMGMWm_ubPgIVDHsboefor6WQgrpdTaiNuKFjwq9WQ4vkV7asUZ73PmX-KLMhCr7oAn8QuLc-Hvf6bZPhgRlXHIj0P26fbFKpcxufNY6PUsZeCZxSjZPXki1IJXWzyx3wvOjhzLHv9cUwClJzCWTrEGzDfK-fsLykmM3R1WBp5vkNv0A082fpDuzNTEG5l8UjmXMpUJFpwYZa5wE2lS-roMFLog5CIFDiKjaTDvqRr-fGdu-gDLIv7PDkFVl8lkNLjdBK6gfMBBrvqx01195nfEExvIzbkcK816BLOM3eScdnbVxqmn-u6xmx7p6Xc0FVoeqQWIhQyh9yfrRwV4hcP-CRVqd_bldWCOdKlYYlPCKVel2z-Fgka0H35sH1Hz4Avt0kgrVOgxZjYHsxtY0uQkkTljNYPEuGlCfWPc4wg77sZOwn1-Z6Vo7uC7dncAsj7oc5wbZe7BlspgZdDllPcPqz-R-Y565ZTZkMLFwq-OzyIz0TcGgF7swtvxkkvyNAyQ3y4-k6pNWQAy-DXX6WyyA4CF3eSKA0vBywg=w756-h567-no?authuser=0\" width=\"756\" height=\"567\" \/><\/a><\/p>\n<p style=\"text-align: justify;\">Primer de tot hem visitat el nostre entorn m\u00e9s proper, els patis de l\u2019escola.<\/p>\n<p><!--more--><\/p>\n<p style=\"text-align: justify;\">Ens agrada gaudir de les activitats a l\u2019aire lliure, sortir i observar els arbres, olorar les plantes, escoltar els sons de la natura, com canten els ocells o b\u00e9 buscar insectes amb les lupes&#8230; ha estat fant\u00e0stic per veure i descobrir el qu\u00e8 passa a la primavera.<\/p>\n<p style=\"text-align: justify;\">A la classe hem explicat contes com tamb\u00e9 estem fent activitats d\u2019art, de musica, d\u2019experimentaci\u00f3&#8230; i podem jugar en els diferents espais racons que ens porten a descobrir-la.<br \/>\n<a href=\"https:\/\/photos.app.goo.gl\/cauz49XVptMxBoQ36\"><strong>Aqu\u00ed teniu un recull de fotografies<\/strong><\/a> on podreu veure la m\u00e0gia de la primavera!!!<\/p>\n","protected":false},"excerpt":{"rendered":"<p>Les nenes i els nens de P3 de la classe del Rec del Corronaire, des de que vam tornar de les vacances de Pasqua hem vivenciat qu\u00e8 \u00e9s la primavera. Primer de tot hem visitat el nostre entorn m\u00e9s proper, els patis de l\u2019escola.<\/p>\n","protected":false},"author":2,"featured_media":0,"comment_status":"open","ping_status":"closed","sticky":false,"template":"","format":"standard","meta":{"_bbp_topic_count":0,"_bbp_reply_count":0,"_bbp_total_topic_count":0,"_bbp_total_reply_count":0,"_bbp_voice_count":0,"_bbp_anonymous_reply_count":0,"_bbp_topic_count_hidden":0,"_bbp_reply_count_hidden":0,"_bbp_forum_subforum_count":0,"site-sidebar-layout":"default","site-content-layout":"","ast-site-content-layout":"","site-content-style":"default","site-sidebar-style":"default","ast-global-header-display":"","ast-banner-title-visibility":"","ast-main-header-display":"","ast-hfb-above-header-display":"","ast-hfb-below-header-display":"","ast-hfb-mobile-header-display":"","site-post-title":"","ast-breadcrumbs-content":"","ast-featured-img":"","footer-sml-layout":"","theme-transparent-header-meta":"","adv-header-id-meta":"","stick-header-meta":"","header-above-stick-meta":"","header-main-stick-meta":"","header-below-stick-meta":"","astra-migrate-meta-layouts":"default","ast-page-background-enabled":"default","ast-page-background-meta":{"desktop":{"background-color":"var(--ast-global-color-5)","background-image":"","background-repeat":"repeat","background-position":"center center","background-size":"auto","background-attachment":"scroll","background-type":"","background-media":"","overlay-type":"","overlay-color":"","overlay-opacity":"","overlay-gradient":""},"tablet":{"background-color":"","background-image":"","background-repeat":"repeat","background-position":"center center","background-size":"auto","background-attachment":"scroll","background-type":"","background-media":"","overlay-type":"","overlay-color":"","overlay-opacity":"","overlay-gradient":""},"mobile":{"background-color":"","background-image":"","background-repeat":"repeat","background-position":"center center","background-size":"auto","background-attachment":"scroll","background-type":"","background-media":"","overlay-type":"","overlay-color":"","overlay-opacity":"","overlay-gradient":""}},"ast-content-background-meta":{"desktop":{"background-color":"var(--ast-global-color-4)","background-image":"","background-repeat":"repeat","background-position":"center center","background-size":"auto","background-attachment":"scroll","background-type":"","background-media":"","overlay-type":"","overlay-color":"","overlay-opacity":"","overlay-gradient":""},"tablet":{"background-color":"var(--ast-global-color-4)","background-image":"","background-repeat":"repeat","background-position":"center center","background-size":"auto","background-attachment":"scroll","background-type":"","background-media":"","overlay-type":"","overlay-color":"","overlay-opacity":"","overlay-gradient":""},"mobile":{"background-color":"var(--ast-global-color-4)","background-image":"","background-repeat":"repeat","background-position":"center center","background-size":"auto","background-attachment":"scroll","background-type":"","background-media":"","overlay-type":"","overlay-color":"","overlay-opacity":"","overlay-gradient":""}},"footnotes":""},"categories":[3,2],"tags":[192],"class_list":["post-9826","post","type-post","status-publish","format-standard","hentry","category-i3","category-infantil","tag-p3-a"],"post_mailing_queue_ids":[],"_links":{"self":[{"href":"https:\/\/agora.xtec.cat\/escmarquesdelapobla\/wp-json\/wp\/v2\/posts\/9826","targetHints":{"allow":["GET"]}}],"collection":[{"href":"https:\/\/agora.xtec.cat\/escmarquesdelapobla\/wp-json\/wp\/v2\/posts"}],"about":[{"href":"https:\/\/agora.xtec.cat\/escmarquesdelapobla\/wp-json\/wp\/v2\/types\/post"}],"author":[{"embeddable":true,"href":"https:\/\/agora.xtec.cat\/escmarquesdelapobla\/wp-json\/wp\/v2\/users\/2"}],"replies":[{"embeddable":true,"href":"https:\/\/agora.xtec.cat\/escmarquesdelapobla\/wp-json\/wp\/v2\/comments?post=9826"}],"version-history":[{"count":3,"href":"https:\/\/agora.xtec.cat\/escmarquesdelapobla\/wp-json\/wp\/v2\/posts\/9826\/revisions"}],"predecessor-version":[{"id":9840,"href":"https:\/\/agora.xtec.cat\/escmarquesdelapobla\/wp-json\/wp\/v2\/posts\/9826\/revisions\/9840"}],"wp:attachment":[{"href":"https:\/\/agora.xtec.cat\/escmarquesdelapobla\/wp-json\/wp\/v2\/media?parent=9826"}],"wp:term":[{"taxonomy":"category","embeddable":true,"href":"https:\/\/agora.xtec.cat\/escmarquesdelapobla\/wp-json\/wp\/v2\/categories?post=9826"},{"taxonomy":"post_tag","embeddable":true,"href":"https:\/\/agora.xtec.cat\/escmarquesdelapobla\/wp-json\/wp\/v2\/tags?post=9826"}],"curies":[{"name":"wp","href":"https:\/\/api.w.org\/{rel}","templated":true}]}}