{"id":9817,"date":"2021-05-02T12:43:12","date_gmt":"2021-05-02T10:43:12","guid":{"rendered":"http:\/\/agora.xtec.cat\/escmarquesdelapobla\/?p=9817"},"modified":"2021-05-02T20:15:44","modified_gmt":"2021-05-02T18:15:44","slug":"cicle-inicial-anem-al-teatre-de-la-lliga","status":"publish","type":"post","link":"https:\/\/agora.xtec.cat\/escmarquesdelapobla\/inicial\/cicle-inicial-anem-al-teatre-de-la-lliga\/","title":{"rendered":"Cicle inicial anem al teatre de la Lliga"},"content":{"rendered":"<p style=\"text-align: justify;\">El dijous 29 d\u2019abril, els nens i les nenes de 1r i 2n de Cicle Inicial, gr\u00e0cies a l\u2019organitzaci\u00f3 de l\u2019Ajuntament de Capellades i la Diputaci\u00f3 de Barcelona vam poder gaudir un any m\u00e9s del programa \u201cAnem al teatre\u201d. A mig mat\u00ed vam anar al Teatre de la Lliga a veure i escoltar el concert del grup musical Xiula, anomenat \u201cDintr\u00edssim\u201d.<\/p>\n<p style=\"text-align: justify;\"><a href=\"https:\/\/photos.app.goo.gl\/5VCGgiRAt1x9J8Se6\"><img loading=\"lazy\" decoding=\"async\" class=\"wp-image-9818 aligncenter\" src=\"https:\/\/agora.xtec.cat\/escmarquesdelapobla\/wp-content\/uploads\/usu1682\/2021\/05\/foto-teatre.jpeg\" alt=\"\" width=\"725\" height=\"545\" srcset=\"https:\/\/agora.xtec.cat\/escmarquesdelapobla\/wp-content\/uploads\/usu1682\/2021\/05\/foto-teatre.jpeg 875w, https:\/\/agora.xtec.cat\/escmarquesdelapobla\/wp-content\/uploads\/usu1682\/2021\/05\/foto-teatre-300x225.jpeg 300w, https:\/\/agora.xtec.cat\/escmarquesdelapobla\/wp-content\/uploads\/usu1682\/2021\/05\/foto-teatre-768x577.jpeg 768w, https:\/\/agora.xtec.cat\/escmarquesdelapobla\/wp-content\/uploads\/usu1682\/2021\/05\/foto-teatre-200x150.jpeg 200w\" sizes=\"auto, (max-width: 725px) 100vw, 725px\" \/><\/a><br \/>\nEn aquest espectacle vam poder viure amb els 4 m\u00fasics una aventura per l\u2019interior del cos hum\u00e0, descobrint alguns secrets o problemes que s\u2019amaguen en cadasc\u00fa de nosaltres.<\/p>\n<p><!--more--><\/p>\n<p style=\"text-align: justify;\">Vam poder gaudir de can\u00e7ons com: el sucre, els polls, el rap de la verdura i el peix, els mocs, les pantalles, entre moltes altres.<\/p>\n<p style=\"text-align: justify;\">Ha estat una experi\u00e8ncia \u00fanica d\u2019animaci\u00f3 musical, plena de ritme, humor i melodia, on infants i mestres vam gaudir d\u2019all\u00f2 m\u00e9s amb la m\u00fasica d\u2019aquest grup tan fant\u00e0stic!!!<\/p>\n","protected":false},"excerpt":{"rendered":"<p>El dijous 29 d\u2019abril, els nens i les nenes de 1r i 2n de Cicle Inicial, gr\u00e0cies a l\u2019organitzaci\u00f3 de l\u2019Ajuntament de Capellades i la Diputaci\u00f3 de Barcelona vam poder gaudir un any m\u00e9s del programa \u201cAnem al teatre\u201d. A mig mat\u00ed vam anar al Teatre de la Lliga a veure i escoltar el concert [&hellip;]<\/p>\n","protected":false},"author":1,"featured_media":0,"comment_status":"open","ping_status":"closed","sticky":false,"template":"","format":"standard","meta":{"_bbp_topic_count":0,"_bbp_reply_count":0,"_bbp_total_topic_count":0,"_bbp_total_reply_count":0,"_bbp_voice_count":0,"_bbp_anonymous_reply_count":0,"_bbp_topic_count_hidden":0,"_bbp_reply_count_hidden":0,"_bbp_forum_subforum_count":0,"site-sidebar-layout":"default","site-content-layout":"","ast-site-content-layout":"","site-content-style":"default","site-sidebar-style":"default","ast-global-header-display":"","ast-banner-title-visibility":"","ast-main-header-display":"","ast-hfb-above-header-display":"","ast-hfb-below-header-display":"","ast-hfb-mobile-header-display":"","site-post-title":"","ast-breadcrumbs-content":"","ast-featured-img":"","footer-sml-layout":"","theme-transparent-header-meta":"","adv-header-id-meta":"","stick-header-meta":"","header-above-stick-meta":"","header-main-stick-meta":"","header-below-stick-meta":"","astra-migrate-meta-layouts":"default","ast-page-background-enabled":"default","ast-page-background-meta":{"desktop":{"background-color":"var(--ast-global-color-5)","background-image":"","background-repeat":"repeat","background-position":"center center","background-size":"auto","background-attachment":"scroll","background-type":"","background-media":"","overlay-type":"","overlay-color":"","overlay-opacity":"","overlay-gradient":""},"tablet":{"background-color":"","background-image":"","background-repeat":"repeat","background-position":"center center","background-size":"auto","background-attachment":"scroll","background-type":"","background-media":"","overlay-type":"","overlay-color":"","overlay-opacity":"","overlay-gradient":""},"mobile":{"background-color":"","background-image":"","background-repeat":"repeat","background-position":"center center","background-size":"auto","background-attachment":"scroll","background-type":"","background-media":"","overlay-type":"","overlay-color":"","overlay-opacity":"","overlay-gradient":""}},"ast-content-background-meta":{"desktop":{"background-color":"var(--ast-global-color-4)","background-image":"","background-repeat":"repeat","background-position":"center center","background-size":"auto","background-attachment":"scroll","background-type":"","background-media":"","overlay-type":"","overlay-color":"","overlay-opacity":"","overlay-gradient":""},"tablet":{"background-color":"var(--ast-global-color-4)","background-image":"","background-repeat":"repeat","background-position":"center center","background-size":"auto","background-attachment":"scroll","background-type":"","background-media":"","overlay-type":"","overlay-color":"","overlay-opacity":"","overlay-gradient":""},"mobile":{"background-color":"var(--ast-global-color-4)","background-image":"","background-repeat":"repeat","background-position":"center center","background-size":"auto","background-attachment":"scroll","background-type":"","background-media":"","overlay-type":"","overlay-color":"","overlay-opacity":"","overlay-gradient":""}},"footnotes":""},"categories":[64,141,142],"tags":[210],"class_list":["post-9817","post","type-post","status-publish","format-standard","hentry","category-inicial","category-p1","category-p2","tag-sortides"],"post_mailing_queue_ids":[],"_links":{"self":[{"href":"https:\/\/agora.xtec.cat\/escmarquesdelapobla\/wp-json\/wp\/v2\/posts\/9817","targetHints":{"allow":["GET"]}}],"collection":[{"href":"https:\/\/agora.xtec.cat\/escmarquesdelapobla\/wp-json\/wp\/v2\/posts"}],"about":[{"href":"https:\/\/agora.xtec.cat\/escmarquesdelapobla\/wp-json\/wp\/v2\/types\/post"}],"author":[{"embeddable":true,"href":"https:\/\/agora.xtec.cat\/escmarquesdelapobla\/wp-json\/wp\/v2\/users\/1"}],"replies":[{"embeddable":true,"href":"https:\/\/agora.xtec.cat\/escmarquesdelapobla\/wp-json\/wp\/v2\/comments?post=9817"}],"version-history":[{"count":3,"href":"https:\/\/agora.xtec.cat\/escmarquesdelapobla\/wp-json\/wp\/v2\/posts\/9817\/revisions"}],"predecessor-version":[{"id":9837,"href":"https:\/\/agora.xtec.cat\/escmarquesdelapobla\/wp-json\/wp\/v2\/posts\/9817\/revisions\/9837"}],"wp:attachment":[{"href":"https:\/\/agora.xtec.cat\/escmarquesdelapobla\/wp-json\/wp\/v2\/media?parent=9817"}],"wp:term":[{"taxonomy":"category","embeddable":true,"href":"https:\/\/agora.xtec.cat\/escmarquesdelapobla\/wp-json\/wp\/v2\/categories?post=9817"},{"taxonomy":"post_tag","embeddable":true,"href":"https:\/\/agora.xtec.cat\/escmarquesdelapobla\/wp-json\/wp\/v2\/tags?post=9817"}],"curies":[{"name":"wp","href":"https:\/\/api.w.org\/{rel}","templated":true}]}}