{"id":9799,"date":"2021-04-30T16:00:14","date_gmt":"2021-04-30T14:00:14","guid":{"rendered":"http:\/\/agora.xtec.cat\/escmarquesdelapobla\/?p=9799"},"modified":"2021-04-30T16:01:20","modified_gmt":"2021-04-30T14:01:20","slug":"confinats-una-altra-vegada","status":"publish","type":"post","link":"https:\/\/agora.xtec.cat\/escmarquesdelapobla\/superior\/confinats-una-altra-vegada\/","title":{"rendered":"Confinats&#8230; una altra vegada!"},"content":{"rendered":"<p style=\"text-align: justify;\">Hola a tothom, som la classe de 6\u00e8 A, i hem tornat \u00a0a estar confinats.<br \/>\nUs posarem en situaci\u00f3:<\/p>\n<p style=\"text-align: justify;\">El darrer dijous 22 d\u2019abril est\u00e0vem a classe fent matem\u00e0tiques, quan el nostre tutor, David, ens va comunicar la not\u00edcia: que un company@, del que no direm el nom, va donar positiu per covid-19. I si, una altra vegada vam acabar confinats, i no nom\u00e9s nosaltres, sin\u00f3 que 2 classes m\u00e9s van ser confinades.<\/p>\n<p><img loading=\"lazy\" decoding=\"async\" class=\"size-full wp-image-9800 aligncenter\" src=\"https:\/\/agora.xtec.cat\/escmarquesdelapobla\/wp-content\/uploads\/usu1682\/2021\/04\/1.jpg\" alt=\"\" width=\"1162\" height=\"808\" srcset=\"https:\/\/agora.xtec.cat\/escmarquesdelapobla\/wp-content\/uploads\/usu1682\/2021\/04\/1.jpg 1162w, https:\/\/agora.xtec.cat\/escmarquesdelapobla\/wp-content\/uploads\/usu1682\/2021\/04\/1-300x209.jpg 300w, https:\/\/agora.xtec.cat\/escmarquesdelapobla\/wp-content\/uploads\/usu1682\/2021\/04\/1-768x534.jpg 768w, https:\/\/agora.xtec.cat\/escmarquesdelapobla\/wp-content\/uploads\/usu1682\/2021\/04\/1-1024x712.jpg 1024w\" sizes=\"auto, (max-width: 1162px) 100vw, 1162px\" \/><\/p>\n<p style=\"text-align: justify;\">Aquesta vegada, ens van fer les PCR el mateix dia, per\u00f2 vam haver d\u2019esperar en el jardinet mentre les altres 2 classes esperaven per fer-se la prova.<\/p>\n<p><!--more--><\/p>\n<p style=\"text-align: justify;\">Tanta estona vam estar al pati, que vam poder presenciar com els\/les nostres companys\/es de 6\u00e8 B entraven a classe, junt amb tots els altres alumnes de cicle superior, i fins hi tot vam tenir l\u2019oportunitat de saludar-los des de la dist\u00e0ncia.<\/p>\n<p style=\"text-align: justify;\">Despr\u00e9s d\u2019esperar durant 2,5 i 3 hores ens va arribar el torn per fer-nos les PCR, per\u00f2, a difer\u00e8ncia de l\u2019altre cop, no est\u00e0vem tan nerviosos\/es ni espantats\/es, nosaltres personalment, ens trob\u00e0vem bastant tranquils\/es, ja que fer-nos les PCR significava anar a dinar, i realment vol\u00edem menjar.<\/p>\n<p style=\"text-align: justify;\">Ara segurament us preguntareu quina va ser la sensaci\u00f3 que vam tenir al fer-nos la prova, doncs b\u00e9, ens atrevirem a dir que va ser menys molest que l\u2019\u00faltima vegada, almenys per nosaltres. I, com vam dir l\u2019altra vegada, no patiu, no fa mal, nom\u00e9s \u00e9s una mica molest.<\/p>\n<p style=\"text-align: justify;\">En arribar a casa, ens vam posar a dinar, per\u00f2 no com normalment, sin\u00f3 que el m\u00e9s lluny possible dels nostres familiars, hav\u00edem de seguir les restriccions de seguretat. Aquestes restriccions inclo\u00efen anar amb mascareta si no est\u00e0vem a les nostres habitacions i estar confinats sense poder sortir al carrer.<\/p>\n<p style=\"text-align: justify;\">L&#8217;\u00faltima restricci\u00f3 es va mantenir fins divendres 30 d\u2019abril, mentre que la primera restricci\u00f3 es va acabar quan ens van donar els resultats de les PCR, que va ser 1-2 dies despr\u00e9s i, que per sort, tothom va donar negatiu.<\/p>\n<p style=\"text-align: justify;\">El divendres vam comen\u00e7ar les classes virtuals per ZOOM, al mat\u00ed, la videoconfer\u00e8ncia comen\u00e7ava a les 9.30 i acabava a les 10, i a la tarda, comen\u00e7ava a les 4 i acabava a les 4.30. En els 30 minuts del mat\u00ed el David ens explicava les tasques que haur\u00edem de fer durant aquell dia, i a la tarda correg\u00edem les tasques. La majoria de feines eren proves de compet\u00e8ncies b\u00e0siques, ja que de dimarts 4 \u00a0fins dijous 6 de maig hem de fer les compet\u00e8ncies b\u00e0siques. A m\u00e9s a m\u00e9s vam fer el punt de llibre de Sant Jordi, vam connectar amb l\u2019escola per seguir l\u2019actuaci\u00f3\u00a0 del Jaume Ibars, activitats de medi, m\u00fasica, angl\u00e8s&#8230;<\/p>\n<p><img loading=\"lazy\" decoding=\"async\" class=\" wp-image-9801 aligncenter\" src=\"https:\/\/agora.xtec.cat\/escmarquesdelapobla\/wp-content\/uploads\/usu1682\/2021\/04\/2.jpeg\" alt=\"\" width=\"740\" height=\"889\" srcset=\"https:\/\/agora.xtec.cat\/escmarquesdelapobla\/wp-content\/uploads\/usu1682\/2021\/04\/2.jpeg 1332w, https:\/\/agora.xtec.cat\/escmarquesdelapobla\/wp-content\/uploads\/usu1682\/2021\/04\/2-250x300.jpeg 250w, https:\/\/agora.xtec.cat\/escmarquesdelapobla\/wp-content\/uploads\/usu1682\/2021\/04\/2-768x923.jpeg 768w, https:\/\/agora.xtec.cat\/escmarquesdelapobla\/wp-content\/uploads\/usu1682\/2021\/04\/2-852x1024.jpeg 852w\" sizes=\"auto, (max-width: 740px) 100vw, 740px\" \/><\/p>\n<p style=\"text-align: justify;\">Esperem que aquest text us hagi agradat i interessat, ja que nosaltres l\u2019hem fet amb molta alegria, i ens ha ajudat a superar el confinament&#8230; una altra vegada.<br \/>\nMolts \u00e0nims, valents\/es que vosaltres podeu!!!<\/p>\n<p style=\"text-align: justify;\">Autors\/es: Noah Garc\u00eda Mart\u00edn, Arian Busquets Hidalgo i Isaac Goya Paredes. (revisat per tota la classe de 6\u00e8 A).<\/p>\n","protected":false},"excerpt":{"rendered":"<p>Hola a tothom, som la classe de 6\u00e8 A, i hem tornat \u00a0a estar confinats. Us posarem en situaci\u00f3: El darrer dijous 22 d\u2019abril est\u00e0vem a classe fent matem\u00e0tiques, quan el nostre tutor, David, ens va comunicar la not\u00edcia: que un company@, del que no direm el nom, va donar positiu per covid-19. I si, [&hellip;]<\/p>\n","protected":false},"author":2,"featured_media":0,"comment_status":"open","ping_status":"closed","sticky":false,"template":"","format":"standard","meta":{"_bbp_topic_count":0,"_bbp_reply_count":0,"_bbp_total_topic_count":0,"_bbp_total_reply_count":0,"_bbp_voice_count":0,"_bbp_anonymous_reply_count":0,"_bbp_topic_count_hidden":0,"_bbp_reply_count_hidden":0,"_bbp_forum_subforum_count":0,"site-sidebar-layout":"default","site-content-layout":"","ast-site-content-layout":"","site-content-style":"default","site-sidebar-style":"default","ast-global-header-display":"","ast-banner-title-visibility":"","ast-main-header-display":"","ast-hfb-above-header-display":"","ast-hfb-below-header-display":"","ast-hfb-mobile-header-display":"","site-post-title":"","ast-breadcrumbs-content":"","ast-featured-img":"","footer-sml-layout":"","theme-transparent-header-meta":"","adv-header-id-meta":"","stick-header-meta":"","header-above-stick-meta":"","header-main-stick-meta":"","header-below-stick-meta":"","astra-migrate-meta-layouts":"default","ast-page-background-enabled":"default","ast-page-background-meta":{"desktop":{"background-color":"var(--ast-global-color-5)","background-image":"","background-repeat":"repeat","background-position":"center center","background-size":"auto","background-attachment":"scroll","background-type":"","background-media":"","overlay-type":"","overlay-color":"","overlay-opacity":"","overlay-gradient":""},"tablet":{"background-color":"","background-image":"","background-repeat":"repeat","background-position":"center center","background-size":"auto","background-attachment":"scroll","background-type":"","background-media":"","overlay-type":"","overlay-color":"","overlay-opacity":"","overlay-gradient":""},"mobile":{"background-color":"","background-image":"","background-repeat":"repeat","background-position":"center center","background-size":"auto","background-attachment":"scroll","background-type":"","background-media":"","overlay-type":"","overlay-color":"","overlay-opacity":"","overlay-gradient":""}},"ast-content-background-meta":{"desktop":{"background-color":"var(--ast-global-color-4)","background-image":"","background-repeat":"repeat","background-position":"center center","background-size":"auto","background-attachment":"scroll","background-type":"","background-media":"","overlay-type":"","overlay-color":"","overlay-opacity":"","overlay-gradient":""},"tablet":{"background-color":"var(--ast-global-color-4)","background-image":"","background-repeat":"repeat","background-position":"center center","background-size":"auto","background-attachment":"scroll","background-type":"","background-media":"","overlay-type":"","overlay-color":"","overlay-opacity":"","overlay-gradient":""},"mobile":{"background-color":"var(--ast-global-color-4)","background-image":"","background-repeat":"repeat","background-position":"center center","background-size":"auto","background-attachment":"scroll","background-type":"","background-media":"","overlay-type":"","overlay-color":"","overlay-opacity":"","overlay-gradient":""}},"footnotes":""},"categories":[5,133],"tags":[211],"class_list":["post-9799","post","type-post","status-publish","format-standard","hentry","category-superior","category-p6","tag-p6a"],"post_mailing_queue_ids":[],"_links":{"self":[{"href":"https:\/\/agora.xtec.cat\/escmarquesdelapobla\/wp-json\/wp\/v2\/posts\/9799","targetHints":{"allow":["GET"]}}],"collection":[{"href":"https:\/\/agora.xtec.cat\/escmarquesdelapobla\/wp-json\/wp\/v2\/posts"}],"about":[{"href":"https:\/\/agora.xtec.cat\/escmarquesdelapobla\/wp-json\/wp\/v2\/types\/post"}],"author":[{"embeddable":true,"href":"https:\/\/agora.xtec.cat\/escmarquesdelapobla\/wp-json\/wp\/v2\/users\/2"}],"replies":[{"embeddable":true,"href":"https:\/\/agora.xtec.cat\/escmarquesdelapobla\/wp-json\/wp\/v2\/comments?post=9799"}],"version-history":[{"count":3,"href":"https:\/\/agora.xtec.cat\/escmarquesdelapobla\/wp-json\/wp\/v2\/posts\/9799\/revisions"}],"predecessor-version":[{"id":9804,"href":"https:\/\/agora.xtec.cat\/escmarquesdelapobla\/wp-json\/wp\/v2\/posts\/9799\/revisions\/9804"}],"wp:attachment":[{"href":"https:\/\/agora.xtec.cat\/escmarquesdelapobla\/wp-json\/wp\/v2\/media?parent=9799"}],"wp:term":[{"taxonomy":"category","embeddable":true,"href":"https:\/\/agora.xtec.cat\/escmarquesdelapobla\/wp-json\/wp\/v2\/categories?post=9799"},{"taxonomy":"post_tag","embeddable":true,"href":"https:\/\/agora.xtec.cat\/escmarquesdelapobla\/wp-json\/wp\/v2\/tags?post=9799"}],"curies":[{"name":"wp","href":"https:\/\/api.w.org\/{rel}","templated":true}]}}