{"id":9777,"date":"2021-04-30T09:40:14","date_gmt":"2021-04-30T07:40:14","guid":{"rendered":"http:\/\/agora.xtec.cat\/escmarquesdelapobla\/?p=9777"},"modified":"2021-04-30T09:40:14","modified_gmt":"2021-04-30T07:40:14","slug":"activitats-de-sant-jordi-a-p5","status":"publish","type":"post","link":"https:\/\/agora.xtec.cat\/escmarquesdelapobla\/general\/activitats-de-sant-jordi-a-p5\/","title":{"rendered":"Activitats de Sant Jordi a P5"},"content":{"rendered":"<p style=\"text-align: justify;\">Despr\u00e9s d&#8217;un 23 d&#8217;abril del 2020 d&#8217;aturada per la crisis sanit\u00e0ria, l&#8217;escola ha pogut tornar a sentir l&#8217;esperit d&#8217;una de les diades m\u00e9s nostres, la dels contes, flors i m\u00e0gia.<\/p>\n<p><a href=\"https:\/\/photos.app.goo.gl\/uaN4r571xSxmudPd8\"><img loading=\"lazy\" decoding=\"async\" class=\" aligncenter\" src=\"https:\/\/lh3.googleusercontent.com\/VAipGrPsETSgD4gpSKH7h_D10FcyRYZ0ePMqHTSOfut98fvNJS9Xm3_WZg-cXK02ySK2QBREz4lUy-kQO-3vhc2-c5yffmtNaXHI-5ZA8GuW3XJzKGPvPnLfxd5O5_Dej0nhUSQE5Zt6v_DtCMuvc60mt0kOXobLiq_EO5HXBg79tCo-ceWCpvRLNiHwmCWu9PSByNzOsyNmekqYDwsolqzetruEyMU3fG0s6OQsjVmHAhy8tnXeXeplsOd7E6HOHEOqPwXIf1LKqmZJp9SPLF0GnsXLHE_OvnQkN7u6m-Lq0F1O4KTO5pDfp7INJAqQ-_b89EEYMlfwDXjgkswT_mPFWllOQM3RUxhvhXzOvAZKlqUtNqLmjc9v3s_CmswkvBMyLlrszadAmdhQFbU3BDm7JV15XsHc8yFSNky8QUTh_yBrFerX2FyvMPQ7Z0O46wkLuN7nWc69s7Oo-PejmJYO1XMZNFNKEg5o-6_7IjMGD40V9UBJOWOM8UFcXIVbKUHpY0fwWGWaLlzPcL7ck3U29xv3fF7yiEe5Z6wF75tvm1x8e7cIh8M2Pw2Vc5qYRUS8-rZx5-FETy4rnkX0ZiVmGDkSNklx30Oj-8OpEdn89KXC_jNuWPPQs2j_l-Q_eUXvWZKJoZ1Qt6H93ujRRVl_ukFZbgt2DsRKzTGGJWy5JcAcm1Tghe2nIUJRilWbH4nUjC0O3b1UqTC2cK07MQH9=w434-h244-no?authuser=0\" width=\"762\" height=\"427\" \/><\/a><\/p>\n<p>Durant tota la setmana passada, a P5 vam fer racons de lectura, explicaci\u00f3 de contes, creaci\u00f3 de llegendes, amb els contes que els nens i nenes van anar portant i els que ten\u00edem a la classe&#8230; els vam mirar i remenar per con\u00e8ixer-los millor. Mireu les fotografies, esperem que us agradin!<\/p>\n<p><!--more--><\/p>\n<p style=\"text-align: justify;\">Tamb\u00e9 vam explicar diferents versions de la llegenda de Sant Jordi! Vam fer observaci\u00f3 i creaci\u00f3 de flors. Fixeu-vos en els punts de llibre tan bonics que ens han quedat!<\/p>\n<p style=\"text-align: justify;\">La diada de Sant Jordi ens ho vam passar molt b\u00e9! Al mat\u00ed vam gaudir molt gr\u00e0cies al Jaume ibars, qui ens va animar amb les seves can\u00e7ons. A la tarda finalment vam podem escoltar contes per diferents racons dels patis. Va ser un dia m\u00e0gic!<\/p>\n","protected":false},"excerpt":{"rendered":"<p>Despr\u00e9s d&#8217;un 23 d&#8217;abril del 2020 d&#8217;aturada per la crisis sanit\u00e0ria, l&#8217;escola ha pogut tornar a sentir l&#8217;esperit d&#8217;una de les diades m\u00e9s nostres, la dels contes, flors i m\u00e0gia. Durant tota la setmana passada, a P5 vam fer racons de lectura, explicaci\u00f3 de contes, creaci\u00f3 de llegendes, amb els contes que els nens i [&hellip;]<\/p>\n","protected":false},"author":2,"featured_media":0,"comment_status":"open","ping_status":"closed","sticky":false,"template":"","format":"standard","meta":{"_bbp_topic_count":0,"_bbp_reply_count":0,"_bbp_total_topic_count":0,"_bbp_total_reply_count":0,"_bbp_voice_count":0,"_bbp_anonymous_reply_count":0,"_bbp_topic_count_hidden":0,"_bbp_reply_count_hidden":0,"_bbp_forum_subforum_count":0,"site-sidebar-layout":"default","site-content-layout":"","ast-site-content-layout":"","site-content-style":"default","site-sidebar-style":"default","ast-global-header-display":"","ast-banner-title-visibility":"","ast-main-header-display":"","ast-hfb-above-header-display":"","ast-hfb-below-header-display":"","ast-hfb-mobile-header-display":"","site-post-title":"","ast-breadcrumbs-content":"","ast-featured-img":"","footer-sml-layout":"","theme-transparent-header-meta":"","adv-header-id-meta":"","stick-header-meta":"","header-above-stick-meta":"","header-main-stick-meta":"","header-below-stick-meta":"","astra-migrate-meta-layouts":"default","ast-page-background-enabled":"default","ast-page-background-meta":{"desktop":{"background-color":"var(--ast-global-color-5)","background-image":"","background-repeat":"repeat","background-position":"center center","background-size":"auto","background-attachment":"scroll","background-type":"","background-media":"","overlay-type":"","overlay-color":"","overlay-opacity":"","overlay-gradient":""},"tablet":{"background-color":"","background-image":"","background-repeat":"repeat","background-position":"center center","background-size":"auto","background-attachment":"scroll","background-type":"","background-media":"","overlay-type":"","overlay-color":"","overlay-opacity":"","overlay-gradient":""},"mobile":{"background-color":"","background-image":"","background-repeat":"repeat","background-position":"center center","background-size":"auto","background-attachment":"scroll","background-type":"","background-media":"","overlay-type":"","overlay-color":"","overlay-opacity":"","overlay-gradient":""}},"ast-content-background-meta":{"desktop":{"background-color":"var(--ast-global-color-4)","background-image":"","background-repeat":"repeat","background-position":"center center","background-size":"auto","background-attachment":"scroll","background-type":"","background-media":"","overlay-type":"","overlay-color":"","overlay-opacity":"","overlay-gradient":""},"tablet":{"background-color":"var(--ast-global-color-4)","background-image":"","background-repeat":"repeat","background-position":"center center","background-size":"auto","background-attachment":"scroll","background-type":"","background-media":"","overlay-type":"","overlay-color":"","overlay-opacity":"","overlay-gradient":""},"mobile":{"background-color":"var(--ast-global-color-4)","background-image":"","background-repeat":"repeat","background-position":"center center","background-size":"auto","background-attachment":"scroll","background-type":"","background-media":"","overlay-type":"","overlay-color":"","overlay-opacity":"","overlay-gradient":""}},"footnotes":""},"categories":[1,9,2,97],"tags":[197,198,201],"class_list":["post-9777","post","type-post","status-publish","format-standard","hentry","category-general","category-i5","category-infantil","category-stjordi","tag-i5-a","tag-i5-b","tag-sant-jordi"],"post_mailing_queue_ids":[],"_links":{"self":[{"href":"https:\/\/agora.xtec.cat\/escmarquesdelapobla\/wp-json\/wp\/v2\/posts\/9777","targetHints":{"allow":["GET"]}}],"collection":[{"href":"https:\/\/agora.xtec.cat\/escmarquesdelapobla\/wp-json\/wp\/v2\/posts"}],"about":[{"href":"https:\/\/agora.xtec.cat\/escmarquesdelapobla\/wp-json\/wp\/v2\/types\/post"}],"author":[{"embeddable":true,"href":"https:\/\/agora.xtec.cat\/escmarquesdelapobla\/wp-json\/wp\/v2\/users\/2"}],"replies":[{"embeddable":true,"href":"https:\/\/agora.xtec.cat\/escmarquesdelapobla\/wp-json\/wp\/v2\/comments?post=9777"}],"version-history":[{"count":1,"href":"https:\/\/agora.xtec.cat\/escmarquesdelapobla\/wp-json\/wp\/v2\/posts\/9777\/revisions"}],"predecessor-version":[{"id":9778,"href":"https:\/\/agora.xtec.cat\/escmarquesdelapobla\/wp-json\/wp\/v2\/posts\/9777\/revisions\/9778"}],"wp:attachment":[{"href":"https:\/\/agora.xtec.cat\/escmarquesdelapobla\/wp-json\/wp\/v2\/media?parent=9777"}],"wp:term":[{"taxonomy":"category","embeddable":true,"href":"https:\/\/agora.xtec.cat\/escmarquesdelapobla\/wp-json\/wp\/v2\/categories?post=9777"},{"taxonomy":"post_tag","embeddable":true,"href":"https:\/\/agora.xtec.cat\/escmarquesdelapobla\/wp-json\/wp\/v2\/tags?post=9777"}],"curies":[{"name":"wp","href":"https:\/\/api.w.org\/{rel}","templated":true}]}}