{"id":9757,"date":"2021-04-30T09:58:12","date_gmt":"2021-04-30T07:58:12","guid":{"rendered":"http:\/\/agora.xtec.cat\/escmarquesdelapobla\/?p=9757"},"modified":"2021-05-09T10:16:56","modified_gmt":"2021-05-09T08:16:56","slug":"ens-visita-la-fada-primavera","status":"publish","type":"post","link":"https:\/\/agora.xtec.cat\/escmarquesdelapobla\/infantil\/ens-visita-la-fada-primavera\/","title":{"rendered":"Ens visita la Fada primavera"},"content":{"rendered":"<p style=\"text-align: justify;\">Ahir vam tenir una visita molt especial a l&#8217;escola, i \u00e9s que de bon mat\u00ed ens va visitar la <strong>Fada Primavera<\/strong>!<\/p>\n<p><a href=\"https:\/\/photos.app.goo.gl\/GDrcxudeDg5RDAqf9\"><img loading=\"lazy\" decoding=\"async\" class=\" aligncenter\" src=\"https:\/\/lh3.googleusercontent.com\/2IMM9CUcPfOi7u76eWNcHukhdMnLU_K0dwK7dYHmXF-PFysCbpjaR8bueNat6c1vFVmxusKjJ_fQ-D57jHQtkYIuAbFh5gh7OREY2M2d3UtUk701JY5VrTmPqAFXJoFQ3tE2BQvlNtOTbb53-4yjYF6yt5lDCA-xO97Ljz4OAaQPd7RK-xRyeMh3KtjLlr6892HQwj92IwsGGHS7hDnGRrz8TEAzI7Dh9JpBkDr74EM5A9Vb86Ei9Ta4_Dz9IBnBcN6A7WfS43iHTZ-ixoTPxC20fIE4FPz60uFIZThakffrDAkBBhJHfaAsJeM1uIb4Sfxwl_Je2kWzkKi0ftlIjS6cEVpvXn8-NDA9CT13a3wuAhV7Znq3OOguY44LbYvSUUoObMorImys4vQXwC4F7yZCw09A13l8VLdaMIutWzGyc-8_H6Mij3BvgcatinLGTCeK9D-nXY2_FLcyNaMYIGfe_14F2iY156SuAGy82wPRCpFiSq6WT2sJGTwf-2KYhy1CW_DuhnGDCyxoHPi92vXWPdvFb_e8meYpD10itfVMrwYYq6SkDgYK5bDrO9jGjr_oRlmYOymGvIUpfij3xwTgflgvXgmlnLZhXSLSeULznhuQF-LojThVtXqkIlnxM_jRsadSSHiEK9vBTson12TGYVABywrJOvLcqmnUk5a7SV0-LUWpsduVFwhYjkkqWDHpss1k54fXsB31ibgxBnsV=w1280-h720-no?authuser=0\" width=\"748\" height=\"421\" \/><\/a><\/p>\n<p style=\"text-align: justify;\">Als alumnes de Primer i d&#8217;Educaci\u00f3 Infantil, la Fada ens va explicar moltes coses sobre l&#8217;estaci\u00f3 de la primavera i ho va fer d&#8217;una forma molt divertida.<\/p>\n<p><!--more--><\/p>\n<p style=\"text-align: justify;\">Vam con\u00e8ixer detalls sobre com i quan floreixen les plantes, quan surten les cireres, com mengen les papallones i moltes coses m\u00e9s sobre aquesta estaci\u00f3 de l&#8217;any tan especial.<\/p>\n<p style=\"text-align: justify;\"><strong><a href=\"https:\/\/photos.app.goo.gl\/GDrcxudeDg5RDAqf9\">Feu clic<\/a><\/strong> per veure l&#8217;\u00e0lbum, esperem que us agradin les fotografies!<\/p>\n","protected":false},"excerpt":{"rendered":"<p>Ahir vam tenir una visita molt especial a l&#8217;escola, i \u00e9s que de bon mat\u00ed ens va visitar la Fada Primavera! Als alumnes de Primer i d&#8217;Educaci\u00f3 Infantil, la Fada ens va explicar moltes coses sobre l&#8217;estaci\u00f3 de la primavera i ho va fer d&#8217;una forma molt divertida.<\/p>\n","protected":false},"author":1,"featured_media":0,"comment_status":"open","ping_status":"closed","sticky":false,"template":"","format":"standard","meta":{"_bbp_topic_count":0,"_bbp_reply_count":0,"_bbp_total_topic_count":0,"_bbp_total_reply_count":0,"_bbp_voice_count":0,"_bbp_anonymous_reply_count":0,"_bbp_topic_count_hidden":0,"_bbp_reply_count_hidden":0,"_bbp_forum_subforum_count":0,"site-sidebar-layout":"default","site-content-layout":"","ast-site-content-layout":"","site-content-style":"default","site-sidebar-style":"default","ast-global-header-display":"","ast-banner-title-visibility":"","ast-main-header-display":"","ast-hfb-above-header-display":"","ast-hfb-below-header-display":"","ast-hfb-mobile-header-display":"","site-post-title":"","ast-breadcrumbs-content":"","ast-featured-img":"","footer-sml-layout":"","theme-transparent-header-meta":"","adv-header-id-meta":"","stick-header-meta":"","header-above-stick-meta":"","header-main-stick-meta":"","header-below-stick-meta":"","astra-migrate-meta-layouts":"default","ast-page-background-enabled":"default","ast-page-background-meta":{"desktop":{"background-color":"var(--ast-global-color-5)","background-image":"","background-repeat":"repeat","background-position":"center center","background-size":"auto","background-attachment":"scroll","background-type":"","background-media":"","overlay-type":"","overlay-color":"","overlay-opacity":"","overlay-gradient":""},"tablet":{"background-color":"","background-image":"","background-repeat":"repeat","background-position":"center center","background-size":"auto","background-attachment":"scroll","background-type":"","background-media":"","overlay-type":"","overlay-color":"","overlay-opacity":"","overlay-gradient":""},"mobile":{"background-color":"","background-image":"","background-repeat":"repeat","background-position":"center center","background-size":"auto","background-attachment":"scroll","background-type":"","background-media":"","overlay-type":"","overlay-color":"","overlay-opacity":"","overlay-gradient":""}},"ast-content-background-meta":{"desktop":{"background-color":"var(--ast-global-color-4)","background-image":"","background-repeat":"repeat","background-position":"center center","background-size":"auto","background-attachment":"scroll","background-type":"","background-media":"","overlay-type":"","overlay-color":"","overlay-opacity":"","overlay-gradient":""},"tablet":{"background-color":"var(--ast-global-color-4)","background-image":"","background-repeat":"repeat","background-position":"center center","background-size":"auto","background-attachment":"scroll","background-type":"","background-media":"","overlay-type":"","overlay-color":"","overlay-opacity":"","overlay-gradient":""},"mobile":{"background-color":"var(--ast-global-color-4)","background-image":"","background-repeat":"repeat","background-position":"center center","background-size":"auto","background-attachment":"scroll","background-type":"","background-media":"","overlay-type":"","overlay-color":"","overlay-opacity":"","overlay-gradient":""}},"footnotes":""},"categories":[64,2,171],"tags":[192,193,194,195,196,197,198,181,182],"class_list":["post-9757","post","type-post","status-publish","format-standard","hentry","category-inicial","category-infantil","category-tauler-principal","tag-p3-a","tag-i3-b","tag-i4-a","tag-i4-b","tag-i4-c","tag-i5-a","tag-i5-b","tag-p1a","tag-p1b"],"post_mailing_queue_ids":[],"_links":{"self":[{"href":"https:\/\/agora.xtec.cat\/escmarquesdelapobla\/wp-json\/wp\/v2\/posts\/9757","targetHints":{"allow":["GET"]}}],"collection":[{"href":"https:\/\/agora.xtec.cat\/escmarquesdelapobla\/wp-json\/wp\/v2\/posts"}],"about":[{"href":"https:\/\/agora.xtec.cat\/escmarquesdelapobla\/wp-json\/wp\/v2\/types\/post"}],"author":[{"embeddable":true,"href":"https:\/\/agora.xtec.cat\/escmarquesdelapobla\/wp-json\/wp\/v2\/users\/1"}],"replies":[{"embeddable":true,"href":"https:\/\/agora.xtec.cat\/escmarquesdelapobla\/wp-json\/wp\/v2\/comments?post=9757"}],"version-history":[{"count":3,"href":"https:\/\/agora.xtec.cat\/escmarquesdelapobla\/wp-json\/wp\/v2\/posts\/9757\/revisions"}],"predecessor-version":[{"id":9933,"href":"https:\/\/agora.xtec.cat\/escmarquesdelapobla\/wp-json\/wp\/v2\/posts\/9757\/revisions\/9933"}],"wp:attachment":[{"href":"https:\/\/agora.xtec.cat\/escmarquesdelapobla\/wp-json\/wp\/v2\/media?parent=9757"}],"wp:term":[{"taxonomy":"category","embeddable":true,"href":"https:\/\/agora.xtec.cat\/escmarquesdelapobla\/wp-json\/wp\/v2\/categories?post=9757"},{"taxonomy":"post_tag","embeddable":true,"href":"https:\/\/agora.xtec.cat\/escmarquesdelapobla\/wp-json\/wp\/v2\/tags?post=9757"}],"curies":[{"name":"wp","href":"https:\/\/api.w.org\/{rel}","templated":true}]}}