{"id":9684,"date":"2021-03-26T19:40:29","date_gmt":"2021-03-26T18:40:29","guid":{"rendered":"http:\/\/agora.xtec.cat\/escmarquesdelapobla\/?p=9684"},"modified":"2021-05-02T22:00:59","modified_gmt":"2021-05-02T20:00:59","slug":"visitem-el-moli-paperer","status":"publish","type":"post","link":"https:\/\/agora.xtec.cat\/escmarquesdelapobla\/mitja\/visitem-el-moli-paperer\/","title":{"rendered":"Visitem el Mol\u00ed Paperer"},"content":{"rendered":"<p>Per acabar el segon trimestre, la Microclasse vam visitar el Mol\u00ed Paperer de Capellades.<\/p>\n<p><a href=\"https:\/\/photos.app.goo.gl\/LKXYEUtCLpsGvwAQ7\"><img loading=\"lazy\" decoding=\"async\" class=\"aligncenter\" src=\"https:\/\/lh3.googleusercontent.com\/LNOvb-15kO4s2eDW0h6-Xn49dcjYuirI1zJJhL9_mPx9TRynZb-ulGutzQtw14ml9UbXJGdky6Y7Z9nN7qdUQvUNdzEOB_3tzYc189IpPyElaPP9YH8QKbz2vv42Qm1gBTcs9BHYNQ6q-q347111-e5wvr-yiI5xDuLSLeZyasLRCICoaKFw6sVAM_CKFC9QYzHBQuqcUQwKzrXR4E7uCdhxN8kT0Fb_GYXmBg0Ve4Hd9kvY0s4bZVKC868SfspLyA44x724pb4KISWqJawAUtz90b1AWoLYqQhk1AuzBmZaS7PxiW9q6ppBZ4eL8jmJX2L8IBpLItjpDkloFcUzm1xbEfaF9H4PZJWBStWoGqs88_4QELCSdvQ-wa5Y4c6lc5aRQS7Nzfo-A1A1Lmi7G_rwiTtTmFxaRWa_y7Acj4ZQvnQvy-__g0DT-X6vugJrBv4T0H_7lX7HnMMLF2X57iV9-RqYye6M12RzDBNG2iv7QJGRQ4pDeRS1oBVWX6uEbF1e23yUHoDj_OMyQdlP2GPa7C0B20OlTsbFvyAryOMI8yNO_hyn7zPk4MdNYmuJ3xvmH9j2hmu8osqpZZuFXDOMIwnT1txUBKdycYZ0WToYltAHt8uK_tEIZAApBfkrGj40xk5vo7SEGgUyMP7BixlbHmPG_ipfGcYCuMqcc1pvev1E-Y_QDTaolyWNyktRALzl8_MchKOCTWchGDrYT-M0=w1157-h867-no?authuser=3\" width=\"797\" height=\"598\" \/><\/a><\/p>\n<p style=\"text-align: justify;\">Aprofitant que a classe hav\u00edem parlat sobre els materials i el reciclatge, vam decidir anar a visitar el Mol\u00ed i realitzar un taller de paper.<\/p>\n<p style=\"text-align: justify;\">Va ser molt interessant! Per una banda, vam escoltar la hist\u00f2ria de com ha evolucionat del paper al llarg del temps, vam veure com es feia antigament el paper aix\u00ed com vam presenciar com es fa actualment. Per l&#8217;altra banda, vam visitar les parts d&#8217;un mol\u00ed de paper: la roda del mol\u00ed, els martells, les ventanes,&#8230;<\/p>\n<p style=\"text-align: justify;\">Finalment, ens vam posar a la pell d&#8217;un paperer i vam fer el nostre paper amb una filigrana.<\/p>\n<p style=\"text-align: justify;\">Si cliqueu a la foto, podreu veure tot el que vam fer.<\/p>\n","protected":false},"excerpt":{"rendered":"<p>Per acabar el segon trimestre, la Microclasse vam visitar el Mol\u00ed Paperer de Capellades. Aprofitant que a classe hav\u00edem parlat sobre els materials i el reciclatge, vam decidir anar a visitar el Mol\u00ed i realitzar un taller de paper. Va ser molt interessant! Per una banda, vam escoltar la hist\u00f2ria de com ha evolucionat del [&hellip;]<\/p>\n","protected":false},"author":2,"featured_media":0,"comment_status":"open","ping_status":"closed","sticky":false,"template":"","format":"standard","meta":{"_bbp_topic_count":0,"_bbp_reply_count":0,"_bbp_total_topic_count":0,"_bbp_total_reply_count":0,"_bbp_voice_count":0,"_bbp_anonymous_reply_count":0,"_bbp_topic_count_hidden":0,"_bbp_reply_count_hidden":0,"_bbp_forum_subforum_count":0,"site-sidebar-layout":"default","site-content-layout":"","ast-site-content-layout":"","site-content-style":"default","site-sidebar-style":"default","ast-global-header-display":"","ast-banner-title-visibility":"","ast-main-header-display":"","ast-hfb-above-header-display":"","ast-hfb-below-header-display":"","ast-hfb-mobile-header-display":"","site-post-title":"","ast-breadcrumbs-content":"","ast-featured-img":"","footer-sml-layout":"","theme-transparent-header-meta":"","adv-header-id-meta":"","stick-header-meta":"","header-above-stick-meta":"","header-main-stick-meta":"","header-below-stick-meta":"","astra-migrate-meta-layouts":"default","ast-page-background-enabled":"default","ast-page-background-meta":{"desktop":{"background-color":"var(--ast-global-color-5)","background-image":"","background-repeat":"repeat","background-position":"center center","background-size":"auto","background-attachment":"scroll","background-type":"","background-media":"","overlay-type":"","overlay-color":"","overlay-opacity":"","overlay-gradient":""},"tablet":{"background-color":"","background-image":"","background-repeat":"repeat","background-position":"center center","background-size":"auto","background-attachment":"scroll","background-type":"","background-media":"","overlay-type":"","overlay-color":"","overlay-opacity":"","overlay-gradient":""},"mobile":{"background-color":"","background-image":"","background-repeat":"repeat","background-position":"center center","background-size":"auto","background-attachment":"scroll","background-type":"","background-media":"","overlay-type":"","overlay-color":"","overlay-opacity":"","overlay-gradient":""}},"ast-content-background-meta":{"desktop":{"background-color":"var(--ast-global-color-4)","background-image":"","background-repeat":"repeat","background-position":"center center","background-size":"auto","background-attachment":"scroll","background-type":"","background-media":"","overlay-type":"","overlay-color":"","overlay-opacity":"","overlay-gradient":""},"tablet":{"background-color":"var(--ast-global-color-4)","background-image":"","background-repeat":"repeat","background-position":"center center","background-size":"auto","background-attachment":"scroll","background-type":"","background-media":"","overlay-type":"","overlay-color":"","overlay-opacity":"","overlay-gradient":""},"mobile":{"background-color":"var(--ast-global-color-4)","background-image":"","background-repeat":"repeat","background-position":"center center","background-size":"auto","background-attachment":"scroll","background-type":"","background-media":"","overlay-type":"","overlay-color":"","overlay-opacity":"","overlay-gradient":""}},"footnotes":""},"categories":[65],"tags":[186],"class_list":["post-9684","post","type-post","status-publish","format-standard","hentry","category-mitja","tag-p3b"],"post_mailing_queue_ids":[],"_links":{"self":[{"href":"https:\/\/agora.xtec.cat\/escmarquesdelapobla\/wp-json\/wp\/v2\/posts\/9684","targetHints":{"allow":["GET"]}}],"collection":[{"href":"https:\/\/agora.xtec.cat\/escmarquesdelapobla\/wp-json\/wp\/v2\/posts"}],"about":[{"href":"https:\/\/agora.xtec.cat\/escmarquesdelapobla\/wp-json\/wp\/v2\/types\/post"}],"author":[{"embeddable":true,"href":"https:\/\/agora.xtec.cat\/escmarquesdelapobla\/wp-json\/wp\/v2\/users\/2"}],"replies":[{"embeddable":true,"href":"https:\/\/agora.xtec.cat\/escmarquesdelapobla\/wp-json\/wp\/v2\/comments?post=9684"}],"version-history":[{"count":2,"href":"https:\/\/agora.xtec.cat\/escmarquesdelapobla\/wp-json\/wp\/v2\/posts\/9684\/revisions"}],"predecessor-version":[{"id":9846,"href":"https:\/\/agora.xtec.cat\/escmarquesdelapobla\/wp-json\/wp\/v2\/posts\/9684\/revisions\/9846"}],"wp:attachment":[{"href":"https:\/\/agora.xtec.cat\/escmarquesdelapobla\/wp-json\/wp\/v2\/media?parent=9684"}],"wp:term":[{"taxonomy":"category","embeddable":true,"href":"https:\/\/agora.xtec.cat\/escmarquesdelapobla\/wp-json\/wp\/v2\/categories?post=9684"},{"taxonomy":"post_tag","embeddable":true,"href":"https:\/\/agora.xtec.cat\/escmarquesdelapobla\/wp-json\/wp\/v2\/tags?post=9684"}],"curies":[{"name":"wp","href":"https:\/\/api.w.org\/{rel}","templated":true}]}}