{"id":9617,"date":"2021-04-23T21:49:01","date_gmt":"2021-04-23T19:49:01","guid":{"rendered":"http:\/\/agora.xtec.cat\/escmarquesdelapobla\/?p=9617"},"modified":"2021-05-09T10:16:34","modified_gmt":"2021-05-09T08:16:34","slug":"sant-jordi-2021","status":"publish","type":"post","link":"https:\/\/agora.xtec.cat\/escmarquesdelapobla\/celebracions\/sant-jordi-2021\/","title":{"rendered":"Sant Jordi 2021"},"content":{"rendered":"<p style=\"text-align: justify;\">Un curs m\u00e9s ens trobem celebrant aquesta diada tan bonica i emblem\u00e0tica de Catalunya: Sant Jordi (i Santa Jordina!), una tradici\u00f3 molt especial.<\/p>\n<p style=\"text-align: justify;\"><a href=\"https:\/\/photos.app.goo.gl\/k4Lm3FvGUMR4hrSs9\"><img loading=\"lazy\" decoding=\"async\" class=\" aligncenter\" src=\"https:\/\/lh3.googleusercontent.com\/pw\/ACtC-3fNYnZWp8lzHgjGIlPeeiS7BMJMYMdzawsndQRT-1ll3ckt7dX5Tflud3eyiOmpCcKBTFKqptpoDRwqeeKHccSeZMQtI9RZ5SuHYjUruIOf3tFTvFrNotBahbd0dlhv0zl4qcS8e_S9tpJH3t3I2pEEKw=w1250-h937-no?authuser=0\" width=\"741\" height=\"556\" \/><\/a><\/p>\n<p style=\"text-align: justify;\">Malgrat les adversitats, tota l&#8217;escola hem trobat la manera d&#8217;assistir a diferents espectacles, de realitzar tallers i activitats creatives ben diverses fent tribut a la diada.<\/p>\n<p><!--more--><\/p>\n<p style=\"text-align: justify;\">La veritat \u00e9s que ens ho hem passat genial, fins i tot els grups confinats han pogut participar en els espectacles mitjan\u00e7ant videoconfer\u00e8ncia!!<\/p>\n<p style=\"text-align: justify;\">Algunes de les activitats m\u00e9s destacades han estat: la <em>Llegenda de Sant Jordi<\/em> amb la companyia La Roda Produccions, a la Pla\u00e7a Catalunya; Hist\u00f2ries d&#8217;aigua a la Bassa amb el conte <em>El Sr. Riu<\/em>\u00a0amb la Companyia Umpalumpa i les inolvidables activitats musicals del cantautor <em>Jaume Ibars<\/em>.<\/p>\n<p style=\"text-align: justify;\">Per\u00f2 no acaba aqu\u00ed! Durant la setmana tamb\u00e9 hem fet moltes altres activitats com cantar can\u00e7ons, llegir llegendes, explicar els nostres llibres preferits, tallers de disfresses, punts de llibre, roses amb paper, murals i produccions liter\u00e0ries de tota mena (auques, contes, c\u00f2mics&#8230;). Ja ho veieu, podr\u00edem dir que aquesta setmana ha sigut la Setmana de Sant Jordi!<\/p>\n<p style=\"text-align: justify;\"><a href=\"https:\/\/photos.app.goo.gl\/k4Lm3FvGUMR4hrSs9\"><strong>Feu clic <\/strong><\/a>per veure tot l&#8217;\u00e0lbum sencer, esperem que us agradin i fins la propera! \ud83d\ude09 \ud83d\udcda\ud83c\udf39\ud83d\udc09<\/p>\n<p style=\"text-align: justify;\">FELI\u00c7 SANT JORDI I SANTA JORDINA!!!! \ud83c\udf39\ud83c\udf39\ud83c\udf39\ud83c\udf39<\/p>\n","protected":false},"excerpt":{"rendered":"<p>Un curs m\u00e9s ens trobem celebrant aquesta diada tan bonica i emblem\u00e0tica de Catalunya: Sant Jordi (i Santa Jordina!), una tradici\u00f3 molt especial. Malgrat les adversitats, tota l&#8217;escola hem trobat la manera d&#8217;assistir a diferents espectacles, de realitzar tallers i activitats creatives ben diverses fent tribut a la diada.<\/p>\n","protected":false},"author":2,"featured_media":0,"comment_status":"open","ping_status":"closed","sticky":false,"template":"","format":"standard","meta":{"_bbp_topic_count":0,"_bbp_reply_count":0,"_bbp_total_topic_count":0,"_bbp_total_reply_count":0,"_bbp_voice_count":0,"_bbp_anonymous_reply_count":0,"_bbp_topic_count_hidden":0,"_bbp_reply_count_hidden":0,"_bbp_forum_subforum_count":0,"site-sidebar-layout":"default","site-content-layout":"","ast-site-content-layout":"","site-content-style":"default","site-sidebar-style":"default","ast-global-header-display":"","ast-banner-title-visibility":"","ast-main-header-display":"","ast-hfb-above-header-display":"","ast-hfb-below-header-display":"","ast-hfb-mobile-header-display":"","site-post-title":"","ast-breadcrumbs-content":"","ast-featured-img":"","footer-sml-layout":"","theme-transparent-header-meta":"","adv-header-id-meta":"","stick-header-meta":"","header-above-stick-meta":"","header-main-stick-meta":"","header-below-stick-meta":"","astra-migrate-meta-layouts":"default","ast-page-background-enabled":"default","ast-page-background-meta":{"desktop":{"background-color":"var(--ast-global-color-5)","background-image":"","background-repeat":"repeat","background-position":"center center","background-size":"auto","background-attachment":"scroll","background-type":"","background-media":"","overlay-type":"","overlay-color":"","overlay-opacity":"","overlay-gradient":""},"tablet":{"background-color":"","background-image":"","background-repeat":"repeat","background-position":"center center","background-size":"auto","background-attachment":"scroll","background-type":"","background-media":"","overlay-type":"","overlay-color":"","overlay-opacity":"","overlay-gradient":""},"mobile":{"background-color":"","background-image":"","background-repeat":"repeat","background-position":"center center","background-size":"auto","background-attachment":"scroll","background-type":"","background-media":"","overlay-type":"","overlay-color":"","overlay-opacity":"","overlay-gradient":""}},"ast-content-background-meta":{"desktop":{"background-color":"var(--ast-global-color-4)","background-image":"","background-repeat":"repeat","background-position":"center center","background-size":"auto","background-attachment":"scroll","background-type":"","background-media":"","overlay-type":"","overlay-color":"","overlay-opacity":"","overlay-gradient":""},"tablet":{"background-color":"var(--ast-global-color-4)","background-image":"","background-repeat":"repeat","background-position":"center center","background-size":"auto","background-attachment":"scroll","background-type":"","background-media":"","overlay-type":"","overlay-color":"","overlay-opacity":"","overlay-gradient":""},"mobile":{"background-color":"var(--ast-global-color-4)","background-image":"","background-repeat":"repeat","background-position":"center center","background-size":"auto","background-attachment":"scroll","background-type":"","background-media":"","overlay-type":"","overlay-color":"","overlay-opacity":"","overlay-gradient":""}},"footnotes":""},"categories":[55,171,97],"tags":[219,201],"class_list":["post-9617","post","type-post","status-publish","format-standard","hentry","category-celebracions","category-tauler-principal","category-stjordi","tag-activitats","tag-sant-jordi"],"post_mailing_queue_ids":[],"_links":{"self":[{"href":"https:\/\/agora.xtec.cat\/escmarquesdelapobla\/wp-json\/wp\/v2\/posts\/9617","targetHints":{"allow":["GET"]}}],"collection":[{"href":"https:\/\/agora.xtec.cat\/escmarquesdelapobla\/wp-json\/wp\/v2\/posts"}],"about":[{"href":"https:\/\/agora.xtec.cat\/escmarquesdelapobla\/wp-json\/wp\/v2\/types\/post"}],"author":[{"embeddable":true,"href":"https:\/\/agora.xtec.cat\/escmarquesdelapobla\/wp-json\/wp\/v2\/users\/2"}],"replies":[{"embeddable":true,"href":"https:\/\/agora.xtec.cat\/escmarquesdelapobla\/wp-json\/wp\/v2\/comments?post=9617"}],"version-history":[{"count":3,"href":"https:\/\/agora.xtec.cat\/escmarquesdelapobla\/wp-json\/wp\/v2\/posts\/9617\/revisions"}],"predecessor-version":[{"id":9932,"href":"https:\/\/agora.xtec.cat\/escmarquesdelapobla\/wp-json\/wp\/v2\/posts\/9617\/revisions\/9932"}],"wp:attachment":[{"href":"https:\/\/agora.xtec.cat\/escmarquesdelapobla\/wp-json\/wp\/v2\/media?parent=9617"}],"wp:term":[{"taxonomy":"category","embeddable":true,"href":"https:\/\/agora.xtec.cat\/escmarquesdelapobla\/wp-json\/wp\/v2\/categories?post=9617"},{"taxonomy":"post_tag","embeddable":true,"href":"https:\/\/agora.xtec.cat\/escmarquesdelapobla\/wp-json\/wp\/v2\/tags?post=9617"}],"curies":[{"name":"wp","href":"https:\/\/api.w.org\/{rel}","templated":true}]}}