{"id":9613,"date":"2021-04-08T13:39:41","date_gmt":"2021-04-08T11:39:41","guid":{"rendered":"http:\/\/agora.xtec.cat\/escmarquesdelapobla\/?p=9613"},"modified":"2021-04-08T13:39:41","modified_gmt":"2021-04-08T11:39:41","slug":"experimentem-a-la-sala-de-la-llum","status":"publish","type":"post","link":"https:\/\/agora.xtec.cat\/escmarquesdelapobla\/superior\/experimentem-a-la-sala-de-la-llum\/","title":{"rendered":"Experimentem a la sala de la llum"},"content":{"rendered":"<p style=\"text-align: justify;\">L\u2019\u00faltim dia del 2n trimestre, els i les alumnes de 6\u00e8 B vam anar a la sala de la llum d\u2019infantil en dos grups.<\/p>\n<p><a href=\"https:\/\/photos.app.goo.gl\/RBHEcbgkgcEvBivTA\"><img loading=\"lazy\" decoding=\"async\" class=\"alignnone size-large\" src=\"https:\/\/lh3.googleusercontent.com\/nmhWOrxCEqGs2oAZr_3VIVUKYKQfKwQkqF025Md4IsoekPJZg9N8ykpipODdcyLjxQE8sizC6egcVUWBaprYzosiW3K-zwQhhhMQVwT7nKYzpz4hCLug74ynhD9yekz4__3w41uFGMaek9-BQ9QWUq-c5J3DaDgSfhBjUNvX4LoxTulXCziwsEPHsxHjbd9TgE2Uec8c0WgAaC-S-8qgQvWteNteCHG1HeCRaOZwRIG6WgCkYQZP_ubcVug_J838_lIiLw8OSnq8Nn2PrR59mCdiemktWVKNKRRIhatEPRhsUnYxFC9qaCt-rioiq_Hrfed94zTCnmbmFQcz1-sR9uLv9Jy6B7d9JzRAHa6pjbtH3YqSUhPMufoY6FB6ahrzlmD4F7p3BREYOPBbnx3uz3zQe0J9QdsoJQE-2RjmXLVCCHCq8-oc1N_3qtb9Uo24tftuVDHRFfvo6SPsWW2e0I-ABoMB_XihRQCnPsWxLAxQgczMzoO6WW2B-zOIt2QEHwV3Ldx3_76XAQhfMyy9XrXvz3VjQ7w3JpZgsA-euEEU4kSODMxXitUNCOGY3F7GHSBwW2hXyTNspuUWticZGiVkLFFx4sgpGN_7loRRuVlERERu9agn3ZrMKqjgd6siFTk2QoWp9XZL-F9GIeD1yE3quUHQUkUZTwkJDrMEX383ylKaTZjZBCha_peG0hguRyuZNFBtThmGyQkLRU3EPUgY9w=w937-h528-no?authuser=2\" width=\"937\" height=\"527\" \/><\/a><\/p>\n<p style=\"text-align: justify;\">La sala de la llum \u00e9s un espai on pots experimentar de manera t\u00e0ctil i visual amb les llums apagades i m\u00fasica tranquil\u00b7la ja que hi ha llum ultraviolada i fa que objectes puntuals pintats amb colors fluorescents prenguin vida. Hi ha diferents zones com per exemple un paper que feia de pissarra on pintar amb retoladors fluorescents, uns gots per fer construccions, mandales que podies decorar amb pedres fluorescents&#8230;<\/p>\n<p style=\"text-align: justify;\">Va ser una experi\u00e8ncia molt agradable i creiem que els infants d\u2019infantil s\u2019ho han de passar molt b\u00e9. Tan deb\u00f2 nosaltres hagu\u00e9ssim tingut un espai aix\u00ed quan \u00e9rem petits!<\/p>\n","protected":false},"excerpt":{"rendered":"<p>L\u2019\u00faltim dia del 2n trimestre, els i les alumnes de 6\u00e8 B vam anar a la sala de la llum d\u2019infantil en dos grups. La sala de la llum \u00e9s un espai on pots experimentar de manera t\u00e0ctil i visual amb les llums apagades i m\u00fasica tranquil\u00b7la ja que hi ha llum ultraviolada i fa [&hellip;]<\/p>\n","protected":false},"author":2,"featured_media":0,"comment_status":"open","ping_status":"closed","sticky":false,"template":"","format":"standard","meta":{"_bbp_topic_count":0,"_bbp_reply_count":0,"_bbp_total_topic_count":0,"_bbp_total_reply_count":0,"_bbp_voice_count":0,"_bbp_anonymous_reply_count":0,"_bbp_topic_count_hidden":0,"_bbp_reply_count_hidden":0,"_bbp_forum_subforum_count":0,"site-sidebar-layout":"default","site-content-layout":"","ast-site-content-layout":"","site-content-style":"default","site-sidebar-style":"default","ast-global-header-display":"","ast-banner-title-visibility":"","ast-main-header-display":"","ast-hfb-above-header-display":"","ast-hfb-below-header-display":"","ast-hfb-mobile-header-display":"","site-post-title":"","ast-breadcrumbs-content":"","ast-featured-img":"","footer-sml-layout":"","theme-transparent-header-meta":"","adv-header-id-meta":"","stick-header-meta":"","header-above-stick-meta":"","header-main-stick-meta":"","header-below-stick-meta":"","astra-migrate-meta-layouts":"default","ast-page-background-enabled":"default","ast-page-background-meta":{"desktop":{"background-color":"var(--ast-global-color-5)","background-image":"","background-repeat":"repeat","background-position":"center center","background-size":"auto","background-attachment":"scroll","background-type":"","background-media":"","overlay-type":"","overlay-color":"","overlay-opacity":"","overlay-gradient":""},"tablet":{"background-color":"","background-image":"","background-repeat":"repeat","background-position":"center center","background-size":"auto","background-attachment":"scroll","background-type":"","background-media":"","overlay-type":"","overlay-color":"","overlay-opacity":"","overlay-gradient":""},"mobile":{"background-color":"","background-image":"","background-repeat":"repeat","background-position":"center center","background-size":"auto","background-attachment":"scroll","background-type":"","background-media":"","overlay-type":"","overlay-color":"","overlay-opacity":"","overlay-gradient":""}},"ast-content-background-meta":{"desktop":{"background-color":"var(--ast-global-color-4)","background-image":"","background-repeat":"repeat","background-position":"center center","background-size":"auto","background-attachment":"scroll","background-type":"","background-media":"","overlay-type":"","overlay-color":"","overlay-opacity":"","overlay-gradient":""},"tablet":{"background-color":"var(--ast-global-color-4)","background-image":"","background-repeat":"repeat","background-position":"center center","background-size":"auto","background-attachment":"scroll","background-type":"","background-media":"","overlay-type":"","overlay-color":"","overlay-opacity":"","overlay-gradient":""},"mobile":{"background-color":"var(--ast-global-color-4)","background-image":"","background-repeat":"repeat","background-position":"center center","background-size":"auto","background-attachment":"scroll","background-type":"","background-media":"","overlay-type":"","overlay-color":"","overlay-opacity":"","overlay-gradient":""}},"footnotes":""},"categories":[5,133],"tags":[219,212],"class_list":["post-9613","post","type-post","status-publish","format-standard","hentry","category-superior","category-p6","tag-activitats","tag-p6b"],"post_mailing_queue_ids":[],"_links":{"self":[{"href":"https:\/\/agora.xtec.cat\/escmarquesdelapobla\/wp-json\/wp\/v2\/posts\/9613","targetHints":{"allow":["GET"]}}],"collection":[{"href":"https:\/\/agora.xtec.cat\/escmarquesdelapobla\/wp-json\/wp\/v2\/posts"}],"about":[{"href":"https:\/\/agora.xtec.cat\/escmarquesdelapobla\/wp-json\/wp\/v2\/types\/post"}],"author":[{"embeddable":true,"href":"https:\/\/agora.xtec.cat\/escmarquesdelapobla\/wp-json\/wp\/v2\/users\/2"}],"replies":[{"embeddable":true,"href":"https:\/\/agora.xtec.cat\/escmarquesdelapobla\/wp-json\/wp\/v2\/comments?post=9613"}],"version-history":[{"count":1,"href":"https:\/\/agora.xtec.cat\/escmarquesdelapobla\/wp-json\/wp\/v2\/posts\/9613\/revisions"}],"predecessor-version":[{"id":9614,"href":"https:\/\/agora.xtec.cat\/escmarquesdelapobla\/wp-json\/wp\/v2\/posts\/9613\/revisions\/9614"}],"wp:attachment":[{"href":"https:\/\/agora.xtec.cat\/escmarquesdelapobla\/wp-json\/wp\/v2\/media?parent=9613"}],"wp:term":[{"taxonomy":"category","embeddable":true,"href":"https:\/\/agora.xtec.cat\/escmarquesdelapobla\/wp-json\/wp\/v2\/categories?post=9613"},{"taxonomy":"post_tag","embeddable":true,"href":"https:\/\/agora.xtec.cat\/escmarquesdelapobla\/wp-json\/wp\/v2\/tags?post=9613"}],"curies":[{"name":"wp","href":"https:\/\/api.w.org\/{rel}","templated":true}]}}