{"id":9577,"date":"2021-03-25T19:48:54","date_gmt":"2021-03-25T18:48:54","guid":{"rendered":"http:\/\/agora.xtec.cat\/escmarquesdelapobla\/?p=9577"},"modified":"2021-03-27T10:50:46","modified_gmt":"2021-03-27T09:50:46","slug":"2a-assemblea-de-representants-de-primaria","status":"publish","type":"post","link":"https:\/\/agora.xtec.cat\/escmarquesdelapobla\/info\/2a-assemblea-de-representants-de-primaria\/","title":{"rendered":"2a Assemblea de Representants de Prim\u00e0ria"},"content":{"rendered":"<p style=\"text-align: justify;\">El dimarts dia 23 de mar\u00e7, els i les representants de les aules de Prim\u00e0ria es van reunir amb el Jaume per fer una nova trobada i compartir inquietuds. Aprofitant la bona tarda que feia es van reunir al jardinet en dos torns i aix\u00ed poder respectar amb m\u00e9s tranquil\u00b7litat les mesures covid.<\/p>\n<p><a href=\"https:\/\/photos.app.goo.gl\/peAx2esL1GEWTZBE9\"><img loading=\"lazy\" decoding=\"async\" class=\" aligncenter\" src=\"https:\/\/lh3.googleusercontent.com\/T5-dLYPTFrkHEUidWWZ-kTLy-FaOM_fXVfE3uP4L0Miu3i70ZYn0WKZBlu9cFvEBaFpuTW8iZWHDlfyIHCE11_RZjunlhZGMAfua-u0X54LhStEAUwXVTKa_5IMrjqOHsHAix-RbAD7qOB-hIgm72Khb_l5gkGwfM2S3ITLv5IsRg_sfuHg8FORJonCsje7ja8Hc2ELOn973FJQ_MmiE_4xUxpG30PfOy563Q8LLLoU9jKrr8SJ7wyhXtO9qv1JdPiWyqmEpLdy2s7wOI4xsQS4FFNhOjMe09KgMGRoImjr9MelaacMf9l9Yru_WxgRoAc0Z0nsUNKi7XzAOC-Omb0QR45uBccjRhV3RwwZUWryFEH54_cbAwUplUoty27tmWdhDMkznGes_OU56HPzBLvY23ip6aiMyXeB2uOSLnsy7EJYXhG-xuoCZ9huvWNJt4iLYxpgYvhIcKFL7f6QY37dW6Bnx14AX8hvj7M2vOYgm7DS2Y3Ros9Dlg3p510AYYoj4wgxogu6niMkbrgcAFhS1ybbFWoUrrCP6KFy-Uk9MibwyCMwlsTi54foQE65F8glQWwfILBOWUuBK9GySDOdarBCNGpnDS0kZiFpLczwP-yaa5gTnX9I6-1iw58SnhLbvCGHM3hY1h8o6FYrdfW6WQemDhMucOQ4mVPa_fGr3nAMSmTngC3apRj-lKzRM38Z3XlvDX_z6n2tUDCii5ipX=w1250-h937-no?authuser=2\" width=\"778\" height=\"584\" \/><\/a><\/p>\n<p style=\"text-align: justify;\">En aquesta ocasi\u00f3 es va parlar principalment de dos temes importants: el to de veu que fem servir mentre treballem o ens movem per l\u2019escola i el respecte que ens hem de tenir entre totes les persones.<\/p>\n<p><!--more--><\/p>\n<p style=\"text-align: justify;\">Vam estar d\u2019acord que tots dos temes eren prou importants i necessaris de treballar per sentir-nos b\u00e9 i estar a gust a l\u2019escola amb tothom.<\/p>\n<p style=\"text-align: justify;\">Alguns dels comentaris compartits:<\/p>\n<p style=\"text-align: justify;\">\u00a0\u201cQuan no ens sentim prou respectats ens sentim fatal i no estem contents\u201d. \u201cA mi m\u2019ha passat alguna vegada i, la veritat, no ho desitjo a ning\u00fa\u201d.<\/p>\n<p style=\"text-align: justify;\">\u00a0\u201cEns molesta el to de veu alt o el soroll mentre estem fent racons o alguna activitat\u201d. \u201cMoltes vegades no ens n\u2019adonem i parlem fort sense pensar en els altres\u201d. \u201cI tant que hem de millorar!\u201d<\/p>\n<p style=\"text-align: justify;\">Durant aquesta estona, grans i petits vam poder aportar i compartir viv\u00e8ncies i idees i vam prendre el comprom\u00eds de transmetre a les classes el que hav\u00edem parlat. A\u00a0 les tutories es pensaran f\u00f3rmules per millorar les nostres relacions i l\u2019ambient de treball en general.<\/p>\n<p style=\"text-align: justify;\">La trobada va ser molt profitosa i agradable. Expressions com \u201cEns hem sentit molt b\u00e9 aquesta estona\u201d, \u201c\u00c9s veritat, ens hem ent\u00e8s molt b\u00e9 avui!\u201d o\u00a0 \u201cEstic molt contenta de representar la meva classe\u201d va fer que sort\u00edssim tots i totes molt contents i satisfets de l\u2019assemblea.<\/p>\n<p style=\"text-align: justify;\">Ara vindr\u00e0 la reflexi\u00f3 i els bons prop\u00f2sits que cada aula i cadasc\u00fa es proposi. De ben segur que sabrem trobar la manera i esperem que cada cop tots i totes ens sentim millor.<\/p>\n<p style=\"text-align: justify;\">Fins la propera!<\/p>\n","protected":false},"excerpt":{"rendered":"<p>El dimarts dia 23 de mar\u00e7, els i les representants de les aules de Prim\u00e0ria es van reunir amb el Jaume per fer una nova trobada i compartir inquietuds. Aprofitant la bona tarda que feia es van reunir al jardinet en dos torns i aix\u00ed poder respectar amb m\u00e9s tranquil\u00b7litat les mesures covid. En aquesta [&hellip;]<\/p>\n","protected":false},"author":2,"featured_media":0,"comment_status":"open","ping_status":"closed","sticky":false,"template":"","format":"standard","meta":{"_bbp_topic_count":0,"_bbp_reply_count":0,"_bbp_total_topic_count":0,"_bbp_total_reply_count":0,"_bbp_voice_count":0,"_bbp_anonymous_reply_count":0,"_bbp_topic_count_hidden":0,"_bbp_reply_count_hidden":0,"_bbp_forum_subforum_count":0,"site-sidebar-layout":"default","site-content-layout":"","ast-site-content-layout":"","site-content-style":"default","site-sidebar-style":"default","ast-global-header-display":"","ast-banner-title-visibility":"","ast-main-header-display":"","ast-hfb-above-header-display":"","ast-hfb-below-header-display":"","ast-hfb-mobile-header-display":"","site-post-title":"","ast-breadcrumbs-content":"","ast-featured-img":"","footer-sml-layout":"","theme-transparent-header-meta":"","adv-header-id-meta":"","stick-header-meta":"","header-above-stick-meta":"","header-main-stick-meta":"","header-below-stick-meta":"","astra-migrate-meta-layouts":"default","ast-page-background-enabled":"default","ast-page-background-meta":{"desktop":{"background-color":"var(--ast-global-color-5)","background-image":"","background-repeat":"repeat","background-position":"center center","background-size":"auto","background-attachment":"scroll","background-type":"","background-media":"","overlay-type":"","overlay-color":"","overlay-opacity":"","overlay-gradient":""},"tablet":{"background-color":"","background-image":"","background-repeat":"repeat","background-position":"center center","background-size":"auto","background-attachment":"scroll","background-type":"","background-media":"","overlay-type":"","overlay-color":"","overlay-opacity":"","overlay-gradient":""},"mobile":{"background-color":"","background-image":"","background-repeat":"repeat","background-position":"center center","background-size":"auto","background-attachment":"scroll","background-type":"","background-media":"","overlay-type":"","overlay-color":"","overlay-opacity":"","overlay-gradient":""}},"ast-content-background-meta":{"desktop":{"background-color":"var(--ast-global-color-4)","background-image":"","background-repeat":"repeat","background-position":"center center","background-size":"auto","background-attachment":"scroll","background-type":"","background-media":"","overlay-type":"","overlay-color":"","overlay-opacity":"","overlay-gradient":""},"tablet":{"background-color":"var(--ast-global-color-4)","background-image":"","background-repeat":"repeat","background-position":"center center","background-size":"auto","background-attachment":"scroll","background-type":"","background-media":"","overlay-type":"","overlay-color":"","overlay-opacity":"","overlay-gradient":""},"mobile":{"background-color":"var(--ast-global-color-4)","background-image":"","background-repeat":"repeat","background-position":"center center","background-size":"auto","background-attachment":"scroll","background-type":"","background-media":"","overlay-type":"","overlay-color":"","overlay-opacity":"","overlay-gradient":""}},"footnotes":""},"categories":[79,80,171],"tags":[248,223],"class_list":["post-9577","post","type-post","status-publish","format-standard","hentry","category-info","category-escola","category-tauler-principal","tag-assemblea","tag-lescola"],"post_mailing_queue_ids":[],"_links":{"self":[{"href":"https:\/\/agora.xtec.cat\/escmarquesdelapobla\/wp-json\/wp\/v2\/posts\/9577","targetHints":{"allow":["GET"]}}],"collection":[{"href":"https:\/\/agora.xtec.cat\/escmarquesdelapobla\/wp-json\/wp\/v2\/posts"}],"about":[{"href":"https:\/\/agora.xtec.cat\/escmarquesdelapobla\/wp-json\/wp\/v2\/types\/post"}],"author":[{"embeddable":true,"href":"https:\/\/agora.xtec.cat\/escmarquesdelapobla\/wp-json\/wp\/v2\/users\/2"}],"replies":[{"embeddable":true,"href":"https:\/\/agora.xtec.cat\/escmarquesdelapobla\/wp-json\/wp\/v2\/comments?post=9577"}],"version-history":[{"count":3,"href":"https:\/\/agora.xtec.cat\/escmarquesdelapobla\/wp-json\/wp\/v2\/posts\/9577\/revisions"}],"predecessor-version":[{"id":9589,"href":"https:\/\/agora.xtec.cat\/escmarquesdelapobla\/wp-json\/wp\/v2\/posts\/9577\/revisions\/9589"}],"wp:attachment":[{"href":"https:\/\/agora.xtec.cat\/escmarquesdelapobla\/wp-json\/wp\/v2\/media?parent=9577"}],"wp:term":[{"taxonomy":"category","embeddable":true,"href":"https:\/\/agora.xtec.cat\/escmarquesdelapobla\/wp-json\/wp\/v2\/categories?post=9577"},{"taxonomy":"post_tag","embeddable":true,"href":"https:\/\/agora.xtec.cat\/escmarquesdelapobla\/wp-json\/wp\/v2\/tags?post=9577"}],"curies":[{"name":"wp","href":"https:\/\/api.w.org\/{rel}","templated":true}]}}