{"id":9564,"date":"2021-03-24T14:43:31","date_gmt":"2021-03-24T13:43:31","guid":{"rendered":"http:\/\/agora.xtec.cat\/escmarquesdelapobla\/?p=9564"},"modified":"2021-03-24T20:47:58","modified_gmt":"2021-03-24T19:47:58","slug":"mesurem-i-rehabilitem-la-casa-dels-nans","status":"publish","type":"post","link":"https:\/\/agora.xtec.cat\/escmarquesdelapobla\/superior\/mesurem-i-rehabilitem-la-casa-dels-nans\/","title":{"rendered":"Mesurem i rehabilitem la casa dels nans"},"content":{"rendered":"<p class=\"MsoNormal\" style=\"text-align: justify;\"><span style=\"mso-ansi-language: ES;\">Dilluns, 22 de mar\u00e7 de 2021, la classe de 6\u00e8 B va anar a prendre mides de la casa dels &#8220;enanitos&#8221; ja que el seu nom \u00e9s el de la nostra classe.<\/span><\/p>\n<p><a href=\"https:\/\/photos.app.goo.gl\/tpbxqB2BBNiCRrrM9\"><img loading=\"lazy\" decoding=\"async\" class=\"alignnone size-large\" src=\"https:\/\/lh3.googleusercontent.com\/pw\/ACtC-3erhLoxVkDByio2nXlQOXBfFAe3wDcCxivK2J2_sDFsaIDCH_soWuU-oJSuJ9jASHaMDfR2syVYyRo6NkvzwZGSBL4dZF6lX5chMcortQw3NHFm4dcZLSpufBpFA-35Oi0RyPC6DKkdTbcHvifVTA59Ww=w1280-h720-no?authuser=1\" width=\"1280\" height=\"720\" \/><\/a><\/p>\n<p class=\"MsoNormal\" style=\"text-align: justify;\"><span style=\"mso-ansi-language: ES;\">Vam pujar caminant i quan vam arribar vam entrar a la casa per veure com estava per dins i perqu\u00e8 ens feia il\u00b7lusi\u00f3. Despr\u00e9s vam poder esmorzar i tenir una estona de descans per la zona.<\/span><\/p>\n<p class=\"MsoNormal\" style=\"text-align: justify;\"><span style=\"mso-ansi-language: ES;\">Un cop esmorzats, ens vam posar per grups i vam comen\u00e7ar a mesurar la casa per l\u2019interior i exterior amb un esb\u00f3s que cada grup va dibuixar. <\/span><\/p>\n<p class=\"MsoNormal\" style=\"text-align: justify;\"><span style=\"mso-ansi-language: ES;\">Aquesta activitat es va realitzar per dur a terme un projecte de rehabilitaci\u00f3 de la casa i el seu entorn encara que no el podrem dur a terme perqu\u00e8 la casa \u00e9s de propietat privada.<\/span><\/p>\n<p class=\"MsoNormal\" style=\"text-align: justify;\"><span style=\"mso-ansi-language: ES;\">M\u00e9s endavant posarem en com\u00fa les mesures que vam prendre per continuar fent el projecte.<\/span><\/p>\n","protected":false},"excerpt":{"rendered":"<p>Dilluns, 22 de mar\u00e7 de 2021, la classe de 6\u00e8 B va anar a prendre mides de la casa dels &#8220;enanitos&#8221; ja que el seu nom \u00e9s el de la nostra classe. Vam pujar caminant i quan vam arribar vam entrar a la casa per veure com estava per dins i perqu\u00e8 ens feia il\u00b7lusi\u00f3. [&hellip;]<\/p>\n","protected":false},"author":2,"featured_media":0,"comment_status":"open","ping_status":"closed","sticky":false,"template":"","format":"standard","meta":{"_bbp_topic_count":0,"_bbp_reply_count":0,"_bbp_total_topic_count":0,"_bbp_total_reply_count":0,"_bbp_voice_count":0,"_bbp_anonymous_reply_count":0,"_bbp_topic_count_hidden":0,"_bbp_reply_count_hidden":0,"_bbp_forum_subforum_count":0,"site-sidebar-layout":"default","site-content-layout":"","ast-site-content-layout":"","site-content-style":"default","site-sidebar-style":"default","ast-global-header-display":"","ast-banner-title-visibility":"","ast-main-header-display":"","ast-hfb-above-header-display":"","ast-hfb-below-header-display":"","ast-hfb-mobile-header-display":"","site-post-title":"","ast-breadcrumbs-content":"","ast-featured-img":"","footer-sml-layout":"","theme-transparent-header-meta":"","adv-header-id-meta":"","stick-header-meta":"","header-above-stick-meta":"","header-main-stick-meta":"","header-below-stick-meta":"","astra-migrate-meta-layouts":"default","ast-page-background-enabled":"default","ast-page-background-meta":{"desktop":{"background-color":"var(--ast-global-color-5)","background-image":"","background-repeat":"repeat","background-position":"center center","background-size":"auto","background-attachment":"scroll","background-type":"","background-media":"","overlay-type":"","overlay-color":"","overlay-opacity":"","overlay-gradient":""},"tablet":{"background-color":"","background-image":"","background-repeat":"repeat","background-position":"center center","background-size":"auto","background-attachment":"scroll","background-type":"","background-media":"","overlay-type":"","overlay-color":"","overlay-opacity":"","overlay-gradient":""},"mobile":{"background-color":"","background-image":"","background-repeat":"repeat","background-position":"center center","background-size":"auto","background-attachment":"scroll","background-type":"","background-media":"","overlay-type":"","overlay-color":"","overlay-opacity":"","overlay-gradient":""}},"ast-content-background-meta":{"desktop":{"background-color":"var(--ast-global-color-4)","background-image":"","background-repeat":"repeat","background-position":"center center","background-size":"auto","background-attachment":"scroll","background-type":"","background-media":"","overlay-type":"","overlay-color":"","overlay-opacity":"","overlay-gradient":""},"tablet":{"background-color":"var(--ast-global-color-4)","background-image":"","background-repeat":"repeat","background-position":"center center","background-size":"auto","background-attachment":"scroll","background-type":"","background-media":"","overlay-type":"","overlay-color":"","overlay-opacity":"","overlay-gradient":""},"mobile":{"background-color":"var(--ast-global-color-4)","background-image":"","background-repeat":"repeat","background-position":"center center","background-size":"auto","background-attachment":"scroll","background-type":"","background-media":"","overlay-type":"","overlay-color":"","overlay-opacity":"","overlay-gradient":""}},"footnotes":""},"categories":[5,133],"tags":[212,218],"class_list":["post-9564","post","type-post","status-publish","format-standard","hentry","category-superior","category-p6","tag-p6b","tag-projectes"],"post_mailing_queue_ids":[],"_links":{"self":[{"href":"https:\/\/agora.xtec.cat\/escmarquesdelapobla\/wp-json\/wp\/v2\/posts\/9564","targetHints":{"allow":["GET"]}}],"collection":[{"href":"https:\/\/agora.xtec.cat\/escmarquesdelapobla\/wp-json\/wp\/v2\/posts"}],"about":[{"href":"https:\/\/agora.xtec.cat\/escmarquesdelapobla\/wp-json\/wp\/v2\/types\/post"}],"author":[{"embeddable":true,"href":"https:\/\/agora.xtec.cat\/escmarquesdelapobla\/wp-json\/wp\/v2\/users\/2"}],"replies":[{"embeddable":true,"href":"https:\/\/agora.xtec.cat\/escmarquesdelapobla\/wp-json\/wp\/v2\/comments?post=9564"}],"version-history":[{"count":3,"href":"https:\/\/agora.xtec.cat\/escmarquesdelapobla\/wp-json\/wp\/v2\/posts\/9564\/revisions"}],"predecessor-version":[{"id":9568,"href":"https:\/\/agora.xtec.cat\/escmarquesdelapobla\/wp-json\/wp\/v2\/posts\/9564\/revisions\/9568"}],"wp:attachment":[{"href":"https:\/\/agora.xtec.cat\/escmarquesdelapobla\/wp-json\/wp\/v2\/media?parent=9564"}],"wp:term":[{"taxonomy":"category","embeddable":true,"href":"https:\/\/agora.xtec.cat\/escmarquesdelapobla\/wp-json\/wp\/v2\/categories?post=9564"},{"taxonomy":"post_tag","embeddable":true,"href":"https:\/\/agora.xtec.cat\/escmarquesdelapobla\/wp-json\/wp\/v2\/tags?post=9564"}],"curies":[{"name":"wp","href":"https:\/\/api.w.org\/{rel}","templated":true}]}}