{"id":9461,"date":"2021-03-13T15:52:04","date_gmt":"2021-03-13T14:52:04","guid":{"rendered":"http:\/\/agora.xtec.cat\/escmarquesdelapobla\/?p=9461"},"modified":"2021-03-14T09:54:10","modified_gmt":"2021-03-14T08:54:10","slug":"preinscripcio-curs-2021-22","status":"publish","type":"post","link":"https:\/\/agora.xtec.cat\/escmarquesdelapobla\/info\/preinscripcio-curs-2021-22\/","title":{"rendered":"Preinscripci\u00f3 Curs 2021-22"},"content":{"rendered":"<p>A continuaci\u00f3 teniu indicats els passos necessaris per completar telem\u00e0ticament la preinscripci\u00f3 pel curs 2021-22. Feu clic per accedir al web <strong><span style=\"color: #99ccff;\"><span style=\"color: #3366ff;\"><a style=\"color: #3366ff;\" href=\"https:\/\/preinscripcio.gencat.cat\/ca\/inici\/\">preinscripcio.gencat.cat<\/a><\/span><\/span><\/strong><\/p>\n<p style=\"text-align: justify;\">Les fam\u00edlies que ho necessiteu podreu rebre atenci\u00f3 presencial a <strong>l\u2019Oficina Municipal d\u2019Escolaritzaci\u00f3 de Capellades<\/strong> els dies 15 i 17 de mar\u00e7 de 16 a 19 hores i els dies 22 i 23 de 10 a 14 hores. Per ser atesos, caldr\u00e0 demanar <strong>cita pr\u00e8via<\/strong> trucant al tel\u00e8fon 938011001 ext. 4 o al 663815004 o b\u00e9 mitjan\u00e7ant el correu electr\u00f2nic <strong><u><a href=\"mailto:xausfj@capellades.cat\">xausfj@capellades.cat<\/a><\/u><\/strong>. L&#8217;OME est\u00e0 ubicada a la primera planta de la Biblioteca El Safareig.<\/p>\n<p><a href=\"https:\/\/preinscripcio.gencat.cat\/ca\/inici\"><img loading=\"lazy\" decoding=\"async\" class=\"size-full wp-image-9462 aligncenter\" src=\"https:\/\/agora.xtec.cat\/escmarquesdelapobla\/wp-content\/uploads\/usu1682\/2021\/03\/preinscripci\u00f3.png\" alt=\"\" width=\"3507\" height=\"2480\" srcset=\"https:\/\/agora.xtec.cat\/escmarquesdelapobla\/wp-content\/uploads\/usu1682\/2021\/03\/preinscripci\u00f3.png 3507w, https:\/\/agora.xtec.cat\/escmarquesdelapobla\/wp-content\/uploads\/usu1682\/2021\/03\/preinscripci\u00f3-300x212.png 300w, https:\/\/agora.xtec.cat\/escmarquesdelapobla\/wp-content\/uploads\/usu1682\/2021\/03\/preinscripci\u00f3-768x543.png 768w, https:\/\/agora.xtec.cat\/escmarquesdelapobla\/wp-content\/uploads\/usu1682\/2021\/03\/preinscripci\u00f3-1024x724.png 1024w\" sizes=\"auto, (max-width: 3507px) 100vw, 3507px\" \/><\/a><\/p>\n<p style=\"text-align: justify;\">\n","protected":false},"excerpt":{"rendered":"<p>A continuaci\u00f3 teniu indicats els passos necessaris per completar telem\u00e0ticament la preinscripci\u00f3 pel curs 2021-22. Feu clic per accedir al web preinscripcio.gencat.cat Les fam\u00edlies que ho necessiteu podreu rebre atenci\u00f3 presencial a l\u2019Oficina Municipal d\u2019Escolaritzaci\u00f3 de Capellades els dies 15 i 17 de mar\u00e7 de 16 a 19 hores i els dies 22 i 23 [&hellip;]<\/p>\n","protected":false},"author":2,"featured_media":0,"comment_status":"open","ping_status":"closed","sticky":false,"template":"","format":"standard","meta":{"_bbp_topic_count":0,"_bbp_reply_count":0,"_bbp_total_topic_count":0,"_bbp_total_reply_count":0,"_bbp_voice_count":0,"_bbp_anonymous_reply_count":0,"_bbp_topic_count_hidden":0,"_bbp_reply_count_hidden":0,"_bbp_forum_subforum_count":0,"site-sidebar-layout":"default","site-content-layout":"","ast-site-content-layout":"","site-content-style":"default","site-sidebar-style":"default","ast-global-header-display":"","ast-banner-title-visibility":"","ast-main-header-display":"","ast-hfb-above-header-display":"","ast-hfb-below-header-display":"","ast-hfb-mobile-header-display":"","site-post-title":"","ast-breadcrumbs-content":"","ast-featured-img":"","footer-sml-layout":"","theme-transparent-header-meta":"","adv-header-id-meta":"","stick-header-meta":"","header-above-stick-meta":"","header-main-stick-meta":"","header-below-stick-meta":"","astra-migrate-meta-layouts":"default","ast-page-background-enabled":"default","ast-page-background-meta":{"desktop":{"background-color":"var(--ast-global-color-5)","background-image":"","background-repeat":"repeat","background-position":"center center","background-size":"auto","background-attachment":"scroll","background-type":"","background-media":"","overlay-type":"","overlay-color":"","overlay-opacity":"","overlay-gradient":""},"tablet":{"background-color":"","background-image":"","background-repeat":"repeat","background-position":"center center","background-size":"auto","background-attachment":"scroll","background-type":"","background-media":"","overlay-type":"","overlay-color":"","overlay-opacity":"","overlay-gradient":""},"mobile":{"background-color":"","background-image":"","background-repeat":"repeat","background-position":"center center","background-size":"auto","background-attachment":"scroll","background-type":"","background-media":"","overlay-type":"","overlay-color":"","overlay-opacity":"","overlay-gradient":""}},"ast-content-background-meta":{"desktop":{"background-color":"var(--ast-global-color-4)","background-image":"","background-repeat":"repeat","background-position":"center center","background-size":"auto","background-attachment":"scroll","background-type":"","background-media":"","overlay-type":"","overlay-color":"","overlay-opacity":"","overlay-gradient":""},"tablet":{"background-color":"var(--ast-global-color-4)","background-image":"","background-repeat":"repeat","background-position":"center center","background-size":"auto","background-attachment":"scroll","background-type":"","background-media":"","overlay-type":"","overlay-color":"","overlay-opacity":"","overlay-gradient":""},"mobile":{"background-color":"var(--ast-global-color-4)","background-image":"","background-repeat":"repeat","background-position":"center center","background-size":"auto","background-attachment":"scroll","background-type":"","background-media":"","overlay-type":"","overlay-color":"","overlay-opacity":"","overlay-gradient":""}},"footnotes":""},"categories":[79,171],"tags":[206,247],"class_list":["post-9461","post","type-post","status-publish","format-standard","hentry","category-info","category-tauler-principal","tag-info","tag-preinscripcio"],"post_mailing_queue_ids":[],"_links":{"self":[{"href":"https:\/\/agora.xtec.cat\/escmarquesdelapobla\/wp-json\/wp\/v2\/posts\/9461","targetHints":{"allow":["GET"]}}],"collection":[{"href":"https:\/\/agora.xtec.cat\/escmarquesdelapobla\/wp-json\/wp\/v2\/posts"}],"about":[{"href":"https:\/\/agora.xtec.cat\/escmarquesdelapobla\/wp-json\/wp\/v2\/types\/post"}],"author":[{"embeddable":true,"href":"https:\/\/agora.xtec.cat\/escmarquesdelapobla\/wp-json\/wp\/v2\/users\/2"}],"replies":[{"embeddable":true,"href":"https:\/\/agora.xtec.cat\/escmarquesdelapobla\/wp-json\/wp\/v2\/comments?post=9461"}],"version-history":[{"count":3,"href":"https:\/\/agora.xtec.cat\/escmarquesdelapobla\/wp-json\/wp\/v2\/posts\/9461\/revisions"}],"predecessor-version":[{"id":9470,"href":"https:\/\/agora.xtec.cat\/escmarquesdelapobla\/wp-json\/wp\/v2\/posts\/9461\/revisions\/9470"}],"wp:attachment":[{"href":"https:\/\/agora.xtec.cat\/escmarquesdelapobla\/wp-json\/wp\/v2\/media?parent=9461"}],"wp:term":[{"taxonomy":"category","embeddable":true,"href":"https:\/\/agora.xtec.cat\/escmarquesdelapobla\/wp-json\/wp\/v2\/categories?post=9461"},{"taxonomy":"post_tag","embeddable":true,"href":"https:\/\/agora.xtec.cat\/escmarquesdelapobla\/wp-json\/wp\/v2\/tags?post=9461"}],"curies":[{"name":"wp","href":"https:\/\/api.w.org\/{rel}","templated":true}]}}