{"id":9144,"date":"2021-02-18T21:37:35","date_gmt":"2021-02-18T20:37:35","guid":{"rendered":"http:\/\/agora.xtec.cat\/escmarquesdelapobla\/?p=9144"},"modified":"2021-05-14T18:28:56","modified_gmt":"2021-05-14T16:28:56","slug":"sortida-a-la-bassa","status":"publish","type":"post","link":"https:\/\/agora.xtec.cat\/escmarquesdelapobla\/infantil\/i3\/sortida-a-la-bassa\/","title":{"rendered":"Sortida a la Bassa"},"content":{"rendered":"<p><a href=\"https:\/\/photos.app.goo.gl\/JGgex8W1kDrogSWa8\"><img loading=\"lazy\" decoding=\"async\" class=\"wp-image-9145 aligncenter\" src=\"https:\/\/agora.xtec.cat\/escmarquesdelapobla\/wp-content\/uploads\/usu1682\/2021\/02\/WhatsApp-Image-2021-02-18-at-16.52.26-768x1024.jpeg\" alt=\"\" width=\"509\" height=\"678\" srcset=\"https:\/\/agora.xtec.cat\/escmarquesdelapobla\/wp-content\/uploads\/usu1682\/2021\/02\/WhatsApp-Image-2021-02-18-at-16.52.26-768x1024.jpeg 768w, https:\/\/agora.xtec.cat\/escmarquesdelapobla\/wp-content\/uploads\/usu1682\/2021\/02\/WhatsApp-Image-2021-02-18-at-16.52.26-225x300.jpeg 225w, https:\/\/agora.xtec.cat\/escmarquesdelapobla\/wp-content\/uploads\/usu1682\/2021\/02\/WhatsApp-Image-2021-02-18-at-16.52.26.jpeg 1200w\" sizes=\"auto, (max-width: 509px) 100vw, 509px\" \/><\/a><\/p>\n<p style=\"text-align: justify;\">Ja fa dies que els infants de P3 hem comen\u00e7at amb el projecte del nom de la classe:<\/p>\n<p style=\"text-align: justify;\">\u00a0 \u00a0 \u00a0 \u00a0 \u00a0P3A: Rec del Corronaire<\/p>\n<p style=\"text-align: justify;\">\u00a0 \u00a0 \u00a0 \u00a0 \u00a0P3B: Safareig<\/p>\n<p style=\"text-align: justify;\">Aquesta tarda les dues classes hem anat a la Bassa. All\u00e0 hem trobat el Pep Vall\u00e8s i el &#8220;Pepito&#8221;, que ens ha explicat l&#8217;inici de la Bassa, l&#8217;origen del nom &#8220;Rec del Corronaire&#8221; i la hist\u00f2ria del Safareig. Ens ha agradat molt que ens ho expliqu\u00e9s! I tamb\u00e9 hem pogut cantar una mica!<\/p>\n<p style=\"text-align: justify;\">Mentre esper\u00e0vem per fer la xerrada hem jugat una mica al Parc de la Bassa!! Ha estat una tarda molt entretinguda i divertida!<\/p>\n","protected":false},"excerpt":{"rendered":"<p>Ja fa dies que els infants de P3 hem comen\u00e7at amb el projecte del nom de la classe: \u00a0 \u00a0 \u00a0 \u00a0 \u00a0P3A: Rec del Corronaire \u00a0 \u00a0 \u00a0 \u00a0 \u00a0P3B: Safareig Aquesta tarda les dues classes hem anat a la Bassa. All\u00e0 hem trobat el Pep Vall\u00e8s i el &#8220;Pepito&#8221;, que ens ha explicat [&hellip;]<\/p>\n","protected":false},"author":1,"featured_media":0,"comment_status":"open","ping_status":"closed","sticky":false,"template":"","format":"standard","meta":{"_bbp_topic_count":0,"_bbp_reply_count":0,"_bbp_total_topic_count":0,"_bbp_total_reply_count":0,"_bbp_voice_count":0,"_bbp_anonymous_reply_count":0,"_bbp_topic_count_hidden":0,"_bbp_reply_count_hidden":0,"_bbp_forum_subforum_count":0,"site-sidebar-layout":"default","site-content-layout":"","ast-site-content-layout":"","site-content-style":"default","site-sidebar-style":"default","ast-global-header-display":"","ast-banner-title-visibility":"","ast-main-header-display":"","ast-hfb-above-header-display":"","ast-hfb-below-header-display":"","ast-hfb-mobile-header-display":"","site-post-title":"","ast-breadcrumbs-content":"","ast-featured-img":"","footer-sml-layout":"","theme-transparent-header-meta":"","adv-header-id-meta":"","stick-header-meta":"","header-above-stick-meta":"","header-main-stick-meta":"","header-below-stick-meta":"","astra-migrate-meta-layouts":"default","ast-page-background-enabled":"default","ast-page-background-meta":{"desktop":{"background-color":"var(--ast-global-color-5)","background-image":"","background-repeat":"repeat","background-position":"center center","background-size":"auto","background-attachment":"scroll","background-type":"","background-media":"","overlay-type":"","overlay-color":"","overlay-opacity":"","overlay-gradient":""},"tablet":{"background-color":"","background-image":"","background-repeat":"repeat","background-position":"center center","background-size":"auto","background-attachment":"scroll","background-type":"","background-media":"","overlay-type":"","overlay-color":"","overlay-opacity":"","overlay-gradient":""},"mobile":{"background-color":"","background-image":"","background-repeat":"repeat","background-position":"center center","background-size":"auto","background-attachment":"scroll","background-type":"","background-media":"","overlay-type":"","overlay-color":"","overlay-opacity":"","overlay-gradient":""}},"ast-content-background-meta":{"desktop":{"background-color":"var(--ast-global-color-4)","background-image":"","background-repeat":"repeat","background-position":"center center","background-size":"auto","background-attachment":"scroll","background-type":"","background-media":"","overlay-type":"","overlay-color":"","overlay-opacity":"","overlay-gradient":""},"tablet":{"background-color":"var(--ast-global-color-4)","background-image":"","background-repeat":"repeat","background-position":"center center","background-size":"auto","background-attachment":"scroll","background-type":"","background-media":"","overlay-type":"","overlay-color":"","overlay-opacity":"","overlay-gradient":""},"mobile":{"background-color":"var(--ast-global-color-4)","background-image":"","background-repeat":"repeat","background-position":"center center","background-size":"auto","background-attachment":"scroll","background-type":"","background-media":"","overlay-type":"","overlay-color":"","overlay-opacity":"","overlay-gradient":""}},"footnotes":""},"categories":[3,74],"tags":[192,193,218,210],"class_list":["post-9144","post","type-post","status-publish","format-standard","hentry","category-i3","category-sortides","tag-p3-a","tag-i3-b","tag-projectes","tag-sortides"],"post_mailing_queue_ids":[],"_links":{"self":[{"href":"https:\/\/agora.xtec.cat\/escmarquesdelapobla\/wp-json\/wp\/v2\/posts\/9144","targetHints":{"allow":["GET"]}}],"collection":[{"href":"https:\/\/agora.xtec.cat\/escmarquesdelapobla\/wp-json\/wp\/v2\/posts"}],"about":[{"href":"https:\/\/agora.xtec.cat\/escmarquesdelapobla\/wp-json\/wp\/v2\/types\/post"}],"author":[{"embeddable":true,"href":"https:\/\/agora.xtec.cat\/escmarquesdelapobla\/wp-json\/wp\/v2\/users\/1"}],"replies":[{"embeddable":true,"href":"https:\/\/agora.xtec.cat\/escmarquesdelapobla\/wp-json\/wp\/v2\/comments?post=9144"}],"version-history":[{"count":2,"href":"https:\/\/agora.xtec.cat\/escmarquesdelapobla\/wp-json\/wp\/v2\/posts\/9144\/revisions"}],"predecessor-version":[{"id":9998,"href":"https:\/\/agora.xtec.cat\/escmarquesdelapobla\/wp-json\/wp\/v2\/posts\/9144\/revisions\/9998"}],"wp:attachment":[{"href":"https:\/\/agora.xtec.cat\/escmarquesdelapobla\/wp-json\/wp\/v2\/media?parent=9144"}],"wp:term":[{"taxonomy":"category","embeddable":true,"href":"https:\/\/agora.xtec.cat\/escmarquesdelapobla\/wp-json\/wp\/v2\/categories?post=9144"},{"taxonomy":"post_tag","embeddable":true,"href":"https:\/\/agora.xtec.cat\/escmarquesdelapobla\/wp-json\/wp\/v2\/tags?post=9144"}],"curies":[{"name":"wp","href":"https:\/\/api.w.org\/{rel}","templated":true}]}}