{"id":9139,"date":"2021-02-18T16:44:11","date_gmt":"2021-02-18T15:44:11","guid":{"rendered":"http:\/\/agora.xtec.cat\/escmarquesdelapobla\/?p=9139"},"modified":"2021-02-18T16:45:20","modified_gmt":"2021-02-18T15:45:20","slug":"la-diversitat","status":"publish","type":"post","link":"https:\/\/agora.xtec.cat\/escmarquesdelapobla\/superior\/la-diversitat\/","title":{"rendered":"La diversitat"},"content":{"rendered":"<p><em>Escrit per l&#8217;alumnat<\/em><\/p>\n<p style=\"text-align: justify;\">Som els\/les alumnes de 6\u00e8 A i fa un parell de mesos que en la nostra classe tenim una secci\u00f3 de llibres sobre la DIVERSITAT.<\/p>\n<p style=\"text-align: justify;\">Vosaltres sabeu que \u00e9s la diversitat? Doncs si ho sabeu, sabreu que la paraula diversitat ve de \u201cdivers\u201d o \u201cdiversa\u201d i aquesta paraula vol dir que tots som diferents, i que en aquest m\u00f3n no hi ha r\u00e9s \u201cNORMAL\u201d. Per tant la paraula NORMAL no hauria d\u2019existir, perqu\u00e8 si defin\u00edssim la paraula normal la seva definici\u00f3 seria habitual, o sigui, el que fa tothom, per\u00f2 \u00a0tothom no fa el mateix.<\/p>\n<p style=\"text-align: justify;\">I la taula de llibres sobre la diversitat, ho ha demostrat. Hi ha molt\u00edssim tipus de diversitats, el color de cabell, el de ulls, el de pell, els idiomes,les creences, la identitat de g\u00e8nere, la diversitat sexual, etc.<\/p>\n<p style=\"text-align: justify;\"><a href=\"https:\/\/photos.app.goo.gl\/Dzub5omBhEWUvcwx6\"><img loading=\"lazy\" decoding=\"async\" class=\"alignnone size-large\" src=\"https:\/\/lh3.googleusercontent.com\/pw\/ACtC-3eQMQGnTGgYu8OQ24GWYQf1_mwZZbsJW7S-iWOxTcSljvvwzA3qvXxXNtp8XqnG3sL9fatwW6j3WnHbRwGJj_1ERoIzepWELDouXIx3X6Isv-Ncv_NK0MUVZm0s9BxwjBepv34QrVqQhTqRWdMrCtrd9g=w1280-h685-no?authuser=0\" width=\"1280\" height=\"685\" \/><\/a><\/p>\n<p style=\"text-align: justify;\">Per\u00f2 a la taula de llibres sobre la diversitat, hem volgut parlar de la DIVERSITAT SEXUAL i la IDENTITAT DE G\u00c8NERE.<\/p>\n<p style=\"text-align: justify;\">Sabeu que \u00e9s? Si no \u00e9s aix\u00ed, ho s\u2019ho explicarem encantats:<\/p>\n<p><!--more--><\/p>\n<p style=\"text-align: justify;\">\u00a0En primer lloc, la DIVERSITAT SEXUAL. La diversitat sexual \u00e9s les diferents orientacions sexuals de cada persona. Per exemple: Una persona que es declar\u00e9s heterosexual seria una persona a la que li agrada el sexe oposat (si ets de sexe mascul\u00ed, t\u2019agrada el sexe femen\u00ed, i a la inversa). Una persona que fos homosexual seria una persona a la que li agrada el seu mateix sexe (lesbiana, gay).<\/p>\n<p style=\"text-align: justify;\">Crec que fins aqu\u00ed arribem tots i totes per\u00f2 aquestes no son les \u00faniques orientacions. A part d\u2019aquestes dues, tamb\u00e9 et poden agradar els dos generes,aquesta orientaci\u00f3 sexual \u00e9s bisexualitat. I tamb\u00e9 et poden agradar les persones de per si, sense importar el seu g\u00e8nere, aquesta orientaci\u00f3 sexual \u00e9s la pansexualitat.<\/p>\n<p style=\"text-align: justify;\">IDENTITAT DE GENERE<\/p>\n<p style=\"text-align: justify;\">En la nostra taula tamb\u00e9 hi ha alguns llibres sobre la IDENTITAT DE G\u00c8NERE. No us preocupeu si no sabeu que \u00e9s, o millor dit, quines identitats de g\u00e8nere hi ha, perqu\u00e8 nosaltres les explicarem.<\/p>\n<p style=\"text-align: justify;\">Hi ha persones que neixen amb el g\u00e8nere equivocat, doncs ve, aquestes persones s\u00f3n TRANSSEXUALS o TRANSGEN\u00c8RE. Transsexual vol dir que neixes amb un g\u00e8nere que no ets, i fas el que es diu transici\u00f3 cap al g\u00e8nere amb el que t\u2019identifiques. I transg\u00e8nere vol dir que neixes amb el g\u00e8nere equivocat i que encara no has fet la transici\u00f3, o que no sents la necessitat de fer-la.<\/p>\n<p style=\"text-align: justify;\">A algunes persones tamb\u00e9 els hi agrada o senten la necessitat de vestir-se del seu sexe contrari de una forma molt extrema, aquesta lletra dintre del col\u00b7lectiu LGTTTBI+ ocupa la tercera T, TRANSVESTIT, O TRANSVESTIDA. I no \u00e9s que siguin transsexuals, si no que senten la necessitat de vestir-se de la forma que s\u2019atorga a les nenes o als nens, si \u00e9s un home, es vestir\u00e0 de \u201cdona\u201d i si \u00e9s una dona de \u201chome\u201d.<\/p>\n<p style=\"text-align: justify;\">Despr\u00e8s, tamb\u00e9 hi ha persones que s\u00f3n INTERSEXUALS, que vol dir que neixen amb genitals masculins i femenins, i despr\u00e8s ells o elles s\u2019operen i es deixen els genitals del sexe amb el que s\u2019identifiquen.<\/p>\n<p style=\"text-align: justify;\">I per \u00faltim us explicarem que hi ha persones que es senten i per tant s\u00f3n, homes i dones alhora. Aquesta identitat de g\u00e8nere \u00e9s el G\u00c8NERE FLUID.<\/p>\n<p style=\"text-align: justify;\">La comunitat LGTTTBI+ est\u00e0 patint discriminaci\u00f3 per part de moltes persones, i l\u2019odi no \u00e9s bo, aix\u00ed que si TU ets una d\u2019aquestes persones, et demanem si us plau que no odi\u00efs als dem\u00e9s per ser com s\u00f3n, perqu\u00e8 no \u00e9s una ELECCI\u00d3 com molts creuen, NAIXEM AIX\u00cd, i ning\u00fa no ho pot evitar o canviar.<\/p>\n<p style=\"text-align: justify;\">Tamb\u00e9 dir-vos, que si sou pares o mares i no sabeu com explicar als vostres fills o filles que \u00e9s la diversitat sexual o la identitat de g\u00e8nere, heu d\u2019entendre que no \u00e9s un tema que ens hagi de fer vergonya, perqu\u00e8 hi ha moltes persones en aquest m\u00f3n, i si tots f\u00f3ssim iguals, seria mooolt avorrit!!!!<\/p>\n<p style=\"text-align: justify;\">\u00a0I, si ets un nen o nena o adult o adulta que acaba de descobrir que \u00e9s lgtttbi+ i est\u00e0s angoixat o angoixada et recomanem que demanis ajuda als teus pares, tutors o a un grup de suport per persones LGTTTBI+.<\/p>\n<p style=\"text-align: justify;\">Molts \u00e0nims per aquells o aquelles que ho estan passant malament per ser com s\u00f3n, des de l\u2019aula de 6\u00e8 A l\u2019enviem molta for\u00e7a!<\/p>\n<p style=\"text-align: justify;\">Atentament, tota l\u2019aula de 6\u00e8 A.<\/p>\n<p style=\"text-align: justify;\">Autores:\u00a0 Noah Garc\u00eda Mart\u00edn i Arian Busquets Hidalgo amb la col\u00b7laboraci\u00f3 de la resta de la classe<\/p>\n","protected":false},"excerpt":{"rendered":"<p>Escrit per l&#8217;alumnat Som els\/les alumnes de 6\u00e8 A i fa un parell de mesos que en la nostra classe tenim una secci\u00f3 de llibres sobre la DIVERSITAT. Vosaltres sabeu que \u00e9s la diversitat? Doncs si ho sabeu, sabreu que la paraula diversitat ve de \u201cdivers\u201d o \u201cdiversa\u201d i aquesta paraula vol dir que tots [&hellip;]<\/p>\n","protected":false},"author":2,"featured_media":0,"comment_status":"open","ping_status":"closed","sticky":false,"template":"","format":"standard","meta":{"_bbp_topic_count":0,"_bbp_reply_count":0,"_bbp_total_topic_count":0,"_bbp_total_reply_count":0,"_bbp_voice_count":0,"_bbp_anonymous_reply_count":0,"_bbp_topic_count_hidden":0,"_bbp_reply_count_hidden":0,"_bbp_forum_subforum_count":0,"site-sidebar-layout":"default","site-content-layout":"","ast-site-content-layout":"","site-content-style":"default","site-sidebar-style":"default","ast-global-header-display":"","ast-banner-title-visibility":"","ast-main-header-display":"","ast-hfb-above-header-display":"","ast-hfb-below-header-display":"","ast-hfb-mobile-header-display":"","site-post-title":"","ast-breadcrumbs-content":"","ast-featured-img":"","footer-sml-layout":"","theme-transparent-header-meta":"","adv-header-id-meta":"","stick-header-meta":"","header-above-stick-meta":"","header-main-stick-meta":"","header-below-stick-meta":"","astra-migrate-meta-layouts":"default","ast-page-background-enabled":"default","ast-page-background-meta":{"desktop":{"background-color":"var(--ast-global-color-5)","background-image":"","background-repeat":"repeat","background-position":"center center","background-size":"auto","background-attachment":"scroll","background-type":"","background-media":"","overlay-type":"","overlay-color":"","overlay-opacity":"","overlay-gradient":""},"tablet":{"background-color":"","background-image":"","background-repeat":"repeat","background-position":"center center","background-size":"auto","background-attachment":"scroll","background-type":"","background-media":"","overlay-type":"","overlay-color":"","overlay-opacity":"","overlay-gradient":""},"mobile":{"background-color":"","background-image":"","background-repeat":"repeat","background-position":"center center","background-size":"auto","background-attachment":"scroll","background-type":"","background-media":"","overlay-type":"","overlay-color":"","overlay-opacity":"","overlay-gradient":""}},"ast-content-background-meta":{"desktop":{"background-color":"var(--ast-global-color-4)","background-image":"","background-repeat":"repeat","background-position":"center center","background-size":"auto","background-attachment":"scroll","background-type":"","background-media":"","overlay-type":"","overlay-color":"","overlay-opacity":"","overlay-gradient":""},"tablet":{"background-color":"var(--ast-global-color-4)","background-image":"","background-repeat":"repeat","background-position":"center center","background-size":"auto","background-attachment":"scroll","background-type":"","background-media":"","overlay-type":"","overlay-color":"","overlay-opacity":"","overlay-gradient":""},"mobile":{"background-color":"var(--ast-global-color-4)","background-image":"","background-repeat":"repeat","background-position":"center center","background-size":"auto","background-attachment":"scroll","background-type":"","background-media":"","overlay-type":"","overlay-color":"","overlay-opacity":"","overlay-gradient":""}},"footnotes":""},"categories":[5,133],"tags":[211],"class_list":["post-9139","post","type-post","status-publish","format-standard","hentry","category-superior","category-p6","tag-p6a"],"post_mailing_queue_ids":[],"_links":{"self":[{"href":"https:\/\/agora.xtec.cat\/escmarquesdelapobla\/wp-json\/wp\/v2\/posts\/9139","targetHints":{"allow":["GET"]}}],"collection":[{"href":"https:\/\/agora.xtec.cat\/escmarquesdelapobla\/wp-json\/wp\/v2\/posts"}],"about":[{"href":"https:\/\/agora.xtec.cat\/escmarquesdelapobla\/wp-json\/wp\/v2\/types\/post"}],"author":[{"embeddable":true,"href":"https:\/\/agora.xtec.cat\/escmarquesdelapobla\/wp-json\/wp\/v2\/users\/2"}],"replies":[{"embeddable":true,"href":"https:\/\/agora.xtec.cat\/escmarquesdelapobla\/wp-json\/wp\/v2\/comments?post=9139"}],"version-history":[{"count":3,"href":"https:\/\/agora.xtec.cat\/escmarquesdelapobla\/wp-json\/wp\/v2\/posts\/9139\/revisions"}],"predecessor-version":[{"id":9143,"href":"https:\/\/agora.xtec.cat\/escmarquesdelapobla\/wp-json\/wp\/v2\/posts\/9139\/revisions\/9143"}],"wp:attachment":[{"href":"https:\/\/agora.xtec.cat\/escmarquesdelapobla\/wp-json\/wp\/v2\/media?parent=9139"}],"wp:term":[{"taxonomy":"category","embeddable":true,"href":"https:\/\/agora.xtec.cat\/escmarquesdelapobla\/wp-json\/wp\/v2\/categories?post=9139"},{"taxonomy":"post_tag","embeddable":true,"href":"https:\/\/agora.xtec.cat\/escmarquesdelapobla\/wp-json\/wp\/v2\/tags?post=9139"}],"curies":[{"name":"wp","href":"https:\/\/api.w.org\/{rel}","templated":true}]}}