{"id":9106,"date":"2021-02-16T19:11:22","date_gmt":"2021-02-16T18:11:22","guid":{"rendered":"http:\/\/agora.xtec.cat\/escmarquesdelapobla\/?p=9106"},"modified":"2021-02-23T22:45:07","modified_gmt":"2021-02-23T21:45:07","slug":"carnestoltes-2021","status":"publish","type":"post","link":"https:\/\/agora.xtec.cat\/escmarquesdelapobla\/infantil\/carnestoltes-2021\/","title":{"rendered":"Carnestoltes 2021"},"content":{"rendered":"<p style=\"text-align: justify;\">Aquest mat\u00ed hem celebrat el Carnestoltes a l&#8217;Escola Marqu\u00e8s!!<\/p>\n<p style=\"text-align: justify;\">S&#8217;han vist disfresses molt variades, relacionades amb els projectes de classe i l&#8217;eix de l&#8217;escola: <em>Emociona&#8217;t amb l&#8217;entorn<\/em>. Despr\u00e9s ens ho hem passat genial amb l&#8217;actuaci\u00f3 del Jaume Barri. La gresca ha durat una bona estona i ens ha fet ballar sense parar. Esperem que us agradin les fotos:<\/p>\n<p style=\"text-align: justify;\"><a href=\"https:\/\/photos.app.goo.gl\/5vfEEck7J3boiGCx9\"><img loading=\"lazy\" decoding=\"async\" class=\"aligncenter\" src=\"https:\/\/lh3.googleusercontent.com\/pw\/ACtC-3fm5vyoPmjn1QpiKU32_1RMK7W-ZNBnxyQEbyZYu4UyKrxAqHLzcXsSCHKZqIPq-mEaa30zUu8SsN_ve6diw1I784Nfs4qMzRAEf_ITw3JfljqDBMsyV1_Br8oQ5bh6tHcUUqnpcX6t-TINm9ji2_Wtcg=w1280-h720-no?authuser=5\" width=\"1156\" height=\"650\" \/><\/a><\/p>\n<p style=\"text-align: justify;\">Despr\u00e9s de la celebraci\u00f3 tamb\u00e9 hem pogut participar en la 4a Xocolatada Solid\u00e0ria, contribuint amb un petit donatiu en la recerca del diagn\u00f2stic i tractament del c\u00e0ncer infantil, aprofitant que el 16 de febrer \u00e9s el Dia Internacional del c\u00e0ncer infantil. Ha sigut ben dol\u00e7 poder donar un cop de m\u00e0 en aquesta iniciativa solid\u00e0ria tot gaudint del pa amb xocolata en bona companyia!<\/p>\n<p>La quantitat recollida ha estat de 967\u20ac!!! Ens felicitem tots plegats per aquest gran gest de solidaritat!!<\/p>\n","protected":false},"excerpt":{"rendered":"<p>Aquest mat\u00ed hem celebrat el Carnestoltes a l&#8217;Escola Marqu\u00e8s!! S&#8217;han vist disfresses molt variades, relacionades amb els projectes de classe i l&#8217;eix de l&#8217;escola: Emociona&#8217;t amb l&#8217;entorn. Despr\u00e9s ens ho hem passat genial amb l&#8217;actuaci\u00f3 del Jaume Barri. La gresca ha durat una bona estona i ens ha fet ballar sense parar. Esperem que us [&hellip;]<\/p>\n","protected":false},"author":2,"featured_media":0,"comment_status":"open","ping_status":"closed","sticky":false,"template":"","format":"standard","meta":{"_bbp_topic_count":0,"_bbp_reply_count":0,"_bbp_total_topic_count":0,"_bbp_total_reply_count":0,"_bbp_voice_count":0,"_bbp_anonymous_reply_count":0,"_bbp_topic_count_hidden":0,"_bbp_reply_count_hidden":0,"_bbp_forum_subforum_count":0,"site-sidebar-layout":"default","site-content-layout":"","ast-site-content-layout":"","site-content-style":"default","site-sidebar-style":"default","ast-global-header-display":"","ast-banner-title-visibility":"","ast-main-header-display":"","ast-hfb-above-header-display":"","ast-hfb-below-header-display":"","ast-hfb-mobile-header-display":"","site-post-title":"","ast-breadcrumbs-content":"","ast-featured-img":"","footer-sml-layout":"","theme-transparent-header-meta":"","adv-header-id-meta":"","stick-header-meta":"","header-above-stick-meta":"","header-main-stick-meta":"","header-below-stick-meta":"","astra-migrate-meta-layouts":"default","ast-page-background-enabled":"default","ast-page-background-meta":{"desktop":{"background-color":"var(--ast-global-color-5)","background-image":"","background-repeat":"repeat","background-position":"center center","background-size":"auto","background-attachment":"scroll","background-type":"","background-media":"","overlay-type":"","overlay-color":"","overlay-opacity":"","overlay-gradient":""},"tablet":{"background-color":"","background-image":"","background-repeat":"repeat","background-position":"center center","background-size":"auto","background-attachment":"scroll","background-type":"","background-media":"","overlay-type":"","overlay-color":"","overlay-opacity":"","overlay-gradient":""},"mobile":{"background-color":"","background-image":"","background-repeat":"repeat","background-position":"center center","background-size":"auto","background-attachment":"scroll","background-type":"","background-media":"","overlay-type":"","overlay-color":"","overlay-opacity":"","overlay-gradient":""}},"ast-content-background-meta":{"desktop":{"background-color":"var(--ast-global-color-4)","background-image":"","background-repeat":"repeat","background-position":"center center","background-size":"auto","background-attachment":"scroll","background-type":"","background-media":"","overlay-type":"","overlay-color":"","overlay-opacity":"","overlay-gradient":""},"tablet":{"background-color":"var(--ast-global-color-4)","background-image":"","background-repeat":"repeat","background-position":"center center","background-size":"auto","background-attachment":"scroll","background-type":"","background-media":"","overlay-type":"","overlay-color":"","overlay-opacity":"","overlay-gradient":""},"mobile":{"background-color":"var(--ast-global-color-4)","background-image":"","background-repeat":"repeat","background-position":"center center","background-size":"auto","background-attachment":"scroll","background-type":"","background-media":"","overlay-type":"","overlay-color":"","overlay-opacity":"","overlay-gradient":""}},"footnotes":""},"categories":[118,55,64,65,5,2,171],"tags":[202],"class_list":["post-9106","post","type-post","status-publish","format-standard","hentry","category-carnestoltes","category-celebracions","category-inicial","category-mitja","category-superior","category-infantil","category-tauler-principal","tag-carnestoltes"],"post_mailing_queue_ids":[],"_links":{"self":[{"href":"https:\/\/agora.xtec.cat\/escmarquesdelapobla\/wp-json\/wp\/v2\/posts\/9106","targetHints":{"allow":["GET"]}}],"collection":[{"href":"https:\/\/agora.xtec.cat\/escmarquesdelapobla\/wp-json\/wp\/v2\/posts"}],"about":[{"href":"https:\/\/agora.xtec.cat\/escmarquesdelapobla\/wp-json\/wp\/v2\/types\/post"}],"author":[{"embeddable":true,"href":"https:\/\/agora.xtec.cat\/escmarquesdelapobla\/wp-json\/wp\/v2\/users\/2"}],"replies":[{"embeddable":true,"href":"https:\/\/agora.xtec.cat\/escmarquesdelapobla\/wp-json\/wp\/v2\/comments?post=9106"}],"version-history":[{"count":3,"href":"https:\/\/agora.xtec.cat\/escmarquesdelapobla\/wp-json\/wp\/v2\/posts\/9106\/revisions"}],"predecessor-version":[{"id":9131,"href":"https:\/\/agora.xtec.cat\/escmarquesdelapobla\/wp-json\/wp\/v2\/posts\/9106\/revisions\/9131"}],"wp:attachment":[{"href":"https:\/\/agora.xtec.cat\/escmarquesdelapobla\/wp-json\/wp\/v2\/media?parent=9106"}],"wp:term":[{"taxonomy":"category","embeddable":true,"href":"https:\/\/agora.xtec.cat\/escmarquesdelapobla\/wp-json\/wp\/v2\/categories?post=9106"},{"taxonomy":"post_tag","embeddable":true,"href":"https:\/\/agora.xtec.cat\/escmarquesdelapobla\/wp-json\/wp\/v2\/tags?post=9106"}],"curies":[{"name":"wp","href":"https:\/\/api.w.org\/{rel}","templated":true}]}}