{"id":9025,"date":"2021-02-11T20:32:32","date_gmt":"2021-02-11T19:32:32","guid":{"rendered":"http:\/\/agora.xtec.cat\/escmarquesdelapobla\/?p=9025"},"modified":"2021-02-26T22:48:09","modified_gmt":"2021-02-26T21:48:09","slug":"laula-de-la-llum","status":"publish","type":"post","link":"https:\/\/agora.xtec.cat\/escmarquesdelapobla\/infantil\/laula-de-la-llum\/","title":{"rendered":"L&#8217;aula de la Llum"},"content":{"rendered":"<p style=\"text-align: justify;\">A l\u2019edifici d\u2019Educaci\u00f3 Infantil hi trobem un espai bonic, agradable i m\u00e0gic! Les diferents activitats i propostes ens faran somiar all\u00f2 que sovint ens resulta complicat d\u2019explicar. Trobem diversos materials per poder fer, tocar, crear, observar, jugar, descobrir, experimentar&#8230; tot all\u00f2 que on la nostra imaginaci\u00f3 ens porti.<\/p>\n<p><a href=\"https:\/\/photos.app.goo.gl\/yP7pSziPrppo4imp7\"><img loading=\"lazy\" decoding=\"async\" class=\"wp-image-9027 aligncenter\" src=\"https:\/\/agora.xtec.cat\/escmarquesdelapobla\/wp-content\/uploads\/usu1682\/2021\/02\/WhatsApp-Image-2021-02-11-at-13.02.07-3-1024x768.jpeg\" alt=\"\" width=\"767\" height=\"575\" srcset=\"https:\/\/agora.xtec.cat\/escmarquesdelapobla\/wp-content\/uploads\/usu1682\/2021\/02\/WhatsApp-Image-2021-02-11-at-13.02.07-3.jpeg 1024w, https:\/\/agora.xtec.cat\/escmarquesdelapobla\/wp-content\/uploads\/usu1682\/2021\/02\/WhatsApp-Image-2021-02-11-at-13.02.07-3-300x225.jpeg 300w, https:\/\/agora.xtec.cat\/escmarquesdelapobla\/wp-content\/uploads\/usu1682\/2021\/02\/WhatsApp-Image-2021-02-11-at-13.02.07-3-768x576.jpeg 768w, https:\/\/agora.xtec.cat\/escmarquesdelapobla\/wp-content\/uploads\/usu1682\/2021\/02\/WhatsApp-Image-2021-02-11-at-13.02.07-3-200x150.jpeg 200w\" sizes=\"auto, (max-width: 767px) 100vw, 767px\" \/><\/a><\/p>\n<p style=\"text-align: justify;\">Gaudim fent dibuixos amb retoladors i pintura, juguem amb diferents construccions, amb jocs matem\u00e0tics i de llenguatge, amb jocs creatius, ens podem disfressar&#8230; i molt m\u00e9s! Aqu\u00ed teniu un recull d\u2019imatges que us portaran com a nosaltres en un m\u00f3n fant\u00e0stic i emocionant!!! Durant aquest segon trimestre gaudim de l\u2019aula de llum que s\u2019ha transformat&#8230; en LLUM NEGRE.<\/p>\n","protected":false},"excerpt":{"rendered":"<p>A l\u2019edifici d\u2019Educaci\u00f3 Infantil hi trobem un espai bonic, agradable i m\u00e0gic! Les diferents activitats i propostes ens faran somiar all\u00f2 que sovint ens resulta complicat d\u2019explicar. Trobem diversos materials per poder fer, tocar, crear, observar, jugar, descobrir, experimentar&#8230; tot all\u00f2 que on la nostra imaginaci\u00f3 ens porti. Gaudim fent dibuixos amb retoladors i pintura, [&hellip;]<\/p>\n","protected":false},"author":1,"featured_media":0,"comment_status":"open","ping_status":"closed","sticky":false,"template":"","format":"standard","meta":{"_bbp_topic_count":0,"_bbp_reply_count":0,"_bbp_total_topic_count":0,"_bbp_total_reply_count":0,"_bbp_voice_count":0,"_bbp_anonymous_reply_count":0,"_bbp_topic_count_hidden":0,"_bbp_reply_count_hidden":0,"_bbp_forum_subforum_count":0,"site-sidebar-layout":"default","site-content-layout":"","ast-site-content-layout":"","site-content-style":"default","site-sidebar-style":"default","ast-global-header-display":"","ast-banner-title-visibility":"","ast-main-header-display":"","ast-hfb-above-header-display":"","ast-hfb-below-header-display":"","ast-hfb-mobile-header-display":"","site-post-title":"","ast-breadcrumbs-content":"","ast-featured-img":"","footer-sml-layout":"","theme-transparent-header-meta":"","adv-header-id-meta":"","stick-header-meta":"","header-above-stick-meta":"","header-main-stick-meta":"","header-below-stick-meta":"","astra-migrate-meta-layouts":"default","ast-page-background-enabled":"default","ast-page-background-meta":{"desktop":{"background-color":"var(--ast-global-color-5)","background-image":"","background-repeat":"repeat","background-position":"center center","background-size":"auto","background-attachment":"scroll","background-type":"","background-media":"","overlay-type":"","overlay-color":"","overlay-opacity":"","overlay-gradient":""},"tablet":{"background-color":"","background-image":"","background-repeat":"repeat","background-position":"center center","background-size":"auto","background-attachment":"scroll","background-type":"","background-media":"","overlay-type":"","overlay-color":"","overlay-opacity":"","overlay-gradient":""},"mobile":{"background-color":"","background-image":"","background-repeat":"repeat","background-position":"center center","background-size":"auto","background-attachment":"scroll","background-type":"","background-media":"","overlay-type":"","overlay-color":"","overlay-opacity":"","overlay-gradient":""}},"ast-content-background-meta":{"desktop":{"background-color":"var(--ast-global-color-4)","background-image":"","background-repeat":"repeat","background-position":"center center","background-size":"auto","background-attachment":"scroll","background-type":"","background-media":"","overlay-type":"","overlay-color":"","overlay-opacity":"","overlay-gradient":""},"tablet":{"background-color":"var(--ast-global-color-4)","background-image":"","background-repeat":"repeat","background-position":"center center","background-size":"auto","background-attachment":"scroll","background-type":"","background-media":"","overlay-type":"","overlay-color":"","overlay-opacity":"","overlay-gradient":""},"mobile":{"background-color":"var(--ast-global-color-4)","background-image":"","background-repeat":"repeat","background-position":"center center","background-size":"auto","background-attachment":"scroll","background-type":"","background-media":"","overlay-type":"","overlay-color":"","overlay-opacity":"","overlay-gradient":""}},"footnotes":""},"categories":[3,8,9,2,80],"tags":[],"class_list":["post-9025","post","type-post","status-publish","format-standard","hentry","category-i3","category-i4","category-i5","category-infantil","category-escola"],"post_mailing_queue_ids":[],"_links":{"self":[{"href":"https:\/\/agora.xtec.cat\/escmarquesdelapobla\/wp-json\/wp\/v2\/posts\/9025","targetHints":{"allow":["GET"]}}],"collection":[{"href":"https:\/\/agora.xtec.cat\/escmarquesdelapobla\/wp-json\/wp\/v2\/posts"}],"about":[{"href":"https:\/\/agora.xtec.cat\/escmarquesdelapobla\/wp-json\/wp\/v2\/types\/post"}],"author":[{"embeddable":true,"href":"https:\/\/agora.xtec.cat\/escmarquesdelapobla\/wp-json\/wp\/v2\/users\/1"}],"replies":[{"embeddable":true,"href":"https:\/\/agora.xtec.cat\/escmarquesdelapobla\/wp-json\/wp\/v2\/comments?post=9025"}],"version-history":[{"count":3,"href":"https:\/\/agora.xtec.cat\/escmarquesdelapobla\/wp-json\/wp\/v2\/posts\/9025\/revisions"}],"predecessor-version":[{"id":9271,"href":"https:\/\/agora.xtec.cat\/escmarquesdelapobla\/wp-json\/wp\/v2\/posts\/9025\/revisions\/9271"}],"wp:attachment":[{"href":"https:\/\/agora.xtec.cat\/escmarquesdelapobla\/wp-json\/wp\/v2\/media?parent=9025"}],"wp:term":[{"taxonomy":"category","embeddable":true,"href":"https:\/\/agora.xtec.cat\/escmarquesdelapobla\/wp-json\/wp\/v2\/categories?post=9025"},{"taxonomy":"post_tag","embeddable":true,"href":"https:\/\/agora.xtec.cat\/escmarquesdelapobla\/wp-json\/wp\/v2\/tags?post=9025"}],"curies":[{"name":"wp","href":"https:\/\/api.w.org\/{rel}","templated":true}]}}