{"id":8940,"date":"2021-02-05T12:18:20","date_gmt":"2021-02-05T11:18:20","guid":{"rendered":"http:\/\/agora.xtec.cat\/escmarquesdelapobla\/?p=8940"},"modified":"2021-02-16T19:14:01","modified_gmt":"2021-02-16T18:14:01","slug":"ja-ha-arribat-el-rei-carnestoltes","status":"publish","type":"post","link":"https:\/\/agora.xtec.cat\/escmarquesdelapobla\/celebracions\/ja-ha-arribat-el-rei-carnestoltes\/","title":{"rendered":"Ja ha arribat el Rei Carnestoltes!!"},"content":{"rendered":"<p style=\"text-align: justify;\">Com cada any el Rei Carnestoltes ha decidit comen\u00e7ar a fer de les seves mentre s&#8217;acosta el carnaval. Comen\u00e7a la diversi\u00f3! Quin perill, quina disbauxa!!!<\/p>\n<p style=\"text-align: justify;\"><strong>ATENCI\u00d3<\/strong>: La primera consigna ser\u00e0&#8230;<\/p>\n<p style=\"text-align: center;\"><em>&#8220;<strong>El dilluns per comen\u00e7ar, t&#8217;has de vestir com si t&#8217;acabessis de llevar!<\/strong>&#8220;<\/em><\/p>\n<p><img loading=\"lazy\" decoding=\"async\" class=\" wp-image-8942 aligncenter\" src=\"https:\/\/agora.xtec.cat\/escmarquesdelapobla\/wp-content\/uploads\/usu1682\/2021\/02\/consigna-1.jpg\" alt=\"\" width=\"753\" height=\"1148\" srcset=\"https:\/\/agora.xtec.cat\/escmarquesdelapobla\/wp-content\/uploads\/usu1682\/2021\/02\/consigna-1.jpg 1343w, https:\/\/agora.xtec.cat\/escmarquesdelapobla\/wp-content\/uploads\/usu1682\/2021\/02\/consigna-1-197x300.jpg 197w, https:\/\/agora.xtec.cat\/escmarquesdelapobla\/wp-content\/uploads\/usu1682\/2021\/02\/consigna-1-768x1171.jpg 768w, https:\/\/agora.xtec.cat\/escmarquesdelapobla\/wp-content\/uploads\/usu1682\/2021\/02\/consigna-1-672x1024.jpg 672w\" sizes=\"auto, (max-width: 753px) 100vw, 753px\" \/><\/p>\n<p>Aix\u00ed que ja ho sabeu, dilluns tothom en pijama!!!<\/p>\n","protected":false},"excerpt":{"rendered":"<p>Com cada any el Rei Carnestoltes ha decidit comen\u00e7ar a fer de les seves mentre s&#8217;acosta el carnaval. Comen\u00e7a la diversi\u00f3! Quin perill, quina disbauxa!!! ATENCI\u00d3: La primera consigna ser\u00e0&#8230; &#8220;El dilluns per comen\u00e7ar, t&#8217;has de vestir com si t&#8217;acabessis de llevar!&#8220; Aix\u00ed que ja ho sabeu, dilluns tothom en pijama!!!<\/p>\n","protected":false},"author":2,"featured_media":0,"comment_status":"open","ping_status":"closed","sticky":false,"template":"","format":"standard","meta":{"_bbp_topic_count":0,"_bbp_reply_count":0,"_bbp_total_topic_count":0,"_bbp_total_reply_count":0,"_bbp_voice_count":0,"_bbp_anonymous_reply_count":0,"_bbp_topic_count_hidden":0,"_bbp_reply_count_hidden":0,"_bbp_forum_subforum_count":0,"site-sidebar-layout":"default","site-content-layout":"","ast-site-content-layout":"","site-content-style":"default","site-sidebar-style":"default","ast-global-header-display":"","ast-banner-title-visibility":"","ast-main-header-display":"","ast-hfb-above-header-display":"","ast-hfb-below-header-display":"","ast-hfb-mobile-header-display":"","site-post-title":"","ast-breadcrumbs-content":"","ast-featured-img":"","footer-sml-layout":"","theme-transparent-header-meta":"","adv-header-id-meta":"","stick-header-meta":"","header-above-stick-meta":"","header-main-stick-meta":"","header-below-stick-meta":"","astra-migrate-meta-layouts":"default","ast-page-background-enabled":"default","ast-page-background-meta":{"desktop":{"background-color":"var(--ast-global-color-5)","background-image":"","background-repeat":"repeat","background-position":"center center","background-size":"auto","background-attachment":"scroll","background-type":"","background-media":"","overlay-type":"","overlay-color":"","overlay-opacity":"","overlay-gradient":""},"tablet":{"background-color":"","background-image":"","background-repeat":"repeat","background-position":"center center","background-size":"auto","background-attachment":"scroll","background-type":"","background-media":"","overlay-type":"","overlay-color":"","overlay-opacity":"","overlay-gradient":""},"mobile":{"background-color":"","background-image":"","background-repeat":"repeat","background-position":"center center","background-size":"auto","background-attachment":"scroll","background-type":"","background-media":"","overlay-type":"","overlay-color":"","overlay-opacity":"","overlay-gradient":""}},"ast-content-background-meta":{"desktop":{"background-color":"var(--ast-global-color-4)","background-image":"","background-repeat":"repeat","background-position":"center center","background-size":"auto","background-attachment":"scroll","background-type":"","background-media":"","overlay-type":"","overlay-color":"","overlay-opacity":"","overlay-gradient":""},"tablet":{"background-color":"var(--ast-global-color-4)","background-image":"","background-repeat":"repeat","background-position":"center center","background-size":"auto","background-attachment":"scroll","background-type":"","background-media":"","overlay-type":"","overlay-color":"","overlay-opacity":"","overlay-gradient":""},"mobile":{"background-color":"var(--ast-global-color-4)","background-image":"","background-repeat":"repeat","background-position":"center center","background-size":"auto","background-attachment":"scroll","background-type":"","background-media":"","overlay-type":"","overlay-color":"","overlay-opacity":"","overlay-gradient":""}},"footnotes":""},"categories":[118,55,171],"tags":[202],"class_list":["post-8940","post","type-post","status-publish","format-standard","hentry","category-carnestoltes","category-celebracions","category-tauler-principal","tag-carnestoltes"],"post_mailing_queue_ids":[],"_links":{"self":[{"href":"https:\/\/agora.xtec.cat\/escmarquesdelapobla\/wp-json\/wp\/v2\/posts\/8940","targetHints":{"allow":["GET"]}}],"collection":[{"href":"https:\/\/agora.xtec.cat\/escmarquesdelapobla\/wp-json\/wp\/v2\/posts"}],"about":[{"href":"https:\/\/agora.xtec.cat\/escmarquesdelapobla\/wp-json\/wp\/v2\/types\/post"}],"author":[{"embeddable":true,"href":"https:\/\/agora.xtec.cat\/escmarquesdelapobla\/wp-json\/wp\/v2\/users\/2"}],"replies":[{"embeddable":true,"href":"https:\/\/agora.xtec.cat\/escmarquesdelapobla\/wp-json\/wp\/v2\/comments?post=8940"}],"version-history":[{"count":3,"href":"https:\/\/agora.xtec.cat\/escmarquesdelapobla\/wp-json\/wp\/v2\/posts\/8940\/revisions"}],"predecessor-version":[{"id":8946,"href":"https:\/\/agora.xtec.cat\/escmarquesdelapobla\/wp-json\/wp\/v2\/posts\/8940\/revisions\/8946"}],"wp:attachment":[{"href":"https:\/\/agora.xtec.cat\/escmarquesdelapobla\/wp-json\/wp\/v2\/media?parent=8940"}],"wp:term":[{"taxonomy":"category","embeddable":true,"href":"https:\/\/agora.xtec.cat\/escmarquesdelapobla\/wp-json\/wp\/v2\/categories?post=8940"},{"taxonomy":"post_tag","embeddable":true,"href":"https:\/\/agora.xtec.cat\/escmarquesdelapobla\/wp-json\/wp\/v2\/tags?post=8940"}],"curies":[{"name":"wp","href":"https:\/\/api.w.org\/{rel}","templated":true}]}}