{"id":8913,"date":"2021-02-04T12:55:43","date_gmt":"2021-02-04T11:55:43","guid":{"rendered":"http:\/\/agora.xtec.cat\/escmarquesdelapobla\/?p=8913"},"modified":"2021-02-04T15:17:06","modified_gmt":"2021-02-04T14:17:06","slug":"estudiem-el-gel","status":"publish","type":"post","link":"https:\/\/agora.xtec.cat\/escmarquesdelapobla\/infantil\/estudiem-el-gel\/","title":{"rendered":"Estudiem el gel"},"content":{"rendered":"<p><a href=\"https:\/\/photos.app.goo.gl\/Si1pN1LnTBGacXth9\"><img loading=\"lazy\" decoding=\"async\" class=\"wp-image-8914 aligncenter\" src=\"https:\/\/agora.xtec.cat\/escmarquesdelapobla\/wp-content\/uploads\/usu1682\/2021\/02\/IMG_20210113_101439.jpg\" alt=\"\" width=\"322\" height=\"242\" srcset=\"https:\/\/agora.xtec.cat\/escmarquesdelapobla\/wp-content\/uploads\/usu1682\/2021\/02\/IMG_20210113_101439.jpg 1000w, https:\/\/agora.xtec.cat\/escmarquesdelapobla\/wp-content\/uploads\/usu1682\/2021\/02\/IMG_20210113_101439-300x225.jpg 300w, https:\/\/agora.xtec.cat\/escmarquesdelapobla\/wp-content\/uploads\/usu1682\/2021\/02\/IMG_20210113_101439-768x576.jpg 768w, https:\/\/agora.xtec.cat\/escmarquesdelapobla\/wp-content\/uploads\/usu1682\/2021\/02\/IMG_20210113_101439-200x150.jpg 200w\" sizes=\"auto, (max-width: 322px) 100vw, 322px\" \/><\/a><\/p>\n<p style=\"text-align: justify;\">Els nens i nenes de la classe dels Parcs hem comen\u00e7at a estudiar l\u2019aigua en forma de gla\u00e7. Hem fet gla\u00e7ons de colors i hem pintat amb ells. Ha estat molt divertit!!!!<\/p>\n<p style=\"text-align: justify;\">Despr\u00e9s vam escoltar el conte &#8220;Quan el gla\u00e7 es fon&#8221;, que ens parla de l\u2019escalfament global de la Terra. Mentre l\u2019escolt\u00e0vem dins un gibrell un gla\u00e7\u00f3 molt gran imitava all\u00f2 que passava a la hist\u00f2ria, i vam observar com de mica en mica es va anar fonent. En acabar vam dibuixar al paper pintat amb gla\u00e7ons els personatges del conte i la veritat \u00e9s que ens van quedar uns dibuixos molt bonics!!!<\/p>\n","protected":false},"excerpt":{"rendered":"<p>Els nens i nenes de la classe dels Parcs hem comen\u00e7at a estudiar l\u2019aigua en forma de gla\u00e7. Hem fet gla\u00e7ons de colors i hem pintat amb ells. Ha estat molt divertit!!!! Despr\u00e9s vam escoltar el conte &#8220;Quan el gla\u00e7 es fon&#8221;, que ens parla de l\u2019escalfament global de la Terra. Mentre l\u2019escolt\u00e0vem dins un [&hellip;]<\/p>\n","protected":false},"author":1,"featured_media":0,"comment_status":"open","ping_status":"closed","sticky":false,"template":"","format":"standard","meta":{"_bbp_topic_count":0,"_bbp_reply_count":0,"_bbp_total_topic_count":0,"_bbp_total_reply_count":0,"_bbp_voice_count":0,"_bbp_anonymous_reply_count":0,"_bbp_topic_count_hidden":0,"_bbp_reply_count_hidden":0,"_bbp_forum_subforum_count":0,"site-sidebar-layout":"default","site-content-layout":"","ast-site-content-layout":"","site-content-style":"default","site-sidebar-style":"default","ast-global-header-display":"","ast-banner-title-visibility":"","ast-main-header-display":"","ast-hfb-above-header-display":"","ast-hfb-below-header-display":"","ast-hfb-mobile-header-display":"","site-post-title":"","ast-breadcrumbs-content":"","ast-featured-img":"","footer-sml-layout":"","theme-transparent-header-meta":"","adv-header-id-meta":"","stick-header-meta":"","header-above-stick-meta":"","header-main-stick-meta":"","header-below-stick-meta":"","astra-migrate-meta-layouts":"default","ast-page-background-enabled":"default","ast-page-background-meta":{"desktop":{"background-color":"var(--ast-global-color-5)","background-image":"","background-repeat":"repeat","background-position":"center center","background-size":"auto","background-attachment":"scroll","background-type":"","background-media":"","overlay-type":"","overlay-color":"","overlay-opacity":"","overlay-gradient":""},"tablet":{"background-color":"","background-image":"","background-repeat":"repeat","background-position":"center center","background-size":"auto","background-attachment":"scroll","background-type":"","background-media":"","overlay-type":"","overlay-color":"","overlay-opacity":"","overlay-gradient":""},"mobile":{"background-color":"","background-image":"","background-repeat":"repeat","background-position":"center center","background-size":"auto","background-attachment":"scroll","background-type":"","background-media":"","overlay-type":"","overlay-color":"","overlay-opacity":"","overlay-gradient":""}},"ast-content-background-meta":{"desktop":{"background-color":"var(--ast-global-color-4)","background-image":"","background-repeat":"repeat","background-position":"center center","background-size":"auto","background-attachment":"scroll","background-type":"","background-media":"","overlay-type":"","overlay-color":"","overlay-opacity":"","overlay-gradient":""},"tablet":{"background-color":"var(--ast-global-color-4)","background-image":"","background-repeat":"repeat","background-position":"center center","background-size":"auto","background-attachment":"scroll","background-type":"","background-media":"","overlay-type":"","overlay-color":"","overlay-opacity":"","overlay-gradient":""},"mobile":{"background-color":"var(--ast-global-color-4)","background-image":"","background-repeat":"repeat","background-position":"center center","background-size":"auto","background-attachment":"scroll","background-type":"","background-media":"","overlay-type":"","overlay-color":"","overlay-opacity":"","overlay-gradient":""}},"footnotes":""},"categories":[8,2],"tags":[196],"class_list":["post-8913","post","type-post","status-publish","format-standard","hentry","category-i4","category-infantil","tag-i4-c"],"post_mailing_queue_ids":[],"_links":{"self":[{"href":"https:\/\/agora.xtec.cat\/escmarquesdelapobla\/wp-json\/wp\/v2\/posts\/8913","targetHints":{"allow":["GET"]}}],"collection":[{"href":"https:\/\/agora.xtec.cat\/escmarquesdelapobla\/wp-json\/wp\/v2\/posts"}],"about":[{"href":"https:\/\/agora.xtec.cat\/escmarquesdelapobla\/wp-json\/wp\/v2\/types\/post"}],"author":[{"embeddable":true,"href":"https:\/\/agora.xtec.cat\/escmarquesdelapobla\/wp-json\/wp\/v2\/users\/1"}],"replies":[{"embeddable":true,"href":"https:\/\/agora.xtec.cat\/escmarquesdelapobla\/wp-json\/wp\/v2\/comments?post=8913"}],"version-history":[{"count":3,"href":"https:\/\/agora.xtec.cat\/escmarquesdelapobla\/wp-json\/wp\/v2\/posts\/8913\/revisions"}],"predecessor-version":[{"id":8932,"href":"https:\/\/agora.xtec.cat\/escmarquesdelapobla\/wp-json\/wp\/v2\/posts\/8913\/revisions\/8932"}],"wp:attachment":[{"href":"https:\/\/agora.xtec.cat\/escmarquesdelapobla\/wp-json\/wp\/v2\/media?parent=8913"}],"wp:term":[{"taxonomy":"category","embeddable":true,"href":"https:\/\/agora.xtec.cat\/escmarquesdelapobla\/wp-json\/wp\/v2\/categories?post=8913"},{"taxonomy":"post_tag","embeddable":true,"href":"https:\/\/agora.xtec.cat\/escmarquesdelapobla\/wp-json\/wp\/v2\/tags?post=8913"}],"curies":[{"name":"wp","href":"https:\/\/api.w.org\/{rel}","templated":true}]}}