{"id":8900,"date":"2021-02-03T14:14:15","date_gmt":"2021-02-03T13:14:15","guid":{"rendered":"http:\/\/agora.xtec.cat\/escmarquesdelapobla\/?p=8900"},"modified":"2021-02-03T14:15:17","modified_gmt":"2021-02-03T13:15:17","slug":"dies-de-confinament","status":"publish","type":"post","link":"https:\/\/agora.xtec.cat\/escmarquesdelapobla\/superior\/dies-de-confinament\/","title":{"rendered":"Dies de confinament"},"content":{"rendered":"<p style=\"text-align: justify;\">Hola a tots i a totes, com ja deveu saber, far\u00e0 m\u00e9s o menys una setmana que la classe de 6\u00e8 A estem confinats.<\/p>\n<p style=\"text-align: justify;\">El darrer dimarts 26 de gener a la tarda, una miqueta abans de tornar al col\u00b7legi a les 3 de la tarda, ens van trucar per anunciar-nos que un company@ de la nostra classe havia donat positiu per covid-19. Malauradament, a tots nosaltres en ser contacte directe de positiu, vam haver-hi\u00a0de seguir unes certes mesures de seguretat amb la nostra fam\u00edlia, les quals implicaven portar mascareta si vol\u00edem sortir de la nostra habitaci\u00f3, i estar confinats en ella. El mateix dia 26 de gener, ens van informar que el dijous 28 d&#8217;aquella mateixa setmana durien a terme PCRS per a tota la classe, incl\u00f2s el nostre tutor, David Gavald\u00e0. Tamb\u00e9 ens consta que dos alumnes de la classe de 6\u00e8 B van ser confinats a causa de ser contacte directe, fora de l\u2019escola, del company@ de la nostra classe diagnosticat per covid-19.<\/p>\n<p><img loading=\"lazy\" decoding=\"async\" class=\" wp-image-8901 aligncenter\" src=\"https:\/\/agora.xtec.cat\/escmarquesdelapobla\/wp-content\/uploads\/usu1682\/2021\/02\/Zoom-classe-1.png\" alt=\"\" width=\"706\" height=\"397\" srcset=\"https:\/\/agora.xtec.cat\/escmarquesdelapobla\/wp-content\/uploads\/usu1682\/2021\/02\/Zoom-classe-1.png 1366w, https:\/\/agora.xtec.cat\/escmarquesdelapobla\/wp-content\/uploads\/usu1682\/2021\/02\/Zoom-classe-1-300x169.png 300w, https:\/\/agora.xtec.cat\/escmarquesdelapobla\/wp-content\/uploads\/usu1682\/2021\/02\/Zoom-classe-1-768x432.png 768w, https:\/\/agora.xtec.cat\/escmarquesdelapobla\/wp-content\/uploads\/usu1682\/2021\/02\/Zoom-classe-1-1024x576.png 1024w\" sizes=\"auto, (max-width: 706px) 100vw, 706px\" \/><\/p>\n<p style=\"text-align: justify;\">Ja tots confinats en les nostres respectives habitacions, va arribar el dia 28 de gener, el dia en qu\u00e8 ens farien les PCRS. Hem de recon\u00e8ixer que se&#8217;ns va fer estrany el cam\u00ed a l&#8217;escola, ja que eren les 11:00 i tots els alumnes de l&#8217;escola menys la nostra classe, i una altra de quart que tamb\u00e9 estava confinada, estaven al pati jugant. En arribar a la part de davant de l&#8217;escola vam rebre, ni m\u00e9s ni menys que una gran ovaci\u00f3 i molts consells d&#8217;\u00e0nims i esperan\u00e7a per part dels nostres magn\u00edfics companys de 6\u00e8 B.<\/p>\n<p><!--more--><\/p>\n<p style=\"text-align: justify;\">Est\u00e0vem realment nerviosos quan ens dirigirem a la porta que donava a un passad\u00eds obert cap a l&#8217;edifici infantil, on es durien a terme les PCRS.<\/p>\n<p style=\"text-align: justify;\">Mentre, entre tots els companys i companyes de 6\u00e8 A, ens don\u00e0vem \u00e0nims i suport, anaven cridant per ordre de llista a tots els alumnes de la nostra classe per realitzar la PCR. Alguns est\u00e0vem entre nerviosos, espantats i preocupats, una estranya barreja de sentiments que ens donaven una certa inseguretat; d\u2019altres estaven molt m\u00e9s tranquils. Per\u00f2 vam agafar valor i vam caminar cap a la sala de m\u00fasica, el lloc on estaven situades les infermeres encarregades de fer les PCRS.<\/p>\n<p style=\"text-align: justify;\">Ens van col\u00b7locar un pal llarg i amb cot\u00f3 a les dues puntes, semblant al de les orelles per\u00f2 m\u00e9s llarg. Amb aquell pal estrany que cr\u00e8iem que cap de nosaltres havia vist mai, van realitzar les anomenades PCRS de les que tant heu sentit a parlar aquests dies. Vam haver de baixar-nos les mascaretes fins al nas i ens van fregar aquell pal cinc segons en cada fossa nasal. Va ser entre molest i estrany, ens feia una miqueta de pessigolles. Hem de recon\u00e8ixer que ho van fer molt b\u00e9 i, que si algun dia us arriben a fer PCRS com a nosaltres, no patiu, la majoria de coses que heu sentit, no s\u00f3n veritat, ho prometem.<\/p>\n<p style=\"text-align: justify;\">Aquests dies, hem fet classe &#8220;normal&#8221;, si \u00e9s que es pot dir aix\u00ed. Ens connectem a les 09:00 del mat\u00ed, com far\u00edem de no haver estat confinats. Durant mitja hora (09:00-09:30), el nostre tutor, el David, ens explica les tasques que hem de fer durant el mat\u00ed, que serien les tasques que far\u00edem si no estigu\u00e9ssim confinats. I a les 16:00 de la tarda, ens tornem a connectar durant mitja hora m\u00e9s (16:00-16:30), i corregim les tasques virtualment.<br \/>\nLa part positiva \u00e9s que podem dedicar m\u00e9s temps a les coses que ens agraden, com: Videojocs, llegir, mira s\u00e8ries i pelis, dormir, menjar, pintar i dibuixar, mirar instagram o snapchat, etc.<\/p>\n<p>Tamb\u00e9 estem comen\u00e7ant a pensar les consignes de carnestoltes!!!<\/p>\n<p><img loading=\"lazy\" decoding=\"async\" class=\" wp-image-8902 aligncenter\" src=\"https:\/\/agora.xtec.cat\/escmarquesdelapobla\/wp-content\/uploads\/usu1682\/2021\/02\/moodle-1.jpg\" alt=\"\" width=\"780\" height=\"321\" srcset=\"https:\/\/agora.xtec.cat\/escmarquesdelapobla\/wp-content\/uploads\/usu1682\/2021\/02\/moodle-1.jpg 1872w, https:\/\/agora.xtec.cat\/escmarquesdelapobla\/wp-content\/uploads\/usu1682\/2021\/02\/moodle-1-300x124.jpg 300w, https:\/\/agora.xtec.cat\/escmarquesdelapobla\/wp-content\/uploads\/usu1682\/2021\/02\/moodle-1-768x316.jpg 768w, https:\/\/agora.xtec.cat\/escmarquesdelapobla\/wp-content\/uploads\/usu1682\/2021\/02\/moodle-1-1024x422.jpg 1024w\" sizes=\"auto, (max-width: 780px) 100vw, 780px\" \/><\/p>\n<p style=\"text-align: justify;\">Aquesta \u00e9s la nostra hist\u00f2ria dels dies de confinament, hem sigut forts i els anem superant, espero que la nostra experi\u00e8ncia us faci reflexionar, ser m\u00e9s valents i lluitar perqu\u00e8 aix\u00f2 no es torni a repetir mai m\u00e9s.<\/p>\n<p style=\"text-align: justify;\">Molts \u00e0nims, valents i valentes!!!<\/p>\n","protected":false},"excerpt":{"rendered":"<p>Hola a tots i a totes, com ja deveu saber, far\u00e0 m\u00e9s o menys una setmana que la classe de 6\u00e8 A estem confinats. El darrer dimarts 26 de gener a la tarda, una miqueta abans de tornar al col\u00b7legi a les 3 de la tarda, ens van trucar per anunciar-nos que un company@ de [&hellip;]<\/p>\n","protected":false},"author":2,"featured_media":0,"comment_status":"open","ping_status":"closed","sticky":false,"template":"","format":"standard","meta":{"_bbp_topic_count":0,"_bbp_reply_count":0,"_bbp_total_topic_count":0,"_bbp_total_reply_count":0,"_bbp_voice_count":0,"_bbp_anonymous_reply_count":0,"_bbp_topic_count_hidden":0,"_bbp_reply_count_hidden":0,"_bbp_forum_subforum_count":0,"site-sidebar-layout":"default","site-content-layout":"","ast-site-content-layout":"","site-content-style":"default","site-sidebar-style":"default","ast-global-header-display":"","ast-banner-title-visibility":"","ast-main-header-display":"","ast-hfb-above-header-display":"","ast-hfb-below-header-display":"","ast-hfb-mobile-header-display":"","site-post-title":"","ast-breadcrumbs-content":"","ast-featured-img":"","footer-sml-layout":"","theme-transparent-header-meta":"","adv-header-id-meta":"","stick-header-meta":"","header-above-stick-meta":"","header-main-stick-meta":"","header-below-stick-meta":"","astra-migrate-meta-layouts":"default","ast-page-background-enabled":"default","ast-page-background-meta":{"desktop":{"background-color":"var(--ast-global-color-5)","background-image":"","background-repeat":"repeat","background-position":"center center","background-size":"auto","background-attachment":"scroll","background-type":"","background-media":"","overlay-type":"","overlay-color":"","overlay-opacity":"","overlay-gradient":""},"tablet":{"background-color":"","background-image":"","background-repeat":"repeat","background-position":"center center","background-size":"auto","background-attachment":"scroll","background-type":"","background-media":"","overlay-type":"","overlay-color":"","overlay-opacity":"","overlay-gradient":""},"mobile":{"background-color":"","background-image":"","background-repeat":"repeat","background-position":"center center","background-size":"auto","background-attachment":"scroll","background-type":"","background-media":"","overlay-type":"","overlay-color":"","overlay-opacity":"","overlay-gradient":""}},"ast-content-background-meta":{"desktop":{"background-color":"var(--ast-global-color-4)","background-image":"","background-repeat":"repeat","background-position":"center center","background-size":"auto","background-attachment":"scroll","background-type":"","background-media":"","overlay-type":"","overlay-color":"","overlay-opacity":"","overlay-gradient":""},"tablet":{"background-color":"var(--ast-global-color-4)","background-image":"","background-repeat":"repeat","background-position":"center center","background-size":"auto","background-attachment":"scroll","background-type":"","background-media":"","overlay-type":"","overlay-color":"","overlay-opacity":"","overlay-gradient":""},"mobile":{"background-color":"var(--ast-global-color-4)","background-image":"","background-repeat":"repeat","background-position":"center center","background-size":"auto","background-attachment":"scroll","background-type":"","background-media":"","overlay-type":"","overlay-color":"","overlay-opacity":"","overlay-gradient":""}},"footnotes":""},"categories":[5,133],"tags":[],"class_list":["post-8900","post","type-post","status-publish","format-standard","hentry","category-superior","category-p6"],"post_mailing_queue_ids":[],"_links":{"self":[{"href":"https:\/\/agora.xtec.cat\/escmarquesdelapobla\/wp-json\/wp\/v2\/posts\/8900","targetHints":{"allow":["GET"]}}],"collection":[{"href":"https:\/\/agora.xtec.cat\/escmarquesdelapobla\/wp-json\/wp\/v2\/posts"}],"about":[{"href":"https:\/\/agora.xtec.cat\/escmarquesdelapobla\/wp-json\/wp\/v2\/types\/post"}],"author":[{"embeddable":true,"href":"https:\/\/agora.xtec.cat\/escmarquesdelapobla\/wp-json\/wp\/v2\/users\/2"}],"replies":[{"embeddable":true,"href":"https:\/\/agora.xtec.cat\/escmarquesdelapobla\/wp-json\/wp\/v2\/comments?post=8900"}],"version-history":[{"count":1,"href":"https:\/\/agora.xtec.cat\/escmarquesdelapobla\/wp-json\/wp\/v2\/posts\/8900\/revisions"}],"predecessor-version":[{"id":8903,"href":"https:\/\/agora.xtec.cat\/escmarquesdelapobla\/wp-json\/wp\/v2\/posts\/8900\/revisions\/8903"}],"wp:attachment":[{"href":"https:\/\/agora.xtec.cat\/escmarquesdelapobla\/wp-json\/wp\/v2\/media?parent=8900"}],"wp:term":[{"taxonomy":"category","embeddable":true,"href":"https:\/\/agora.xtec.cat\/escmarquesdelapobla\/wp-json\/wp\/v2\/categories?post=8900"},{"taxonomy":"post_tag","embeddable":true,"href":"https:\/\/agora.xtec.cat\/escmarquesdelapobla\/wp-json\/wp\/v2\/tags?post=8900"}],"curies":[{"name":"wp","href":"https:\/\/api.w.org\/{rel}","templated":true}]}}