{"id":8835,"date":"2021-01-30T09:00:31","date_gmt":"2021-01-30T08:00:31","guid":{"rendered":"http:\/\/agora.xtec.cat\/escmarquesdelapobla\/?p=8835"},"modified":"2021-02-23T22:45:57","modified_gmt":"2021-02-23T21:45:57","slug":"dia-de-la-pau-2021","status":"publish","type":"post","link":"https:\/\/agora.xtec.cat\/escmarquesdelapobla\/infantil\/dia-de-la-pau-2021\/","title":{"rendered":"Dia de la Pau 2021"},"content":{"rendered":"<p style=\"text-align: justify;\">Ahir vam celebrar el dia de la pau i la no viol\u00e8ncia a l&#8217;escola. Novament hem trobat la manera de gaudir d&#8217;un dia tan especial seguint tots els protocols de seguretat.<\/p>\n<p style=\"text-align: justify;\">Ens vam trobar a la pista en dos torns diferents on vam parlar de pau, vam llegir els nostres desitjos per la pau al m\u00f3n i finalment vam cantar la can\u00e7\u00f3 <em><strong>El m\u00f3n seria m\u00e9s feli\u00e7<\/strong><\/em>. Els grups confinats tamb\u00e9 van poder participar. Gr\u00e0cies a la connexi\u00f3 per videoconfer\u00e8ncia ens han pogut veure, encara que fos virtualment, i cantar amb nosaltres!!<\/p>\n<p style=\"text-align: justify;\">Aqu\u00ed podeu veure algunes imatges del dia d&#8217;ahir, ens ho vam passar molt b\u00e9:<\/p>\n<p><a href=\"https:\/\/photos.app.goo.gl\/ZL42L6WnoJEx3JoE8\"><img loading=\"lazy\" decoding=\"async\" class=\"aligncenter\" src=\"https:\/\/lh3.googleusercontent.com\/pw\/ACtC-3d7fZ-pFPaStGxABgVYfg6d2GaovNJOanXu5oq_nzbdKLjrWqn5ldv_DjGZBy0Wi7rHFA5eBj3BeNf03zyRnu4_6LxGWfbjyrnADvCEAmoS-5q0GTfXCEqBjRZRKJ_iiHQiu1-eDDHxc-kxoSCZFQGGog=w1071-h804-no?authuser=2\" width=\"685\" height=\"514\" \/><\/a><\/p>\n<h3><em><strong>V\u00cdDEOS<\/strong><\/em><\/h3>\n<p><strong>Feu clic a les imatges<\/strong> dels coloms per veure els v\u00eddeos d&#8217;Educaci\u00f3 infantil i Cicle inicial, o b\u00e9 feu clic als s\u00edmbols de la pau per accedir als de Cicle Mitj\u00e0 i Superior. Esperem que us agradin!<\/p>\n<p><a href=\"https:\/\/youtu.be\/TRTyP8nl-3I\" target=\"_blank\" rel=\"noopener noreferrer\"><img loading=\"lazy\" decoding=\"async\" class=\"alignnone wp-image-8847\" src=\"https:\/\/agora.xtec.cat\/escmarquesdelapobla\/wp-content\/uploads\/usu1682\/2021\/01\/can\u00e7\u00f3petits.png\" alt=\"\" width=\"203\" height=\"168\" srcset=\"https:\/\/agora.xtec.cat\/escmarquesdelapobla\/wp-content\/uploads\/usu1682\/2021\/01\/can\u00e7\u00f3petits.png 740w, https:\/\/agora.xtec.cat\/escmarquesdelapobla\/wp-content\/uploads\/usu1682\/2021\/01\/can\u00e7\u00f3petits-300x250.png 300w\" sizes=\"auto, (max-width: 203px) 100vw, 203px\" \/><\/a>\u00a0<a href=\"https:\/\/youtu.be\/R3R-Yjnn2UI\" target=\"_blank\" rel=\"noopener noreferrer\"><img loading=\"lazy\" decoding=\"async\" class=\"alignnone wp-image-8848\" style=\"font-family: inherit; font-size: 1em;\" src=\"https:\/\/agora.xtec.cat\/escmarquesdelapobla\/wp-content\/uploads\/usu1682\/2021\/01\/can\u00e7\u00f3grans.png\" alt=\"\" width=\"169\" height=\"169\" srcset=\"https:\/\/agora.xtec.cat\/escmarquesdelapobla\/wp-content\/uploads\/usu1682\/2021\/01\/can\u00e7\u00f3grans.png 422w, https:\/\/agora.xtec.cat\/escmarquesdelapobla\/wp-content\/uploads\/usu1682\/2021\/01\/can\u00e7\u00f3grans-150x150.png 150w, https:\/\/agora.xtec.cat\/escmarquesdelapobla\/wp-content\/uploads\/usu1682\/2021\/01\/can\u00e7\u00f3grans-300x300.png 300w\" sizes=\"auto, (max-width: 169px) 100vw, 169px\" \/><\/a> <a href=\"https:\/\/youtu.be\/tUSpee3oJjs\" target=\"_blank\" rel=\"noopener noreferrer\"><img loading=\"lazy\" decoding=\"async\" class=\"alignnone wp-image-8845\" style=\"font-family: inherit; font-size: 1em;\" src=\"https:\/\/agora.xtec.cat\/escmarquesdelapobla\/wp-content\/uploads\/usu1682\/2021\/01\/emocionspetits.png\" alt=\"\" width=\"203\" height=\"168\" srcset=\"https:\/\/agora.xtec.cat\/escmarquesdelapobla\/wp-content\/uploads\/usu1682\/2021\/01\/emocionspetits.png 740w, https:\/\/agora.xtec.cat\/escmarquesdelapobla\/wp-content\/uploads\/usu1682\/2021\/01\/emocionspetits-300x250.png 300w\" sizes=\"auto, (max-width: 203px) 100vw, 203px\" \/><\/a> <a href=\"https:\/\/youtu.be\/yiHadB9XGW4\" target=\"_blank\" rel=\"noopener noreferrer\"><img loading=\"lazy\" decoding=\"async\" class=\"alignnone wp-image-8846\" style=\"font-family: inherit; font-size: 1em;\" src=\"https:\/\/agora.xtec.cat\/escmarquesdelapobla\/wp-content\/uploads\/usu1682\/2021\/01\/emocionsgrans.png\" alt=\"\" width=\"169\" height=\"169\" srcset=\"https:\/\/agora.xtec.cat\/escmarquesdelapobla\/wp-content\/uploads\/usu1682\/2021\/01\/emocionsgrans.png 422w, https:\/\/agora.xtec.cat\/escmarquesdelapobla\/wp-content\/uploads\/usu1682\/2021\/01\/emocionsgrans-150x150.png 150w, https:\/\/agora.xtec.cat\/escmarquesdelapobla\/wp-content\/uploads\/usu1682\/2021\/01\/emocionsgrans-300x300.png 300w\" sizes=\"auto, (max-width: 169px) 100vw, 169px\" \/><\/a><\/p>\n<p style=\"text-align: justify;\">Ens acomiadem amb les s\u00e0vies paraules de Mahatma Ghandi (1869-1948):<br \/>\n&#8220;<em>No hi ha cam\u00ed per a la pau, la pau \u00e9s el cam\u00ed.<\/em>&#8220;<\/p>\n","protected":false},"excerpt":{"rendered":"<p>Ahir vam celebrar el dia de la pau i la no viol\u00e8ncia a l&#8217;escola. Novament hem trobat la manera de gaudir d&#8217;un dia tan especial seguint tots els protocols de seguretat. Ens vam trobar a la pista en dos torns diferents on vam parlar de pau, vam llegir els nostres desitjos per la pau al [&hellip;]<\/p>\n","protected":false},"author":2,"featured_media":0,"comment_status":"open","ping_status":"closed","sticky":false,"template":"","format":"standard","meta":{"_bbp_topic_count":0,"_bbp_reply_count":0,"_bbp_total_topic_count":0,"_bbp_total_reply_count":0,"_bbp_voice_count":0,"_bbp_anonymous_reply_count":0,"_bbp_topic_count_hidden":0,"_bbp_reply_count_hidden":0,"_bbp_forum_subforum_count":0,"site-sidebar-layout":"default","site-content-layout":"","ast-site-content-layout":"","site-content-style":"default","site-sidebar-style":"default","ast-global-header-display":"","ast-banner-title-visibility":"","ast-main-header-display":"","ast-hfb-above-header-display":"","ast-hfb-below-header-display":"","ast-hfb-mobile-header-display":"","site-post-title":"","ast-breadcrumbs-content":"","ast-featured-img":"","footer-sml-layout":"","theme-transparent-header-meta":"","adv-header-id-meta":"","stick-header-meta":"","header-above-stick-meta":"","header-main-stick-meta":"","header-below-stick-meta":"","astra-migrate-meta-layouts":"default","ast-page-background-enabled":"default","ast-page-background-meta":{"desktop":{"background-color":"var(--ast-global-color-5)","background-image":"","background-repeat":"repeat","background-position":"center center","background-size":"auto","background-attachment":"scroll","background-type":"","background-media":"","overlay-type":"","overlay-color":"","overlay-opacity":"","overlay-gradient":""},"tablet":{"background-color":"","background-image":"","background-repeat":"repeat","background-position":"center center","background-size":"auto","background-attachment":"scroll","background-type":"","background-media":"","overlay-type":"","overlay-color":"","overlay-opacity":"","overlay-gradient":""},"mobile":{"background-color":"","background-image":"","background-repeat":"repeat","background-position":"center center","background-size":"auto","background-attachment":"scroll","background-type":"","background-media":"","overlay-type":"","overlay-color":"","overlay-opacity":"","overlay-gradient":""}},"ast-content-background-meta":{"desktop":{"background-color":"var(--ast-global-color-4)","background-image":"","background-repeat":"repeat","background-position":"center center","background-size":"auto","background-attachment":"scroll","background-type":"","background-media":"","overlay-type":"","overlay-color":"","overlay-opacity":"","overlay-gradient":""},"tablet":{"background-color":"var(--ast-global-color-4)","background-image":"","background-repeat":"repeat","background-position":"center center","background-size":"auto","background-attachment":"scroll","background-type":"","background-media":"","overlay-type":"","overlay-color":"","overlay-opacity":"","overlay-gradient":""},"mobile":{"background-color":"var(--ast-global-color-4)","background-image":"","background-repeat":"repeat","background-position":"center center","background-size":"auto","background-attachment":"scroll","background-type":"","background-media":"","overlay-type":"","overlay-color":"","overlay-opacity":"","overlay-gradient":""}},"footnotes":""},"categories":[55,64,65,5,228,2,126,171],"tags":[238,223],"class_list":["post-8835","post","type-post","status-publish","format-standard","hentry","category-celebracions","category-inicial","category-mitja","category-superior","category-dia-de-la-pau","category-infantil","category-musica","category-tauler-principal","tag-dia-pau","tag-lescola"],"post_mailing_queue_ids":[],"_links":{"self":[{"href":"https:\/\/agora.xtec.cat\/escmarquesdelapobla\/wp-json\/wp\/v2\/posts\/8835","targetHints":{"allow":["GET"]}}],"collection":[{"href":"https:\/\/agora.xtec.cat\/escmarquesdelapobla\/wp-json\/wp\/v2\/posts"}],"about":[{"href":"https:\/\/agora.xtec.cat\/escmarquesdelapobla\/wp-json\/wp\/v2\/types\/post"}],"author":[{"embeddable":true,"href":"https:\/\/agora.xtec.cat\/escmarquesdelapobla\/wp-json\/wp\/v2\/users\/2"}],"replies":[{"embeddable":true,"href":"https:\/\/agora.xtec.cat\/escmarquesdelapobla\/wp-json\/wp\/v2\/comments?post=8835"}],"version-history":[{"count":3,"href":"https:\/\/agora.xtec.cat\/escmarquesdelapobla\/wp-json\/wp\/v2\/posts\/8835\/revisions"}],"predecessor-version":[{"id":8879,"href":"https:\/\/agora.xtec.cat\/escmarquesdelapobla\/wp-json\/wp\/v2\/posts\/8835\/revisions\/8879"}],"wp:attachment":[{"href":"https:\/\/agora.xtec.cat\/escmarquesdelapobla\/wp-json\/wp\/v2\/media?parent=8835"}],"wp:term":[{"taxonomy":"category","embeddable":true,"href":"https:\/\/agora.xtec.cat\/escmarquesdelapobla\/wp-json\/wp\/v2\/categories?post=8835"},{"taxonomy":"post_tag","embeddable":true,"href":"https:\/\/agora.xtec.cat\/escmarquesdelapobla\/wp-json\/wp\/v2\/tags?post=8835"}],"curies":[{"name":"wp","href":"https:\/\/api.w.org\/{rel}","templated":true}]}}