{"id":8830,"date":"2021-01-26T14:16:58","date_gmt":"2021-01-26T13:16:58","guid":{"rendered":"http:\/\/agora.xtec.cat\/escmarquesdelapobla\/?p=8830"},"modified":"2021-01-26T14:16:58","modified_gmt":"2021-01-26T13:16:58","slug":"consell-dinfants-a-5e-i-6e","status":"publish","type":"post","link":"https:\/\/agora.xtec.cat\/escmarquesdelapobla\/superior\/consell-dinfants-a-5e-i-6e\/","title":{"rendered":"Consell d&#8217;infants a 5\u00e8 i 6\u00e8"},"content":{"rendered":"<p class=\"MsoNormal\" style=\"text-align: justify;\"><span style=\"mso-ansi-language: ES;\">Un any m\u00e9s els i les alumnes de 5\u00e8 i 6\u00e8 de l&#8217;escola ens hem sumat a la inicitiva de l\u2019Ajuntament de Capellades i tornem a formar part del Consell d\u2019Infants del poble. <\/span><\/p>\n<p class=\"MsoNormal\" style=\"text-align: justify;\"><span style=\"mso-ansi-language: ES;\">El Consell d\u2019Infants \u00e9s l\u2019espai on els nens i nenes de Cicle Superior de les escoles del poble, elegits per les seves classes, fem de portaveus d\u2019all\u00f2 que volem canviar i\/o millorar del poble i que ens afecta o involucra directament. Tota una oportunitat de participar en la vida del poble!<\/span><\/p>\n<p><a href=\"https:\/\/photos.app.goo.gl\/o8wQYGPEHpCyKaUE9\"><img loading=\"lazy\" decoding=\"async\" class=\"aligncenter\" src=\"https:\/\/lh3.googleusercontent.com\/R0I_AdNEFeVGqMC_J1yRjIVoWEQIOPtkTLmoJJWgkeOl5a4YPTEBhkYNmiESm0pmax_svqH-xPVZHEJoNnbwXOkzvwucpEkWgvLtOxHWn0fu2dZP2p6kfRxGuKDjdcPwtc3GlyK06es1AV6WhSYDBasiHSBLg52PXZOYiF9DttQH_gJSnmHnJa15-x5mPtuAy1ElqqhDvZm2EATIzdcfwRSpPnovuD8LNs5RApVA99RWNA1COuYRxsHZa02K09GphB747SoRrLRG1lrizpRDKuBL3tcwAV9McgG3jqNbNJ_qKuZMuul8CnihgSRlJoWh7O4SSHQMVYwpiP4x57n7v3UsNzVM7UjBv4UrfR6fGt_fij0IxoAlVlCoshUAkp43yCOxAf7o4XINHAtmzzILgmVNdQJ_39gtNY5-TJjinmt_go7l9u2P6ZrElP61BLRj7pxT4R1qO-zvbdcMAeyU36DdO-cMdnn8YgcxBbjKG2Q3CmdoJy7X6lm7bgbwF8SPvTRrpVNMHw3c0Bh5EJhfkgG4gOJQQLzXrRf1WVvVU4xf5aQpH3Ge9DhWRMw8aoSJTREGdoPQm6Raw8tnyDI6LlukQFs7yJDfQx-XE_ll82_AYqKgRMJxgf_KPHKsV1IFk2jnfQTfahmtT5qaKlAetjo53_uApNmB_AkZjEl6w_fjxr7i5UDt4THzo8Ti2OA=w920-h690-no?authuser=5\" width=\"531\" height=\"398\" \/><\/a><\/p>\n<p>Aqu\u00ed podeu veure algunes fotos de quan vam fer la primera sessi\u00f3. Ja us anirem explicant com van les trobades per Meet dels consellers i conselleres. Fins aviat!<\/p>\n<p>&nbsp;<\/p>\n","protected":false},"excerpt":{"rendered":"<p>Un any m\u00e9s els i les alumnes de 5\u00e8 i 6\u00e8 de l&#8217;escola ens hem sumat a la inicitiva de l\u2019Ajuntament de Capellades i tornem a formar part del Consell d\u2019Infants del poble. El Consell d\u2019Infants \u00e9s l\u2019espai on els nens i nenes de Cicle Superior de les escoles del poble, elegits per les seves [&hellip;]<\/p>\n","protected":false},"author":2,"featured_media":0,"comment_status":"open","ping_status":"closed","sticky":false,"template":"","format":"standard","meta":{"_bbp_topic_count":0,"_bbp_reply_count":0,"_bbp_total_topic_count":0,"_bbp_total_reply_count":0,"_bbp_voice_count":0,"_bbp_anonymous_reply_count":0,"_bbp_topic_count_hidden":0,"_bbp_reply_count_hidden":0,"_bbp_forum_subforum_count":0,"site-sidebar-layout":"default","site-content-layout":"","ast-site-content-layout":"","site-content-style":"default","site-sidebar-style":"default","ast-global-header-display":"","ast-banner-title-visibility":"","ast-main-header-display":"","ast-hfb-above-header-display":"","ast-hfb-below-header-display":"","ast-hfb-mobile-header-display":"","site-post-title":"","ast-breadcrumbs-content":"","ast-featured-img":"","footer-sml-layout":"","theme-transparent-header-meta":"","adv-header-id-meta":"","stick-header-meta":"","header-above-stick-meta":"","header-main-stick-meta":"","header-below-stick-meta":"","astra-migrate-meta-layouts":"default","ast-page-background-enabled":"default","ast-page-background-meta":{"desktop":{"background-color":"var(--ast-global-color-5)","background-image":"","background-repeat":"repeat","background-position":"center center","background-size":"auto","background-attachment":"scroll","background-type":"","background-media":"","overlay-type":"","overlay-color":"","overlay-opacity":"","overlay-gradient":""},"tablet":{"background-color":"","background-image":"","background-repeat":"repeat","background-position":"center center","background-size":"auto","background-attachment":"scroll","background-type":"","background-media":"","overlay-type":"","overlay-color":"","overlay-opacity":"","overlay-gradient":""},"mobile":{"background-color":"","background-image":"","background-repeat":"repeat","background-position":"center center","background-size":"auto","background-attachment":"scroll","background-type":"","background-media":"","overlay-type":"","overlay-color":"","overlay-opacity":"","overlay-gradient":""}},"ast-content-background-meta":{"desktop":{"background-color":"var(--ast-global-color-4)","background-image":"","background-repeat":"repeat","background-position":"center center","background-size":"auto","background-attachment":"scroll","background-type":"","background-media":"","overlay-type":"","overlay-color":"","overlay-opacity":"","overlay-gradient":""},"tablet":{"background-color":"var(--ast-global-color-4)","background-image":"","background-repeat":"repeat","background-position":"center center","background-size":"auto","background-attachment":"scroll","background-type":"","background-media":"","overlay-type":"","overlay-color":"","overlay-opacity":"","overlay-gradient":""},"mobile":{"background-color":"var(--ast-global-color-4)","background-image":"","background-repeat":"repeat","background-position":"center center","background-size":"auto","background-attachment":"scroll","background-type":"","background-media":"","overlay-type":"","overlay-color":"","overlay-opacity":"","overlay-gradient":""}},"footnotes":""},"categories":[5,14,133],"tags":[],"class_list":["post-8830","post","type-post","status-publish","format-standard","hentry","category-superior","category-p5","category-p6"],"post_mailing_queue_ids":[],"_links":{"self":[{"href":"https:\/\/agora.xtec.cat\/escmarquesdelapobla\/wp-json\/wp\/v2\/posts\/8830","targetHints":{"allow":["GET"]}}],"collection":[{"href":"https:\/\/agora.xtec.cat\/escmarquesdelapobla\/wp-json\/wp\/v2\/posts"}],"about":[{"href":"https:\/\/agora.xtec.cat\/escmarquesdelapobla\/wp-json\/wp\/v2\/types\/post"}],"author":[{"embeddable":true,"href":"https:\/\/agora.xtec.cat\/escmarquesdelapobla\/wp-json\/wp\/v2\/users\/2"}],"replies":[{"embeddable":true,"href":"https:\/\/agora.xtec.cat\/escmarquesdelapobla\/wp-json\/wp\/v2\/comments?post=8830"}],"version-history":[{"count":2,"href":"https:\/\/agora.xtec.cat\/escmarquesdelapobla\/wp-json\/wp\/v2\/posts\/8830\/revisions"}],"predecessor-version":[{"id":8832,"href":"https:\/\/agora.xtec.cat\/escmarquesdelapobla\/wp-json\/wp\/v2\/posts\/8830\/revisions\/8832"}],"wp:attachment":[{"href":"https:\/\/agora.xtec.cat\/escmarquesdelapobla\/wp-json\/wp\/v2\/media?parent=8830"}],"wp:term":[{"taxonomy":"category","embeddable":true,"href":"https:\/\/agora.xtec.cat\/escmarquesdelapobla\/wp-json\/wp\/v2\/categories?post=8830"},{"taxonomy":"post_tag","embeddable":true,"href":"https:\/\/agora.xtec.cat\/escmarquesdelapobla\/wp-json\/wp\/v2\/tags?post=8830"}],"curies":[{"name":"wp","href":"https:\/\/api.w.org\/{rel}","templated":true}]}}