{"id":8789,"date":"2021-01-16T13:18:07","date_gmt":"2021-01-16T12:18:07","guid":{"rendered":"http:\/\/agora.xtec.cat\/escmarquesdelapobla\/?p=8789"},"modified":"2021-01-16T13:19:46","modified_gmt":"2021-01-16T12:19:46","slug":"cacadors-de-linies","status":"publish","type":"post","link":"https:\/\/agora.xtec.cat\/escmarquesdelapobla\/superior\/cacadors-de-linies\/","title":{"rendered":"Ca\u00e7adors\/es de l\u00ednies"},"content":{"rendered":"<p style=\"text-align: justify;\">Aquesta setmana els alumnes dels tres grups de cinqu\u00e8 vam comen\u00e7ar el tema <strong>Vivim entre l\u00ednies <\/strong>de matem\u00e0tques. El dimecres vam estar una bona estona estudiant a classe les <strong>rectes paral\u00b7leles<\/strong> (no es tallen mai), <strong>secants<\/strong> (es tallen en un punt) i <strong>perpendiculars<\/strong> (es tallen en un punt formant angles de 90\u00ba) amb les nostres tutores.<\/p>\n<p style=\"text-align: justify;\">Despr\u00e9s, vam sortir al pati de l&#8217;escola per buscar l\u00ednies! N&#8217;hi havien per tot arreu, sobretot a la pista grisa!!!<\/p>\n<p><a href=\"https:\/\/photos.app.goo.gl\/Xf81oupp8gMJPnAx5\"><img loading=\"lazy\" decoding=\"async\" class=\" aligncenter\" src=\"https:\/\/lh3.googleusercontent.com\/yLbC0Ge4FfMyBxfUYy8MqL2xU3X327yDJRr5RCaLukZq9ve6MuQ7jsnQgVjnUh-Nmhp9hAlQbQzVBGDaC3MaIk3leFjWngyJJpG6yjwsxsZGPUF6cgZbW5STfW3Fftd5gsOX7iR718LvOzQlTLRQQyITKu-fuzyPSBgWwHOZtQINojJQi1uo4a40DMORzoLJWtgYBQg2P6PKZ7GzpFAxMDSu18gSZkHMt3ESwPA2Mct9byqHpYQMZAUbRHyH7in0DUq9p_DcY8C41hAgdfqIwN1de-5zMNbtAeyPt7Zr34_llTSr0lcPSRLpdZDf2SNnNni_FLHMWLgJThUw0XZ6wfaPBaAffxkk_c9ZsOCIq62FcDEmXdz-rJ645JTQ5eWjveXc3lX9pVSkiQM1lJWDOwcTGzb4Rv8ElKZFMpsnSMJxmGRE4wZU8lLsDtVTponpGLRjBFEzJFdAqLYiiDMTo1JXGLZBoPNKjdEE629RRnX6RhKD7EPTnKD7tuHCZxldGjjFMFRn6QA5OAIfEM4fyCvMM9p_bdTG9nFLnPuaV7T4IEtBEAzftUw24iej4XbyGTTI-jZ5CWF5N9MVioGX9ztMjGXOkmc-uH7P8s_0Ro1w90CTWZoFqXxyKst7c9-DqbHQaU8ch5iJEWWylzqCCeg8lXBmG8tMyA2WFYIztG0MD0nP7p-IkeeeW_VYelc=w1216-h912-no?authuser=4\" width=\"674\" height=\"504\" \/><\/a><\/p>\n<p style=\"text-align: justify;\">Despr\u00e9s vam anar al parc de La Bassa a fer el pati. Va ser un mat\u00ed molt divertit.<\/p>\n<p>&nbsp;<\/p>\n","protected":false},"excerpt":{"rendered":"<p>Aquesta setmana els alumnes dels tres grups de cinqu\u00e8 vam comen\u00e7ar el tema Vivim entre l\u00ednies de matem\u00e0tques. El dimecres vam estar una bona estona estudiant a classe les rectes paral\u00b7leles (no es tallen mai), secants (es tallen en un punt) i perpendiculars (es tallen en un punt formant angles de 90\u00ba) amb les nostres [&hellip;]<\/p>\n","protected":false},"author":1,"featured_media":0,"comment_status":"open","ping_status":"closed","sticky":false,"template":"","format":"standard","meta":{"_bbp_topic_count":0,"_bbp_reply_count":0,"_bbp_total_topic_count":0,"_bbp_total_reply_count":0,"_bbp_voice_count":0,"_bbp_anonymous_reply_count":0,"_bbp_topic_count_hidden":0,"_bbp_reply_count_hidden":0,"_bbp_forum_subforum_count":0,"site-sidebar-layout":"default","site-content-layout":"","ast-site-content-layout":"","site-content-style":"default","site-sidebar-style":"default","ast-global-header-display":"","ast-banner-title-visibility":"","ast-main-header-display":"","ast-hfb-above-header-display":"","ast-hfb-below-header-display":"","ast-hfb-mobile-header-display":"","site-post-title":"","ast-breadcrumbs-content":"","ast-featured-img":"","footer-sml-layout":"","theme-transparent-header-meta":"","adv-header-id-meta":"","stick-header-meta":"","header-above-stick-meta":"","header-main-stick-meta":"","header-below-stick-meta":"","astra-migrate-meta-layouts":"default","ast-page-background-enabled":"default","ast-page-background-meta":{"desktop":{"background-color":"var(--ast-global-color-5)","background-image":"","background-repeat":"repeat","background-position":"center center","background-size":"auto","background-attachment":"scroll","background-type":"","background-media":"","overlay-type":"","overlay-color":"","overlay-opacity":"","overlay-gradient":""},"tablet":{"background-color":"","background-image":"","background-repeat":"repeat","background-position":"center center","background-size":"auto","background-attachment":"scroll","background-type":"","background-media":"","overlay-type":"","overlay-color":"","overlay-opacity":"","overlay-gradient":""},"mobile":{"background-color":"","background-image":"","background-repeat":"repeat","background-position":"center center","background-size":"auto","background-attachment":"scroll","background-type":"","background-media":"","overlay-type":"","overlay-color":"","overlay-opacity":"","overlay-gradient":""}},"ast-content-background-meta":{"desktop":{"background-color":"var(--ast-global-color-4)","background-image":"","background-repeat":"repeat","background-position":"center center","background-size":"auto","background-attachment":"scroll","background-type":"","background-media":"","overlay-type":"","overlay-color":"","overlay-opacity":"","overlay-gradient":""},"tablet":{"background-color":"var(--ast-global-color-4)","background-image":"","background-repeat":"repeat","background-position":"center center","background-size":"auto","background-attachment":"scroll","background-type":"","background-media":"","overlay-type":"","overlay-color":"","overlay-opacity":"","overlay-gradient":""},"mobile":{"background-color":"var(--ast-global-color-4)","background-image":"","background-repeat":"repeat","background-position":"center center","background-size":"auto","background-attachment":"scroll","background-type":"","background-media":"","overlay-type":"","overlay-color":"","overlay-opacity":"","overlay-gradient":""}},"footnotes":""},"categories":[5,14,74],"tags":[210],"class_list":["post-8789","post","type-post","status-publish","format-standard","hentry","category-superior","category-p5","category-sortides","tag-sortides"],"post_mailing_queue_ids":[],"_links":{"self":[{"href":"https:\/\/agora.xtec.cat\/escmarquesdelapobla\/wp-json\/wp\/v2\/posts\/8789","targetHints":{"allow":["GET"]}}],"collection":[{"href":"https:\/\/agora.xtec.cat\/escmarquesdelapobla\/wp-json\/wp\/v2\/posts"}],"about":[{"href":"https:\/\/agora.xtec.cat\/escmarquesdelapobla\/wp-json\/wp\/v2\/types\/post"}],"author":[{"embeddable":true,"href":"https:\/\/agora.xtec.cat\/escmarquesdelapobla\/wp-json\/wp\/v2\/users\/1"}],"replies":[{"embeddable":true,"href":"https:\/\/agora.xtec.cat\/escmarquesdelapobla\/wp-json\/wp\/v2\/comments?post=8789"}],"version-history":[{"count":3,"href":"https:\/\/agora.xtec.cat\/escmarquesdelapobla\/wp-json\/wp\/v2\/posts\/8789\/revisions"}],"predecessor-version":[{"id":8793,"href":"https:\/\/agora.xtec.cat\/escmarquesdelapobla\/wp-json\/wp\/v2\/posts\/8789\/revisions\/8793"}],"wp:attachment":[{"href":"https:\/\/agora.xtec.cat\/escmarquesdelapobla\/wp-json\/wp\/v2\/media?parent=8789"}],"wp:term":[{"taxonomy":"category","embeddable":true,"href":"https:\/\/agora.xtec.cat\/escmarquesdelapobla\/wp-json\/wp\/v2\/categories?post=8789"},{"taxonomy":"post_tag","embeddable":true,"href":"https:\/\/agora.xtec.cat\/escmarquesdelapobla\/wp-json\/wp\/v2\/tags?post=8789"}],"curies":[{"name":"wp","href":"https:\/\/api.w.org\/{rel}","templated":true}]}}