{"id":8782,"date":"2021-01-16T09:58:30","date_gmt":"2021-01-16T08:58:30","guid":{"rendered":"http:\/\/agora.xtec.cat\/escmarquesdelapobla\/?p=8782"},"modified":"2021-01-27T14:12:41","modified_gmt":"2021-01-27T13:12:41","slug":"situacio-excepcional-al-menjador","status":"publish","type":"post","link":"https:\/\/agora.xtec.cat\/escmarquesdelapobla\/menjador\/situacio-excepcional-al-menjador\/","title":{"rendered":"Situaci\u00f3 excepcional al menjador"},"content":{"rendered":"<p style=\"text-align: justify;\"><strong>ACTUALITZACI\u00d3 <\/strong>(18-1-2021): De cara als propers dies se servir\u00e0 menjar transportat en l\u00ednia calenta des de la seu central (plates t\u00e8rmiques) i els men\u00fas seran diferents als habituals.<\/p>\n<p><strong>ACTUALITZACI\u00d3 <\/strong>(19-1-2021): Adjuntem el men\u00fa que ens ha fet arribar l&#8217;empresa de menjador per aquesta setmana de forma excepcional. Disculpeu les mol\u00e8sties.<\/p>\n<p><img loading=\"lazy\" decoding=\"async\" class=\"alignnone size-full wp-image-8813\" src=\"https:\/\/agora.xtec.cat\/escmarquesdelapobla\/wp-content\/uploads\/usu1682\/2021\/01\/men\u00fa-provisional.png\" alt=\"\" width=\"1666\" height=\"401\" srcset=\"https:\/\/agora.xtec.cat\/escmarquesdelapobla\/wp-content\/uploads\/usu1682\/2021\/01\/men\u00fa-provisional.png 1666w, https:\/\/agora.xtec.cat\/escmarquesdelapobla\/wp-content\/uploads\/usu1682\/2021\/01\/men\u00fa-provisional-300x72.png 300w, https:\/\/agora.xtec.cat\/escmarquesdelapobla\/wp-content\/uploads\/usu1682\/2021\/01\/men\u00fa-provisional-768x185.png 768w, https:\/\/agora.xtec.cat\/escmarquesdelapobla\/wp-content\/uploads\/usu1682\/2021\/01\/men\u00fa-provisional-1024x246.png 1024w\" sizes=\"auto, (max-width: 1666px) 100vw, 1666px\" \/><\/p>\n<p style=\"text-align: justify;\">Benvolgudes fam\u00edlies,<\/p>\n<p style=\"text-align: justify;\">Us informem de la situaci\u00f3 del menjador un cop resolt l&#8217;imprevist i organitzat pels propers dies.<\/p>\n<p style=\"text-align: justify;\">Dimarts van informar una persona del servei de menjador que era contacte d&#8217;un positiu. Va assistir al centre m\u00e8dic a fer el test i va resultar ser tamb\u00e9 positiva. Des de dimarts no ha assistit a l&#8217;escola. Quan dijous vam con\u00e8ixer el resultat, vam establir el protocol que coneixem i per aix\u00f2 les persones que s\u00f3n contacte directe d&#8217;ella tamb\u00e9 van marxar cap a casa seva a l&#8217;espera de la citaci\u00f3 per fer la prova.<\/p>\n<p style=\"text-align: justify;\">Aix\u00ed doncs, dijous als volts de dos quarts d&#8217;una, tres persones van abandonar l&#8217;escola i el servei de menjador va transc\u00f3rrer amb una aproximada normalitat, ja que la resta de personal del menjador van continuar a la feina i alguns mestres vam donar suport per cobrir les necessitats del dinar i esbarjo i el menjar a servir ja estava preparat. Avui divendres els han fet la prova i en el moment de penjar aquest comunicat no sabem el resultat.<\/p>\n<p style=\"text-align: justify;\">El servei d&#8217;epidemiologia a qui vam consultar ens diu que no hi ha hagut contacte directe amb els nens i nenes perqu\u00e8 sempre s&#8217;ha mantingut dist\u00e0ncia de seguretat i s&#8217;ha treballat amb la mascareta posada en tot moment. L&#8217;estona d&#8217;interior de menjador \u00e9s molt curta i hi ha adequada ventilaci\u00f3.<\/p>\n<p style=\"text-align: justify;\">Aquestes 4 persones estaran 10 dies sense venir a l&#8217;escola, confinades a casa, tan si resulten positiu com negatiu en el test.<\/p>\n<p style=\"text-align: justify;\">Pel que refereix al dinar de divendres, l&#8217;empresa ha portat un men\u00fa semblant al que ten\u00edem programat, preparat a una cuina Eurest i s&#8217;ha servit des de recipients t\u00e8rmics a la temperatura correcta. Hi ha hagut una dotaci\u00f3 extra de personal i el servei s&#8217;ha resolt amb l&#8217;adequada atenci\u00f3 als vostres fills i filles.<\/p>\n<p style=\"text-align: justify;\">De cara als propers dies l&#8217;empresa est\u00e0 buscant la millor manera de donar el servei i ara mateix no us podem confirmar si continuarem amb el sistema de termos o si vindr\u00e0 personal de cuina a l&#8217;escola, us avancem que els men\u00fas poden sofrir alguna variaci\u00f3 encara que s&#8217;intentar\u00e0 que sigui m\u00ednima.<\/p>\n<p style=\"text-align: justify;\">Dijous a la tarda vam comunicar als membres de la comissi\u00f3 de menjador del Consell Escolar la situaci\u00f3 en aquell moment a l&#8217;espera de com anirien avan\u00e7ant els esdeveniments i una vegada us podem donar m\u00e9s informaci\u00f3 ens comuniquem amb vosaltres, tamb\u00e9 des de la provisionalitat, amb l&#8217;objectiu de transmetre-us el m\u00e0xim de tranquil\u00b7litat.<\/p>\n<p style=\"text-align: justify;\">Fam\u00edlies, aquest \u00e9s el moment que ens ha tocat viure, tots estem exposats a aquest virus.<br \/>\nDes de l&#8217;escola extremem les precaucions, tan a les hores lectives com les de menjador i continuarem fent-ho.<br \/>\nAgra\u00efm a l&#8217;empresa Eurest, responsable del menjador la gesti\u00f3 d&#8217;aquests dies i tamb\u00e9 a vosaltres la comprensi\u00f3 davant aquests fets.<\/p>\n<p style=\"text-align: justify;\">Cuidem-nos molt.<\/p>\n","protected":false},"excerpt":{"rendered":"<p>ACTUALITZACI\u00d3 (18-1-2021): De cara als propers dies se servir\u00e0 menjar transportat en l\u00ednia calenta des de la seu central (plates t\u00e8rmiques) i els men\u00fas seran diferents als habituals. ACTUALITZACI\u00d3 (19-1-2021): Adjuntem el men\u00fa que ens ha fet arribar l&#8217;empresa de menjador per aquesta setmana de forma excepcional. Disculpeu les mol\u00e8sties. Benvolgudes fam\u00edlies, Us informem de [&hellip;]<\/p>\n","protected":false},"author":1,"featured_media":0,"comment_status":"open","ping_status":"closed","sticky":false,"template":"","format":"standard","meta":{"_bbp_topic_count":0,"_bbp_reply_count":0,"_bbp_total_topic_count":0,"_bbp_total_reply_count":0,"_bbp_voice_count":0,"_bbp_anonymous_reply_count":0,"_bbp_topic_count_hidden":0,"_bbp_reply_count_hidden":0,"_bbp_forum_subforum_count":0,"site-sidebar-layout":"default","site-content-layout":"","ast-site-content-layout":"","site-content-style":"default","site-sidebar-style":"default","ast-global-header-display":"","ast-banner-title-visibility":"","ast-main-header-display":"","ast-hfb-above-header-display":"","ast-hfb-below-header-display":"","ast-hfb-mobile-header-display":"","site-post-title":"","ast-breadcrumbs-content":"","ast-featured-img":"","footer-sml-layout":"","theme-transparent-header-meta":"","adv-header-id-meta":"","stick-header-meta":"","header-above-stick-meta":"","header-main-stick-meta":"","header-below-stick-meta":"","astra-migrate-meta-layouts":"default","ast-page-background-enabled":"default","ast-page-background-meta":{"desktop":{"background-color":"var(--ast-global-color-5)","background-image":"","background-repeat":"repeat","background-position":"center center","background-size":"auto","background-attachment":"scroll","background-type":"","background-media":"","overlay-type":"","overlay-color":"","overlay-opacity":"","overlay-gradient":""},"tablet":{"background-color":"","background-image":"","background-repeat":"repeat","background-position":"center center","background-size":"auto","background-attachment":"scroll","background-type":"","background-media":"","overlay-type":"","overlay-color":"","overlay-opacity":"","overlay-gradient":""},"mobile":{"background-color":"","background-image":"","background-repeat":"repeat","background-position":"center center","background-size":"auto","background-attachment":"scroll","background-type":"","background-media":"","overlay-type":"","overlay-color":"","overlay-opacity":"","overlay-gradient":""}},"ast-content-background-meta":{"desktop":{"background-color":"var(--ast-global-color-4)","background-image":"","background-repeat":"repeat","background-position":"center center","background-size":"auto","background-attachment":"scroll","background-type":"","background-media":"","overlay-type":"","overlay-color":"","overlay-opacity":"","overlay-gradient":""},"tablet":{"background-color":"var(--ast-global-color-4)","background-image":"","background-repeat":"repeat","background-position":"center center","background-size":"auto","background-attachment":"scroll","background-type":"","background-media":"","overlay-type":"","overlay-color":"","overlay-opacity":"","overlay-gradient":""},"mobile":{"background-color":"var(--ast-global-color-4)","background-image":"","background-repeat":"repeat","background-position":"center center","background-size":"auto","background-attachment":"scroll","background-type":"","background-media":"","overlay-type":"","overlay-color":"","overlay-opacity":"","overlay-gradient":""}},"footnotes":""},"categories":[79,61],"tags":[206],"class_list":["post-8782","post","type-post","status-publish","format-standard","hentry","category-info","category-menjador","tag-info"],"post_mailing_queue_ids":[],"_links":{"self":[{"href":"https:\/\/agora.xtec.cat\/escmarquesdelapobla\/wp-json\/wp\/v2\/posts\/8782","targetHints":{"allow":["GET"]}}],"collection":[{"href":"https:\/\/agora.xtec.cat\/escmarquesdelapobla\/wp-json\/wp\/v2\/posts"}],"about":[{"href":"https:\/\/agora.xtec.cat\/escmarquesdelapobla\/wp-json\/wp\/v2\/types\/post"}],"author":[{"embeddable":true,"href":"https:\/\/agora.xtec.cat\/escmarquesdelapobla\/wp-json\/wp\/v2\/users\/1"}],"replies":[{"embeddable":true,"href":"https:\/\/agora.xtec.cat\/escmarquesdelapobla\/wp-json\/wp\/v2\/comments?post=8782"}],"version-history":[{"count":4,"href":"https:\/\/agora.xtec.cat\/escmarquesdelapobla\/wp-json\/wp\/v2\/posts\/8782\/revisions"}],"predecessor-version":[{"id":8815,"href":"https:\/\/agora.xtec.cat\/escmarquesdelapobla\/wp-json\/wp\/v2\/posts\/8782\/revisions\/8815"}],"wp:attachment":[{"href":"https:\/\/agora.xtec.cat\/escmarquesdelapobla\/wp-json\/wp\/v2\/media?parent=8782"}],"wp:term":[{"taxonomy":"category","embeddable":true,"href":"https:\/\/agora.xtec.cat\/escmarquesdelapobla\/wp-json\/wp\/v2\/categories?post=8782"},{"taxonomy":"post_tag","embeddable":true,"href":"https:\/\/agora.xtec.cat\/escmarquesdelapobla\/wp-json\/wp\/v2\/tags?post=8782"}],"curies":[{"name":"wp","href":"https:\/\/api.w.org\/{rel}","templated":true}]}}