{"id":8670,"date":"2020-12-18T14:36:05","date_gmt":"2020-12-18T13:36:05","guid":{"rendered":"http:\/\/agora.xtec.cat\/escmarquesdelapobla\/?p=8670"},"modified":"2020-12-18T14:36:24","modified_gmt":"2020-12-18T13:36:24","slug":"cantem-els-nicolaus-i-les-llucies","status":"publish","type":"post","link":"https:\/\/agora.xtec.cat\/escmarquesdelapobla\/celebracions\/cantem-els-nicolaus-i-les-llucies\/","title":{"rendered":"Cantem els Nicolaus i les Ll\u00facies"},"content":{"rendered":"<p style=\"text-align: justify;\"><span style=\"font-weight: 400;\">Seguint la tradici\u00f3 que fa anys es recorda a l\u2019escola, els nens i les nenes de Cicle Inicial hem celebrat la festa popular de Sant Nicolau i la de Santa Ll\u00facia.<\/span><\/p>\n<p><a href=\"https:\/\/photos.app.goo.gl\/9QzPPuom6mis3PXq9\"><img loading=\"lazy\" decoding=\"async\" class=\" aligncenter\" src=\"https:\/\/lh3.googleusercontent.com\/Pyj3Au0tCOBwztua9sbMd8oUEU_bKur5G7eg9BQEnvk5K1lueTIp6SMeSGQmNeF1cZjs_ecRPBjOThuaRzddEOQXNo3qyQ2SmgEcrHPOJmpPmPN-M7SR0dqElrhR9tIljSCBMWa8WMPxfk1RSoPjaClBRBOsMpi5p8wS9QZF-OPtIC6CKTreqlL6a1rdSp9qUTNeAwumECvA2MPrO_VNLl35a237teXAeL3mz4vn-46YDie7PLfdpcEPboF0giagV4rOB6RPVwBFgeKfgjBE8XATrNFCZyyLTv21nbjdbe_5O3W0u9f_OnQM2c2ACdRVL9jd-li_u99YNJLZkSCjIljHUv54L-udG1VlZGhISBOYVWjp96Ubg0HIPlvu3o-p3GBOzXBgsASZaktGku8g3NdR_9T2ioTLJlU8FEG_SuGYztkoZtOQJibvfKkzMfx-vtENSAVMnTVBCH0ef2_979ycu4ApgplqHp1SlkasVv62sAUid5p6mzVmly-vMAR1F9UUQ-ccpGOYD17JfnZ8UFHBZqYvktFBDRUrZiwRVCz2K-h8Cml_K8Q3bv6dWzutgxx4Yr84t6sQo5NPdnRmH_k27PU3ustVtbkmI45KuaVpPcoIfHW7GG7cnU4B5S9-8uMMrDI23qtc0MtO_QjD699R0ERSpibYcwI67YP0gSpnhPM3M9er208b6FliYA=w920-h518-no?authuser=0\" width=\"636\" height=\"358\" \/><\/a><\/p>\n<p style=\"text-align: justify;\"><span style=\"font-weight: 400;\">Aquest dia era costum que els nens, per Sant Nicolau, i les nenes, per Santa Ll\u00facia, es trobessin per anar a fer una volta i cantar una can\u00e7\u00f3 a casa els seus avis, tiets, tietes i ve\u00efns. A canvi els donaven alguna coseta que posaven a dins un cistell: una mica de fruita, alguns fruits secs, unes galetes, llaminadures i tamb\u00e9 algun diner. Despr\u00e9s anaven a la muntanya i s\u2019ho repartien.<\/span><\/p>\n<p><!--more--><\/p>\n<p style=\"text-align: justify;\"><span style=\"font-weight: 400;\">En alguns pobles encara se celebra aquesta tradici\u00f3.\u00a0I a la nostra escola!!!<\/span><\/p>\n<p style=\"text-align: justify;\"><span style=\"font-weight: 400;\">Pels volts de Sant Nicolau i, aquesta setmana pels volts de Santa Ll\u00facia, els nens i les nenes de 1r i 2n vam sortir al pati de l\u2019escola, a cantar la can\u00e7\u00f3. En finalitzar, com ja \u00e9s tradici\u00f3, vam menjar una galetona ben bona per acabar d\u2019endolcir la festa.<\/span><\/p>\n<p style=\"text-align: justify;\"><span style=\"font-weight: 400;\">Estem contents, perqu\u00e8 malgrat les modificacions i les restriccions d\u2019enguany ho hem pogut celebrar d\u2019una manera especial i diferent!!!<\/span><\/p>\n","protected":false},"excerpt":{"rendered":"<p>Seguint la tradici\u00f3 que fa anys es recorda a l\u2019escola, els nens i les nenes de Cicle Inicial hem celebrat la festa popular de Sant Nicolau i la de Santa Ll\u00facia. Aquest dia era costum que els nens, per Sant Nicolau, i les nenes, per Santa Ll\u00facia, es trobessin per anar a fer una volta [&hellip;]<\/p>\n","protected":false},"author":1,"featured_media":0,"comment_status":"open","ping_status":"closed","sticky":false,"template":"","format":"standard","meta":{"_bbp_topic_count":0,"_bbp_reply_count":0,"_bbp_total_topic_count":0,"_bbp_total_reply_count":0,"_bbp_voice_count":0,"_bbp_anonymous_reply_count":0,"_bbp_topic_count_hidden":0,"_bbp_reply_count_hidden":0,"_bbp_forum_subforum_count":0,"site-sidebar-layout":"default","site-content-layout":"","ast-site-content-layout":"","site-content-style":"default","site-sidebar-style":"default","ast-global-header-display":"","ast-banner-title-visibility":"","ast-main-header-display":"","ast-hfb-above-header-display":"","ast-hfb-below-header-display":"","ast-hfb-mobile-header-display":"","site-post-title":"","ast-breadcrumbs-content":"","ast-featured-img":"","footer-sml-layout":"","theme-transparent-header-meta":"","adv-header-id-meta":"","stick-header-meta":"","header-above-stick-meta":"","header-main-stick-meta":"","header-below-stick-meta":"","astra-migrate-meta-layouts":"default","ast-page-background-enabled":"default","ast-page-background-meta":{"desktop":{"background-color":"var(--ast-global-color-5)","background-image":"","background-repeat":"repeat","background-position":"center center","background-size":"auto","background-attachment":"scroll","background-type":"","background-media":"","overlay-type":"","overlay-color":"","overlay-opacity":"","overlay-gradient":""},"tablet":{"background-color":"","background-image":"","background-repeat":"repeat","background-position":"center center","background-size":"auto","background-attachment":"scroll","background-type":"","background-media":"","overlay-type":"","overlay-color":"","overlay-opacity":"","overlay-gradient":""},"mobile":{"background-color":"","background-image":"","background-repeat":"repeat","background-position":"center center","background-size":"auto","background-attachment":"scroll","background-type":"","background-media":"","overlay-type":"","overlay-color":"","overlay-opacity":"","overlay-gradient":""}},"ast-content-background-meta":{"desktop":{"background-color":"var(--ast-global-color-4)","background-image":"","background-repeat":"repeat","background-position":"center center","background-size":"auto","background-attachment":"scroll","background-type":"","background-media":"","overlay-type":"","overlay-color":"","overlay-opacity":"","overlay-gradient":""},"tablet":{"background-color":"var(--ast-global-color-4)","background-image":"","background-repeat":"repeat","background-position":"center center","background-size":"auto","background-attachment":"scroll","background-type":"","background-media":"","overlay-type":"","overlay-color":"","overlay-opacity":"","overlay-gradient":""},"mobile":{"background-color":"var(--ast-global-color-4)","background-image":"","background-repeat":"repeat","background-position":"center center","background-size":"auto","background-attachment":"scroll","background-type":"","background-media":"","overlay-type":"","overlay-color":"","overlay-opacity":"","overlay-gradient":""}},"footnotes":""},"categories":[55,64,114,141,142],"tags":[219,200],"class_list":["post-8670","post","type-post","status-publish","format-standard","hentry","category-celebracions","category-inicial","category-nadal","category-p1","category-p2","tag-activitats","tag-nadal"],"post_mailing_queue_ids":[],"_links":{"self":[{"href":"https:\/\/agora.xtec.cat\/escmarquesdelapobla\/wp-json\/wp\/v2\/posts\/8670","targetHints":{"allow":["GET"]}}],"collection":[{"href":"https:\/\/agora.xtec.cat\/escmarquesdelapobla\/wp-json\/wp\/v2\/posts"}],"about":[{"href":"https:\/\/agora.xtec.cat\/escmarquesdelapobla\/wp-json\/wp\/v2\/types\/post"}],"author":[{"embeddable":true,"href":"https:\/\/agora.xtec.cat\/escmarquesdelapobla\/wp-json\/wp\/v2\/users\/1"}],"replies":[{"embeddable":true,"href":"https:\/\/agora.xtec.cat\/escmarquesdelapobla\/wp-json\/wp\/v2\/comments?post=8670"}],"version-history":[{"count":1,"href":"https:\/\/agora.xtec.cat\/escmarquesdelapobla\/wp-json\/wp\/v2\/posts\/8670\/revisions"}],"predecessor-version":[{"id":8671,"href":"https:\/\/agora.xtec.cat\/escmarquesdelapobla\/wp-json\/wp\/v2\/posts\/8670\/revisions\/8671"}],"wp:attachment":[{"href":"https:\/\/agora.xtec.cat\/escmarquesdelapobla\/wp-json\/wp\/v2\/media?parent=8670"}],"wp:term":[{"taxonomy":"category","embeddable":true,"href":"https:\/\/agora.xtec.cat\/escmarquesdelapobla\/wp-json\/wp\/v2\/categories?post=8670"},{"taxonomy":"post_tag","embeddable":true,"href":"https:\/\/agora.xtec.cat\/escmarquesdelapobla\/wp-json\/wp\/v2\/tags?post=8670"}],"curies":[{"name":"wp","href":"https:\/\/api.w.org\/{rel}","templated":true}]}}