{"id":8643,"date":"2020-12-14T14:01:30","date_gmt":"2020-12-14T13:01:30","guid":{"rendered":"http:\/\/agora.xtec.cat\/escmarquesdelapobla\/?p=8643"},"modified":"2020-12-14T14:01:59","modified_gmt":"2020-12-14T13:01:59","slug":"anem-al-teatre-amb-la-xarxa-de-capellades","status":"publish","type":"post","link":"https:\/\/agora.xtec.cat\/escmarquesdelapobla\/inicial\/anem-al-teatre-amb-la-xarxa-de-capellades\/","title":{"rendered":"Anem al teatre amb la Xarxa de Capellades"},"content":{"rendered":"<p style=\"text-align: justify;\"><span style=\"font-weight: 400;\">El dijous passat, els alumnes de 1r, 2n, 3r i 4t de Prim\u00e0ria vam poder gaudir de l\u2019espectacle \u201cEl sol amb la lluna\u201d, de la Companyia Sgratta.<\/span><\/p>\n<p><a href=\"https:\/\/photos.app.goo.gl\/4GGDUyb4AtA8uWvb6\"><img loading=\"lazy\" decoding=\"async\" class=\" aligncenter\" src=\"https:\/\/lh3.googleusercontent.com\/KfsS5QSMzu0HBJsJvWsKbBbcGsSQIeRAw8Y00I1Abqk2TplQq5ZFmSzNUHl46dNsQxl5p0gAJOKjFy28_xfWcHrOThfBkGH_yNXxykzj99qfHtp6nJc88kYj9m9GlFGjhYRWPt0gzqZMbDT3wIoXAts09uMzg346224w1l3cVYRbeequFs-lP3HlkX6zQjBfu2Hr5QLuUsFNxeo-Em3EYnVbyVf6vhCfPFvRbs3m2FxG0laZt_l0cn6CWIwkWC1v4CZJ7ESDilYMMS6XZQ1yknktcyh_wKFj0y1g3P8-lM3lFAEMQxgbfoqqQqoSKw1u7Gt6bLAbNyeLAV-jOmNoGk9Fsp9x2f4fZ5zBiutPC3VPHDECfAUAHOuAx4641DkalLQR9KYrQ4wKc3Z-sQIIv1xkDd5GcZJvZG0rbte6dNa48quH5EhATkyMz2VF5dSx9PBXSETgmVHV4aD3BeRKwhY7S2poakoZbvYzGbNJe0-RSPpZ7o2VLEoYj8FIFOuNFkfCHMzex3Se30UTd0ymV2-vtbWeeL34pxMQ2ySCKNikWIeDLNCBEu73Fix6qVIitpb5sdVTP-bnP76ikSqDkjnMD9A8Elabp7p_E0Z2Xrrqxro2zAaHTgmhzqhP-otWpQo7hBUsHSCfrK7lyhFjBBWxd1TgPNbYNJyZiRSFFe5_fh1WMOV2TLvwHpjnKg=w1216-h914-no?authuser=0\" width=\"644\" height=\"484\" \/><\/a><\/p>\n<p style=\"text-align: justify;\"><span style=\"font-weight: 400;\">Gr\u00e0cies a l\u2019organitzaci\u00f3 de Xarxa Capellades i de l\u2019Ajuntament vam passar una molt bona estona al teatre de la Lliga, escoltant i gaudint dels diversos contes que ens van explicar i representar.\u00a0<\/span><\/p>\n<p style=\"text-align: justify;\"><span style=\"font-weight: 400;\">Un mat\u00ed ben especial i ple de m\u00e0gia. Volem donar les gr\u00e0cies a la Xarxa per aquesta iniciativa tan fant\u00e0stica!!!<\/span><\/p>\n","protected":false},"excerpt":{"rendered":"<p>El dijous passat, els alumnes de 1r, 2n, 3r i 4t de Prim\u00e0ria vam poder gaudir de l\u2019espectacle \u201cEl sol amb la lluna\u201d, de la Companyia Sgratta. Gr\u00e0cies a l\u2019organitzaci\u00f3 de Xarxa Capellades i de l\u2019Ajuntament vam passar una molt bona estona al teatre de la Lliga, escoltant i gaudint dels diversos contes que ens [&hellip;]<\/p>\n","protected":false},"author":1,"featured_media":0,"comment_status":"open","ping_status":"closed","sticky":false,"template":"","format":"standard","meta":{"_bbp_topic_count":0,"_bbp_reply_count":0,"_bbp_total_topic_count":0,"_bbp_total_reply_count":0,"_bbp_voice_count":0,"_bbp_anonymous_reply_count":0,"_bbp_topic_count_hidden":0,"_bbp_reply_count_hidden":0,"_bbp_forum_subforum_count":0,"site-sidebar-layout":"default","site-content-layout":"","ast-site-content-layout":"","site-content-style":"default","site-sidebar-style":"default","ast-global-header-display":"","ast-banner-title-visibility":"","ast-main-header-display":"","ast-hfb-above-header-display":"","ast-hfb-below-header-display":"","ast-hfb-mobile-header-display":"","site-post-title":"","ast-breadcrumbs-content":"","ast-featured-img":"","footer-sml-layout":"","theme-transparent-header-meta":"","adv-header-id-meta":"","stick-header-meta":"","header-above-stick-meta":"","header-main-stick-meta":"","header-below-stick-meta":"","astra-migrate-meta-layouts":"default","ast-page-background-enabled":"default","ast-page-background-meta":{"desktop":{"background-color":"var(--ast-global-color-5)","background-image":"","background-repeat":"repeat","background-position":"center center","background-size":"auto","background-attachment":"scroll","background-type":"","background-media":"","overlay-type":"","overlay-color":"","overlay-opacity":"","overlay-gradient":""},"tablet":{"background-color":"","background-image":"","background-repeat":"repeat","background-position":"center center","background-size":"auto","background-attachment":"scroll","background-type":"","background-media":"","overlay-type":"","overlay-color":"","overlay-opacity":"","overlay-gradient":""},"mobile":{"background-color":"","background-image":"","background-repeat":"repeat","background-position":"center center","background-size":"auto","background-attachment":"scroll","background-type":"","background-media":"","overlay-type":"","overlay-color":"","overlay-opacity":"","overlay-gradient":""}},"ast-content-background-meta":{"desktop":{"background-color":"var(--ast-global-color-4)","background-image":"","background-repeat":"repeat","background-position":"center center","background-size":"auto","background-attachment":"scroll","background-type":"","background-media":"","overlay-type":"","overlay-color":"","overlay-opacity":"","overlay-gradient":""},"tablet":{"background-color":"var(--ast-global-color-4)","background-image":"","background-repeat":"repeat","background-position":"center center","background-size":"auto","background-attachment":"scroll","background-type":"","background-media":"","overlay-type":"","overlay-color":"","overlay-opacity":"","overlay-gradient":""},"mobile":{"background-color":"var(--ast-global-color-4)","background-image":"","background-repeat":"repeat","background-position":"center center","background-size":"auto","background-attachment":"scroll","background-type":"","background-media":"","overlay-type":"","overlay-color":"","overlay-opacity":"","overlay-gradient":""}},"footnotes":""},"categories":[64,65,141,142,140,139],"tags":[210],"class_list":["post-8643","post","type-post","status-publish","format-standard","hentry","category-inicial","category-mitja","category-p1","category-p2","category-p3","category-p4","tag-sortides"],"post_mailing_queue_ids":[],"_links":{"self":[{"href":"https:\/\/agora.xtec.cat\/escmarquesdelapobla\/wp-json\/wp\/v2\/posts\/8643","targetHints":{"allow":["GET"]}}],"collection":[{"href":"https:\/\/agora.xtec.cat\/escmarquesdelapobla\/wp-json\/wp\/v2\/posts"}],"about":[{"href":"https:\/\/agora.xtec.cat\/escmarquesdelapobla\/wp-json\/wp\/v2\/types\/post"}],"author":[{"embeddable":true,"href":"https:\/\/agora.xtec.cat\/escmarquesdelapobla\/wp-json\/wp\/v2\/users\/1"}],"replies":[{"embeddable":true,"href":"https:\/\/agora.xtec.cat\/escmarquesdelapobla\/wp-json\/wp\/v2\/comments?post=8643"}],"version-history":[{"count":1,"href":"https:\/\/agora.xtec.cat\/escmarquesdelapobla\/wp-json\/wp\/v2\/posts\/8643\/revisions"}],"predecessor-version":[{"id":8644,"href":"https:\/\/agora.xtec.cat\/escmarquesdelapobla\/wp-json\/wp\/v2\/posts\/8643\/revisions\/8644"}],"wp:attachment":[{"href":"https:\/\/agora.xtec.cat\/escmarquesdelapobla\/wp-json\/wp\/v2\/media?parent=8643"}],"wp:term":[{"taxonomy":"category","embeddable":true,"href":"https:\/\/agora.xtec.cat\/escmarquesdelapobla\/wp-json\/wp\/v2\/categories?post=8643"},{"taxonomy":"post_tag","embeddable":true,"href":"https:\/\/agora.xtec.cat\/escmarquesdelapobla\/wp-json\/wp\/v2\/tags?post=8643"}],"curies":[{"name":"wp","href":"https:\/\/api.w.org\/{rel}","templated":true}]}}